{"id":1000,"date":"2020-11-04T18:21:35","date_gmt":"2020-11-04T15:21:35","guid":{"rendered":"http:\/\/mersinekonomipolitikagazetesi.com\/?p=1000"},"modified":"2020-11-04T18:21:35","modified_gmt":"2020-11-04T15:21:35","slug":"eshab-i-kehfte-hidirellez-coskusu","status":"publish","type":"post","link":"https:\/\/akdenizolaygazetesi.com\/?p=1000","title":{"rendered":"Eshab-\u0131 Kehf\u2019te H\u0131d\u0131rellez co\u015fkusu"},"content":{"rendered":"<p>Mersin\u2019in Tarsus il\u00e7esinde belediye taraf\u0131ndan d\u00fczenlenen ve Mersin B\u00fcy\u00fck\u015fehir Belediyesi taraf\u0131ndan desteklenen Eshab-\u0131 Kehf H\u0131d\u0131rellez Etkinlikleri Eshab-\u0131 Kehf\u2019te co\u015fkuyla kutland\u0131.<\/p>\n<p>Bu y\u0131l 23\u2019\u00fcnc\u00fcs\u00fc d\u00fczenlenen Eshab-\u0131 Kehf\u2019te H\u0131d\u0131rellez etkinlikleri, Eshab-\u0131 Kehf ma\u011faras\u0131n\u0131n bulundu\u011fu tepenin eteklerinde Akdeniz Mehter Tak\u0131m\u0131\u2019n\u0131n konseriyle ba\u015flad\u0131.<br \/>\nTarsus Belediye Ba\u015fkan\u0131 \u015eevket Can, etkinlikte yapt\u0131\u011f\u0131 konu\u015fmada, H\u0131d\u0131rellez\u2019in T\u00fcrk d\u00fcnyas\u0131nda kutlanan ilk yaz bayram\u0131 oldu\u011funu belirtti.<br \/>\n23 y\u0131l \u00f6nce ba\u015flat\u0131lan etkinli\u011fi devam ettirdiklerini ifade eden Ba\u015fkan Can, \u201cB\u00fcy\u00fck\u015fehir Belediye Ba\u015fkan\u0131m\u0131z Burhanettin Kocamaz\u2019\u0131n ba\u015flatt\u0131\u011f\u0131 ve geleneksel hale getirdi\u011fi T\u00fcrk d\u00fcnyas\u0131nda \u00e7ok b\u00fcy\u00fck bir yeri olan H\u0131d\u0131rellez Bayram\u0131n\u0131 bu kutsal mekanda kutlaman\u0131n sevincini ve mutlulu\u011funu hep birlikte ya\u015f\u0131yoruz. H\u0131d\u0131rellez T\u00fcrk d\u00fcnyas\u0131nda kutlanan ilk yaz bayramlar\u0131ndan biridir. Kayna\u011f\u0131 \u00e7ok eskilere dayan\u0131r. Bu bayrama Anadolu ve Anadolu d\u0131\u015f\u0131nda T\u00fcrk halk\u0131 b\u00fcy\u00fck ilgi g\u00f6sterir. Bir \u00e7ok gelenek ve g\u00f6renek bu vesile ile ya\u015fat\u0131l\u0131r. H\u0131d\u0131rellez T\u00fcrk toplumunu canland\u0131ran birlik ve beraberli\u011fi peki\u015ftiren bir olgudur. \u0130\u015fte bu birlik ve beraberli\u011fimizin peki\u015fmesine vesile olmas\u0131 i\u00e7in 23 y\u0131ld\u0131r bu mekanda toplan\u0131yoruz. H\u0131d\u0131rellez H\u0131z\u0131r ve \u0130lyas Peygamberin bulu\u015ftu\u011fu, bereketin ve bollu\u011fun topraktan f\u0131\u015fk\u0131rd\u0131\u011f\u0131, insanlar\u0131n y\u00fcre\u011fine sevgi doldu\u011fu, k\u00fcslerin bar\u0131\u015ft\u0131\u011f\u0131, insanlar\u0131n do\u011fa ile i\u00e7 i\u00e7e oldu\u011fu \u00e7ok \u00f6nemli bir g\u00fcnd\u00fcr\u201d diye konu\u015ftu.<br \/>\nTarsus Kaymakam\u0131 Y\u00fcksel \u00dcnal ise bug\u00fcn H\u0131d\u0131rellez&#8217;i kutlaman\u0131n co\u015fkusu i\u00e7inde olduklar\u0131n\u0131 ifade ederek,\u201cBuraya gelen herkesin dileklerinin yerine gelmesi dile\u011fiyle hepinizi en kalbi duygular\u0131mla selaml\u0131yorum\u201d dedi.<br \/>\nMersin Milletvekili Baki \u015eim\u015fek ise yapt\u0131\u011f\u0131 konu\u015fmada, \u201cEshab-\u0131 Kehf\u2019e y\u0131llard\u0131r yat\u0131r\u0131m yapan buray\u0131 g\u00fczelle\u015ftirmek ad\u0131na her y\u0131l yeni bir \u015fey katan belediye ba\u015fkanlar\u0131m\u0131za te\u015fekk\u00fcr ediyorum. \u00c7ocukluk y\u0131llar\u0131m\u0131zda Eshab-\u0131 Kehf\u2019e geldi\u011fimiz zaman bir adak kesmek i\u00e7in, bir kurban kesmek i\u00e7in kesim yapmak i\u00e7in bir mekan bile yoktu. Herkes buralara gelir dualar\u0131n\u0131 yapar ama oturacak bir tane do\u011fru d\u00fczg\u00fcn bank yoktu ama her y\u0131l Eshab-\u0131 Kehf\u2019in \u00e7ehresi de\u011fi\u015fiyor. \u0130n\u015fallah gerekli izinler verildi\u011fi takdirde \u00f6n\u00fcm\u00fczdeki y\u0131llarda buraya yeni b\u00fcy\u00fck bir cami yap\u0131lmas\u0131n\u0131 ve \u00e7evre d\u00fczenlemelerinin daha da artt\u0131r\u0131lmas\u0131n\u0131 bekliyorum. Ben bu hizmetlerin sizlerin duas\u0131 ve deste\u011fi devam etti\u011fi s\u00fcre i\u00e7erisinde artarak devam edece\u011fine inan\u0131yorum. Tabi H\u0131d\u0131rellez bu sene bahar\u0131 ve k\u0131\u015f\u0131 \u00c7ukurova doyas\u0131ya ya\u015fad\u0131 ve Nevruz\u2019dan sonra H\u0131d\u0131rellez\u2019i de kutluyoruz. Ben bu de\u011ferlerimizin tamam\u0131na sahip \u00e7\u0131kan ve bunlar\u0131 ya\u015fatmak i\u00e7in m\u00fccadele eden herkese te\u015fekk\u00fcr ediyorum\u201d \u015feklinde konu\u015ftu.<br \/>\n23 y\u0131l \u00f6nce ba\u015flatt\u0131klar\u0131 Eshab-\u0131 Kehf\u2019te H\u0131d\u0131rellez etkinliklerin co\u015fkuyla kutlanmas\u0131ndan gurur duydu\u011funu belirten Mersin B\u00fcy\u00fck\u015fehir Belediye Ba\u015fkan\u0131 Burhanettin Kocamaz da, T\u00fcrk d\u00fcnyas\u0131n\u0131n bir\u00e7ok b\u00f6lgesinde de\u011fi\u015fik adlarla bu etkinliklerin hala s\u00fcrd\u00fcr\u00fcld\u00fc\u011f\u00fcn\u00fc s\u00f6yledi. Kocamaz, \u201cBug\u00fcn burada bir kez daha sizlerle beraber olmaktan buradaki manevi havay\u0131 solumaktan ve milli bir de\u011ferimize sahip \u00e7\u0131kmaktan \u00e7ok b\u00fcy\u00fck onur duydu\u011fumu belirtiyorum. 23 y\u0131ld\u0131r sizlerin destekleri ile g\u00f6reve geldi\u011fimizde ba\u015flatt\u0131\u011f\u0131m\u0131z ve art\u0131k kesintisiz bir \u015fekilde geleneksel hale gelmi\u015f H\u0131d\u0131rellez etkinli\u011fimizin \u015fimdi de \u015eevket Can Ba\u015fkan\u0131m\u0131z taraf\u0131ndan s\u00fcrd\u00fcr\u00fcl\u00fcyor olmas\u0131 bizim i\u00e7in ayr\u0131ca gurur verici bir olayd\u0131r. Ben ba\u015fta \u015eevket Can karde\u015fimiz olmak \u00fczere Tarsus Belediyemizin birlikte hizmet verdi\u011fimiz b\u00fct\u00fcn de\u011ferli arkada\u015flar\u0131m\u0131za huzurlar\u0131n\u0131zda te\u015fekk\u00fcr ediyorum. Allah onlardan raz\u0131 olsun diyorum. H\u0131d\u0131rellez bayram\u0131n\u0131z\u0131 tebrik ediyorum, \u00fclkemiz i\u00e7in birlik ve beraberli\u011fe, bar\u0131\u015f ve karde\u015fli\u011fe vesile olmas\u0131n\u0131 Cenab-\u0131 Allah\u2019tan niyaz ediyorum\u201d ifadesini kulland\u0131.<br \/>\nKonu\u015fmalar\u0131n ard\u0131ndan kente \u00f6zg\u00fc i\u00e7ecek ve yiyeceklerden olan \u015falgam, humus, baklava ve cezerye yar\u0131\u015fmas\u0131nda dereceye girenlere \u00f6d\u00fclleri protokol \u00fcyeleri taraf\u0131ndan verildi.<br \/>\nT\u00fcrkiye\u2019nin \u00fcnl\u00fc mevlithanlar\u0131ndan \u0130smail Co\u015far ile ekibi mevlit ve Kuran-\u0131 Kerim okudu.<br \/>\nK\u0131l\u0131nan \u00f6\u011flen namaz\u0131n\u0131n ard\u0131ndan 3 ayr\u0131 noktada kavurma, pilav, tatl\u0131 ve yo\u011furt da\u011f\u0131t\u0131m\u0131 yap\u0131ld\u0131.<\/p>\n","protected":false},"excerpt":{"rendered":"<p>Mersin\u2019in Tarsus il\u00e7esinde belediye taraf\u0131ndan d\u00fczenlenen ve Mersin B\u00fcy\u00fck\u015fehir Belediyesi taraf\u0131ndan desteklenen Eshab-\u0131 Kehf H\u0131d\u0131rellez Etkinlikleri Eshab-\u0131 Kehf\u2019te co\u015fkuyla kutland\u0131. Bu y\u0131l 23\u2019\u00fcnc\u00fcs\u00fc d\u00fczenlenen Eshab-\u0131 Kehf\u2019te H\u0131d\u0131rellez etkinlikleri, Eshab-\u0131 Kehf &hellip; <a href=\"https:\/\/akdenizolaygazetesi.com\/?p=1000\" class=\"more-link\">Devam\u0131n\u0131 Oku&#8230;<\/a><\/p>\n","protected":false},"author":1,"featured_media":0,"comment_status":"open","ping_status":"open","sticky":false,"template":"","format":"standard","meta":[],"categories":[],"tags":[],"_links":{"self":[{"href":"https:\/\/akdenizolaygazetesi.com\/index.php?rest_route=\/wp\/v2\/posts\/1000"}],"collection":[{"href":"https:\/\/akdenizolaygazetesi.com\/index.php?rest_route=\/wp\/v2\/posts"}],"about":[{"href":"https:\/\/akdenizolaygazetesi.com\/index.php?rest_route=\/wp\/v2\/types\/post"}],"author":[{"embeddable":true,"href":"https:\/\/akdenizolaygazetesi.com\/index.php?rest_route=\/wp\/v2\/users\/1"}],"replies":[{"embeddable":true,"href":"https:\/\/akdenizolaygazetesi.com\/index.php?rest_route=%2Fwp%2Fv2%2Fcomments&post=1000"}],"version-history":[{"count":0,"href":"https:\/\/akdenizolaygazetesi.com\/index.php?rest_route=\/wp\/v2\/posts\/1000\/revisions"}],"wp:attachment":[{"href":"https:\/\/akdenizolaygazetesi.com\/index.php?rest_route=%2Fwp%2Fv2%2Fmedia&parent=1000"}],"wp:term":[{"taxonomy":"category","embeddable":true,"href":"https:\/\/akdenizolaygazetesi.com\/index.php?rest_route=%2Fwp%2Fv2%2Fcategories&post=1000"},{"taxonomy":"post_tag","embeddable":true,"href":"https:\/\/akdenizolaygazetesi.com\/index.php?rest_route=%2Fwp%2Fv2%2Ftags&post=1000"}],"curies":[{"name":"wp","href":"https:\/\/api.w.org\/{rel}","templated":true}]}}