{"id":1001,"date":"2020-11-04T18:21:35","date_gmt":"2020-11-04T15:21:35","guid":{"rendered":"http:\/\/mersinekonomipolitikagazetesi.com\/?p=1001"},"modified":"2020-11-04T18:21:35","modified_gmt":"2020-11-04T15:21:35","slug":"mersin-giad-uye-sayisini-arttiriyor","status":"publish","type":"post","link":"https:\/\/akdenizolaygazetesi.com\/?p=1001","title":{"rendered":"Mersin G\u0130AD \u00fcye say\u0131s\u0131n\u0131 artt\u0131r\u0131yor"},"content":{"rendered":"<p>Mersin Giri\u015fimci \u0130\u015fadamlar\u0131 Derne\u011fi&#8217;nin (G\u0130AD) 14. kurulu\u015f y\u0131ld\u00f6n\u00fcm\u00fcnde yeni \u00fcyelere plaket verildi.<\/p>\n<p>Mersin G\u0130AD, 14. kurulu\u015f y\u0131ld\u00f6n\u00fcm\u00fcn\u00fc Sulta\u015fa Otel&#8217;deki baloyla kutlad\u0131. \u00dcye say\u0131s\u0131n\u0131 her ge\u00e7en g\u00fcn artt\u0131ran derne\u011fin yeni \u00fcyelerine plaket verildi. Mer\u00e7a\u011f Lojistik Y\u00f6netim Kurulu Ba\u015fkan\u0131 Y\u00fccel \u00c7a\u011fda\u015f Turan&#8217;da plaketini, Dernek Ba\u015fkan\u0131 Mehmet Serkan \u0130zol&#8217;dan ald\u0131.<br \/>\nMersin G\u0130AD&#8217;\u0131n, b\u00f6lgesinde ba\u015far\u0131l\u0131 i\u015fadamlar\u0131n\u0131 bir araya getiren \u00f6nemli bir sivil toplum kurulu\u015fu oldu\u011funu s\u00f6yleyen Turan, Mersin ekonomisine y\u00f6n veren b\u00f6ylesine b\u00fcy\u00fck bir ailenin \u00fcyesi olmaktan b\u00fcy\u00fck mutluluk duydu\u011funu ifade etti.<\/p>\n","protected":false},"excerpt":{"rendered":"<p>Mersin Giri\u015fimci \u0130\u015fadamlar\u0131 Derne\u011fi&#8217;nin (G\u0130AD) 14. kurulu\u015f y\u0131ld\u00f6n\u00fcm\u00fcnde yeni \u00fcyelere plaket verildi. Mersin G\u0130AD, 14. kurulu\u015f y\u0131ld\u00f6n\u00fcm\u00fcn\u00fc Sulta\u015fa Otel&#8217;deki baloyla kutlad\u0131. \u00dcye say\u0131s\u0131n\u0131 her ge\u00e7en g\u00fcn artt\u0131ran derne\u011fin yeni \u00fcyelerine &hellip; <a href=\"https:\/\/akdenizolaygazetesi.com\/?p=1001\" class=\"more-link\">Devam\u0131n\u0131 Oku&#8230;<\/a><\/p>\n","protected":false},"author":1,"featured_media":0,"comment_status":"open","ping_status":"open","sticky":false,"template":"","format":"standard","meta":[],"categories":[],"tags":[],"_links":{"self":[{"href":"https:\/\/akdenizolaygazetesi.com\/index.php?rest_route=\/wp\/v2\/posts\/1001"}],"collection":[{"href":"https:\/\/akdenizolaygazetesi.com\/index.php?rest_route=\/wp\/v2\/posts"}],"about":[{"href":"https:\/\/akdenizolaygazetesi.com\/index.php?rest_route=\/wp\/v2\/types\/post"}],"author":[{"embeddable":true,"href":"https:\/\/akdenizolaygazetesi.com\/index.php?rest_route=\/wp\/v2\/users\/1"}],"replies":[{"embeddable":true,"href":"https:\/\/akdenizolaygazetesi.com\/index.php?rest_route=%2Fwp%2Fv2%2Fcomments&post=1001"}],"version-history":[{"count":0,"href":"https:\/\/akdenizolaygazetesi.com\/index.php?rest_route=\/wp\/v2\/posts\/1001\/revisions"}],"wp:attachment":[{"href":"https:\/\/akdenizolaygazetesi.com\/index.php?rest_route=%2Fwp%2Fv2%2Fmedia&parent=1001"}],"wp:term":[{"taxonomy":"category","embeddable":true,"href":"https:\/\/akdenizolaygazetesi.com\/index.php?rest_route=%2Fwp%2Fv2%2Fcategories&post=1001"},{"taxonomy":"post_tag","embeddable":true,"href":"https:\/\/akdenizolaygazetesi.com\/index.php?rest_route=%2Fwp%2Fv2%2Ftags&post=1001"}],"curies":[{"name":"wp","href":"https:\/\/api.w.org\/{rel}","templated":true}]}}