{"id":1002,"date":"2020-11-04T18:21:35","date_gmt":"2020-11-04T15:21:35","guid":{"rendered":"http:\/\/mersinekonomipolitikagazetesi.com\/?p=1002"},"modified":"2020-11-04T18:21:35","modified_gmt":"2020-11-04T15:21:35","slug":"mersinde-musa-eroglu-konseri","status":"publish","type":"post","link":"https:\/\/akdenizolaygazetesi.com\/?p=1002","title":{"rendered":"Mersin&#8217;de Musa Ero\u011flu Konseri"},"content":{"rendered":"<p>16. Mersin Uluslararas\u0131 M\u00fczik Festivali kapsam\u0131nda sahne alan usta sanat\u00e7\u0131 Musa Ero\u011flu, sevenlerine unutulmaz bir gece ya\u015fatt\u0131<\/p>\n<p>16. Mersin Uluslararas\u0131 M\u00fczik Festivali kapsam\u0131nda sahne alan usta sanat\u00e7\u0131 Musa Ero\u011flu, sevenlerine unutulmaz bir gece ya\u015fatt\u0131.<br \/>\nMersin\u2019in yeti\u015ftirdi\u011fi nadide seslerden Musa Ero\u011flu, Toroslar Belediyesi taraf\u0131ndan Okan Merzeci Mahallesi\u2019nde in\u015fa edilen Amfi Tiyatroda sevenleriyle bir araya geldi. 16. Mersin Uluslararas\u0131 M\u00fczik Festivali kapsam\u0131nda d\u00fczenlenen konserde hayranlar\u0131yla bulu\u015fan \u00fcnl\u00fc sanat\u00e7\u0131, seslendirdi\u011fi bir birinden g\u00fczel par\u00e7alarla unutulmaz bir gece ya\u015fatt\u0131.<br \/>\nProgram sonunda sanat\u00e7\u0131ya plaket ve \u00e7i\u00e7ek takdim eden Toroslar Belediye Ba\u015fkan\u0131 Hamit Tuna, m\u00fczik festivalinin kent i\u00e7in \u00f6nemine de\u011findi. Musa Ero\u011flu gibi usta bir sesi a\u011f\u0131rlamaktan mutluluk duyduklar\u0131n\u0131 kaydeden Tuna, yapt\u0131klar\u0131 yat\u0131r\u0131mlar ve d\u00fczenledikleri etkinliklerle Toroslar\u2019\u0131n sanatla b\u00fct\u00fcnle\u015fen bir il\u00e7e konumuna geldi\u011fini vurgulad\u0131.<br \/>\nTuna, belediye olarak festivale katk\u0131 sunmaktan onur duyduklar\u0131n\u0131 da s\u00f6zlerine ekledi.<\/p>\n","protected":false},"excerpt":{"rendered":"<p>16. Mersin Uluslararas\u0131 M\u00fczik Festivali kapsam\u0131nda sahne alan usta sanat\u00e7\u0131 Musa Ero\u011flu, sevenlerine unutulmaz bir gece ya\u015fatt\u0131 16. Mersin Uluslararas\u0131 M\u00fczik Festivali kapsam\u0131nda sahne alan usta sanat\u00e7\u0131 Musa Ero\u011flu, sevenlerine &hellip; <a href=\"https:\/\/akdenizolaygazetesi.com\/?p=1002\" class=\"more-link\">Devam\u0131n\u0131 Oku&#8230;<\/a><\/p>\n","protected":false},"author":1,"featured_media":0,"comment_status":"open","ping_status":"open","sticky":false,"template":"","format":"standard","meta":[],"categories":[],"tags":[],"_links":{"self":[{"href":"https:\/\/akdenizolaygazetesi.com\/index.php?rest_route=\/wp\/v2\/posts\/1002"}],"collection":[{"href":"https:\/\/akdenizolaygazetesi.com\/index.php?rest_route=\/wp\/v2\/posts"}],"about":[{"href":"https:\/\/akdenizolaygazetesi.com\/index.php?rest_route=\/wp\/v2\/types\/post"}],"author":[{"embeddable":true,"href":"https:\/\/akdenizolaygazetesi.com\/index.php?rest_route=\/wp\/v2\/users\/1"}],"replies":[{"embeddable":true,"href":"https:\/\/akdenizolaygazetesi.com\/index.php?rest_route=%2Fwp%2Fv2%2Fcomments&post=1002"}],"version-history":[{"count":0,"href":"https:\/\/akdenizolaygazetesi.com\/index.php?rest_route=\/wp\/v2\/posts\/1002\/revisions"}],"wp:attachment":[{"href":"https:\/\/akdenizolaygazetesi.com\/index.php?rest_route=%2Fwp%2Fv2%2Fmedia&parent=1002"}],"wp:term":[{"taxonomy":"category","embeddable":true,"href":"https:\/\/akdenizolaygazetesi.com\/index.php?rest_route=%2Fwp%2Fv2%2Fcategories&post=1002"},{"taxonomy":"post_tag","embeddable":true,"href":"https:\/\/akdenizolaygazetesi.com\/index.php?rest_route=%2Fwp%2Fv2%2Ftags&post=1002"}],"curies":[{"name":"wp","href":"https:\/\/api.w.org\/{rel}","templated":true}]}}