{"id":1006,"date":"2020-11-04T18:21:36","date_gmt":"2020-11-04T15:21:36","guid":{"rendered":"http:\/\/mersinekonomipolitikagazetesi.com\/?p=1006"},"modified":"2020-11-04T18:21:36","modified_gmt":"2020-11-04T15:21:36","slug":"dragon-festivali-basladi","status":"publish","type":"post","link":"https:\/\/akdenizolaygazetesi.com\/?p=1006","title":{"rendered":"Dragon Festivali ba\u015flad\u0131"},"content":{"rendered":"<p>Mersin B\u00fcy\u00fck\u015fehir Belediyesi\u2019nin katk\u0131lar\u0131yla Mersin\u2019de bu y\u0131l 6\u2019nc\u0131 kez d\u00fczenlenen 2017 Mersin Dragon Festivali ba\u015flad\u0131.<\/p>\n<p>T\u00fcrkiye genelinde bir\u00e7ok \u015fehirde d\u00fczenlenen ve iki g\u00fcn s\u00fcrecek olan Dragon Festivali\u2019nin Mersin aya\u011f\u0131, Kongre ve Sergi Saray\u0131 \u00f6n\u00fcndeki sahilde ger\u00e7ekle\u015ftiriliyor. Festivalin ilk g\u00fcn\u00fcnde 34 kano k\u00fcrek tak\u0131m\u0131 yar\u0131\u015ft\u0131.<br \/>\nMersin B\u00fcy\u00fck\u015fehir Belediyesi ve MESK\u0130 tak\u0131mlar\u0131n\u0131n da k\u00fcrek \u00e7ekti\u011fi festival, a\u00e7\u0131l\u0131\u015f konu\u015fmas\u0131 ile ba\u015flad\u0131. Kaptan Seremonisi ile devam eden festivalde, yar\u0131\u015ftan \u00f6nce tek tek sahneye davet edilen tak\u0131m kaptanlar\u0131, yar\u0131\u015f \u00f6ncesi tak\u0131mlar\u0131n\u0131 motive ederken, Mersin B\u00fcy\u00fck\u015fehir Belediyesi Bando Tak\u0131m\u0131 verdi\u011fi mini konserle festival alan\u0131ndaki yar\u0131\u015fmac\u0131lar\u0131 ve seyircileri co\u015fturdu.<br \/>\nHer ge\u00e7en y\u0131l kendini geli\u015ftirerek yar\u0131\u015fmalara kat\u0131lan Mersin B\u00fcy\u00fck\u015fehir Belediyesi, bu y\u0131l \u00fc\u00e7\u00fcnc\u00fc kez m\u00fcsabakalarda yerini ald\u0131. Mersin Yelken Kul\u00fcb\u00fc, Tarsus Organize Sanayi B\u00f6lgesi, Mersin Ticaret ve Sanayi Odas\u0131 gibi yar\u0131\u015flara Mersin\u2019den kat\u0131lan tak\u0131mlar\u0131n yan\u0131 s\u0131ra T\u00fcrkiye\u2019nin bir\u00e7ok \u015fehrinden gelen tak\u0131mlar da m\u00fcsabakalarda m\u00fccadele etti. 16 ki\u015filik gruplardan olu\u015fan 34 tak\u0131m\u0131n yar\u0131\u015ft\u0131\u011f\u0131 festivalde, k\u0131yas\u0131ya s\u00fcren m\u00fccadelelerin yan\u0131 s\u0131ra ger\u00e7ekle\u015ftirilen kost\u00fcm yar\u0131\u015fmas\u0131, konserler, DJ performanslar\u0131 da etkinli\u011fe renk katt\u0131.<br \/>\nDragon Festivali, yar\u0131n ger\u00e7ekle\u015fecek m\u00fcsabakalarla sona erecek.<\/p>\n","protected":false},"excerpt":{"rendered":"<p>Mersin B\u00fcy\u00fck\u015fehir Belediyesi\u2019nin katk\u0131lar\u0131yla Mersin\u2019de bu y\u0131l 6\u2019nc\u0131 kez d\u00fczenlenen 2017 Mersin Dragon Festivali ba\u015flad\u0131. T\u00fcrkiye genelinde bir\u00e7ok \u015fehirde d\u00fczenlenen ve iki g\u00fcn s\u00fcrecek olan Dragon Festivali\u2019nin Mersin aya\u011f\u0131, Kongre &hellip; <a href=\"https:\/\/akdenizolaygazetesi.com\/?p=1006\" class=\"more-link\">Devam\u0131n\u0131 Oku&#8230;<\/a><\/p>\n","protected":false},"author":1,"featured_media":0,"comment_status":"open","ping_status":"open","sticky":false,"template":"","format":"standard","meta":[],"categories":[],"tags":[],"_links":{"self":[{"href":"https:\/\/akdenizolaygazetesi.com\/index.php?rest_route=\/wp\/v2\/posts\/1006"}],"collection":[{"href":"https:\/\/akdenizolaygazetesi.com\/index.php?rest_route=\/wp\/v2\/posts"}],"about":[{"href":"https:\/\/akdenizolaygazetesi.com\/index.php?rest_route=\/wp\/v2\/types\/post"}],"author":[{"embeddable":true,"href":"https:\/\/akdenizolaygazetesi.com\/index.php?rest_route=\/wp\/v2\/users\/1"}],"replies":[{"embeddable":true,"href":"https:\/\/akdenizolaygazetesi.com\/index.php?rest_route=%2Fwp%2Fv2%2Fcomments&post=1006"}],"version-history":[{"count":0,"href":"https:\/\/akdenizolaygazetesi.com\/index.php?rest_route=\/wp\/v2\/posts\/1006\/revisions"}],"wp:attachment":[{"href":"https:\/\/akdenizolaygazetesi.com\/index.php?rest_route=%2Fwp%2Fv2%2Fmedia&parent=1006"}],"wp:term":[{"taxonomy":"category","embeddable":true,"href":"https:\/\/akdenizolaygazetesi.com\/index.php?rest_route=%2Fwp%2Fv2%2Fcategories&post=1006"},{"taxonomy":"post_tag","embeddable":true,"href":"https:\/\/akdenizolaygazetesi.com\/index.php?rest_route=%2Fwp%2Fv2%2Ftags&post=1006"}],"curies":[{"name":"wp","href":"https:\/\/api.w.org\/{rel}","templated":true}]}}