{"id":1008,"date":"2020-11-04T18:21:36","date_gmt":"2020-11-04T15:21:36","guid":{"rendered":"http:\/\/mersinekonomipolitikagazetesi.com\/?p=1008"},"modified":"2020-11-04T18:21:36","modified_gmt":"2020-11-04T15:21:36","slug":"nektarin-kizardikca-ureticisi-guldu","status":"publish","type":"post","link":"https:\/\/akdenizolaygazetesi.com\/?p=1008","title":{"rendered":"Nektarin k\u0131zard\u0131k\u00e7a \u00fcreticisi g\u00fcld\u00fc"},"content":{"rendered":"<p>\u00c7ukurova&#8217;da son y\u0131llarda sebze \u00fcretiminden umdu\u011funu bulamayan \u00e7ift\u00e7iler \u00f6rt\u00fcalt\u0131 turfanda meyvecili\u011fe y\u00f6nelirken, nektarin en \u00e7ok tercih edilen \u00fcr\u00fcnler i\u00e7inde yer al\u0131yor.<\/p>\n<p>\u00d6zellikle Mersin ve Adana y\u00f6resinde gittik\u00e7e artan \u00fcretimiyle nektarin i\u00e7 piyasa ve yak\u0131n pazar Kuzey Irak&#8217;ta aranan \u00fcr\u00fcnler i\u00e7inde kendine yer buldu.<br \/>\nMersin&#8217;in Erdemli il\u00e7esinde kilosu 5 liray\u0131 bulan \u00f6rt\u00fc alt\u0131 nektarinin \u00fcreticisinin y\u00fcz\u00fcn\u00fc g\u00fcld\u00fcrd\u00fc. \u0130l\u00e7enin \u00f6rt\u00fc alt\u0131 \u00fcretim merkezlerinden \u00dc\u00e7tepe b\u00f6lgesinde sebzeden umdu\u011funu bulamayan \u00e7ift\u00e7iler daha az i\u015f\u00e7ilik ve daha iyi bir kazan\u00e7 sa\u011flayan \u00f6rt\u00fcalt\u0131 turfanda nektarine y\u00f6neldi.<br \/>\n5 y\u0131l \u00f6nce 2 d\u00f6n\u00fcml\u00fck sebze seras\u0131n\u0131 turfanda meyvecilik i\u00e7in yeniden haz\u0131rlad\u0131\u011f\u0131n\u0131 belirten \u00fcretici \u0130shak Kuyug\u00f6z, &#8220;Buradan \u015fuan 5-6 ton mahs\u00fcl bekliyoruz. Kilosunu 5 liradan satmaktay\u0131z. \u0130n\u015fallah fiyatlarda b\u00f6yle gider, faydalan\u0131r\u0131z. 5 y\u0131l \u00f6nce alternatif olarak bu meyvemizi diktik&#8221; dedi.<br \/>\nNektarinin bir y\u0131l i\u00e7inde \u00fcr\u00fcn vermeye ba\u015flad\u0131\u011f\u0131n\u0131 anlatan Kuyug\u00f6z, &#8220;1 y\u0131l i\u00e7inde \u00fcr\u00fcn verdi ve ekonomiye katk\u0131 sa\u011flad\u0131. 12 ayda 40 g\u00fcnl\u00fck bir i\u015f\u00e7ili\u011fi oluyor. 12 ayda 40 g\u00fcn. \u0130\u015fg\u00fcc\u00fc az. Yetkililer girdi masraflar\u0131n\u0131 da biraz a\u015fa\u011f\u0131ya \u00e7ekerlerse biraz daha iyi olacak&#8221; diye konu\u015ftu.<br \/>\n\u0130hracat\u0131n fiyat\u0131 da etkiledi\u011fini ifade eden Kuyug\u00f6z, &#8220;Bu mahs\u00fclden Mersin Adana b\u00f6lgesinde epey var. \u0130hracat\u0131 da artarsa y\u00fcz\u00fcm\u00fcz biraz daha g\u00fclecek&#8221; \u015feklinde konu\u015ftu.<br \/>\nErdemli Ziraat Odas\u0131 Ba\u015fkan\u0131 Rasim \u015eahin, sebze \u00fcretiminden umdu\u011funu bulamayan \u00e7ift\u00e7ilerin \u00f6rt\u00fc alt\u0131 arternatif olarak meyvecili\u011fe y\u00f6neldi\u011fini belirtti.<br \/>\nY\u00f6rede \u00f6rt\u00fc alt\u0131 nektarinin hasad\u0131n\u0131n s\u00fcrd\u00fc\u011f\u00fcn\u00fc ifade eden \u015eahin, &#8220;Erdemli halinde nektarin 5 liraya gitmektedir. \u00dcreticilerimiz bunlar\u0131 \u00f6rt\u00fc alt\u0131nda yeti\u015ftirmektedir. A\u00e7\u0131k alanda daha hen\u00fcz hasat ba\u015flamad\u0131. \u00dcreticilerimiz bu fiyatlardan memnun. \u0130n\u015fallah fiyatlar d\u00fc\u015fmez ve b\u00f6yle devam eder diyoruz, \u00e7ift\u00e7ilerimizin y\u00fcz\u00fc g\u00fcler&#8221;diye konu\u015ftu.<\/p>\n","protected":false},"excerpt":{"rendered":"<p>\u00c7ukurova&#8217;da son y\u0131llarda sebze \u00fcretiminden umdu\u011funu bulamayan \u00e7ift\u00e7iler \u00f6rt\u00fcalt\u0131 turfanda meyvecili\u011fe y\u00f6nelirken, nektarin en \u00e7ok tercih edilen \u00fcr\u00fcnler i\u00e7inde yer al\u0131yor. \u00d6zellikle Mersin ve Adana y\u00f6resinde gittik\u00e7e artan \u00fcretimiyle nektarin &hellip; <a href=\"https:\/\/akdenizolaygazetesi.com\/?p=1008\" class=\"more-link\">Devam\u0131n\u0131 Oku&#8230;<\/a><\/p>\n","protected":false},"author":1,"featured_media":0,"comment_status":"open","ping_status":"open","sticky":false,"template":"","format":"standard","meta":[],"categories":[],"tags":[],"_links":{"self":[{"href":"https:\/\/akdenizolaygazetesi.com\/index.php?rest_route=\/wp\/v2\/posts\/1008"}],"collection":[{"href":"https:\/\/akdenizolaygazetesi.com\/index.php?rest_route=\/wp\/v2\/posts"}],"about":[{"href":"https:\/\/akdenizolaygazetesi.com\/index.php?rest_route=\/wp\/v2\/types\/post"}],"author":[{"embeddable":true,"href":"https:\/\/akdenizolaygazetesi.com\/index.php?rest_route=\/wp\/v2\/users\/1"}],"replies":[{"embeddable":true,"href":"https:\/\/akdenizolaygazetesi.com\/index.php?rest_route=%2Fwp%2Fv2%2Fcomments&post=1008"}],"version-history":[{"count":0,"href":"https:\/\/akdenizolaygazetesi.com\/index.php?rest_route=\/wp\/v2\/posts\/1008\/revisions"}],"wp:attachment":[{"href":"https:\/\/akdenizolaygazetesi.com\/index.php?rest_route=%2Fwp%2Fv2%2Fmedia&parent=1008"}],"wp:term":[{"taxonomy":"category","embeddable":true,"href":"https:\/\/akdenizolaygazetesi.com\/index.php?rest_route=%2Fwp%2Fv2%2Fcategories&post=1008"},{"taxonomy":"post_tag","embeddable":true,"href":"https:\/\/akdenizolaygazetesi.com\/index.php?rest_route=%2Fwp%2Fv2%2Ftags&post=1008"}],"curies":[{"name":"wp","href":"https:\/\/api.w.org\/{rel}","templated":true}]}}