{"id":1014,"date":"2020-11-04T18:21:36","date_gmt":"2020-11-04T15:21:36","guid":{"rendered":"http:\/\/mersinekonomipolitikagazetesi.com\/?p=1014"},"modified":"2020-11-04T18:21:36","modified_gmt":"2020-11-04T15:21:36","slug":"mobilyacilar-kdv-indiriminin-uzatilmasini-istiyor-2","status":"publish","type":"post","link":"https:\/\/akdenizolaygazetesi.com\/?p=1014","title":{"rendered":"Mobilyac\u0131lar, KDV indiriminin uzat\u0131lmas\u0131n\u0131 istiyor"},"content":{"rendered":"<p>MTSO Mobilya, Hal\u0131 ve Ev E\u015fyas\u0131 Meslek Komitesi Ba\u015fkan\u0131 Bediro\u011flu, mobilyada KDV y\u00fczde 18\u2019den y\u00fczde 8\u2019e indirilmesinin piyasalara biraz hareket getirdi\u011fini, ancak s\u00fcrenin yeterli olmad\u0131\u011f\u0131n\u0131 belirterek, indirim s\u00fcresinin uzat\u0131lmas\u0131n\u0131 istedi.<\/p>\n<p>Mersin Ticaret ve Sanayi Odas\u0131 (MTSO) Mobilya, Hal\u0131 ve Ev E\u015fyas\u0131 Meslek Komitesi Ba\u015fkan\u0131 Tahattin Bediro\u011flu, mobilyada KDV y\u00fczde 18\u2019den y\u00fczde 8\u2019e indirilmesinin piyasalara biraz hareket getirdi\u011fini, ancak s\u00fcrenin yeterli olmad\u0131\u011f\u0131n\u0131 belirterek, \u201cD\u00fc\u011f\u00fcn sezonu da yeni ba\u015fl\u0131yor. Uzayacak bir KDV indirimi, hareketin artmas\u0131 ekonominin canlanmas\u0131 ad\u0131na daha b\u00fcy\u00fck katk\u0131 sa\u011flayacakt\u0131r\u201d dedi.<br \/>\nMTSO 12 No\u2019lu Komite Ba\u015fkan\u0131 Bediro\u011flu, yaz\u0131l\u0131 bir a\u00e7\u0131klama yaparak, sekt\u00f6r\u00fcn beklentilerini ve Mersin Mobilya Fuar\u0131\u2019n\u0131 de\u011ferlendirdi. Mersin\u2019deki mobilyac\u0131lar\u0131n, 8-14 May\u0131s 2017 tarihleri aras\u0131nda CNR Expo Fuar Merkezi\u2019nde ger\u00e7ekle\u015fecek \u0130MOB Mersin Mobilya Fuar\u0131\u2019nda bulu\u015facaklar\u0131n\u0131 belirten Bediro\u011flu, bu fuar ile sekt\u00f6rde ya\u015fanan ekonomik daralmay\u0131 biraz olsun a\u015fmak istediklerini ifade etti. \u201cBu y\u0131l 11\u2019incisi d\u00fczenlenecek fuara t\u00fcm firmalar\u0131m\u0131z\u0131 ve ziyaret\u00e7ileri bekliyoruz\u201d diyen Bediro\u011flu, bu t\u00fcr organizasyonlar\u0131n sekt\u00f6r\u00fcn hareketlenmesi, ekonominin canlanmas\u0131 ad\u0131na b\u00fcy\u00fck \u00f6nem ta\u015f\u0131d\u0131\u011f\u0131na dikkat \u00e7ekti. Fuar d\u00f6neminde \u00f6zel kampanyalar planland\u0131\u011f\u0131n\u0131 dile getiren Bediro\u011flu, firmalar\u0131 ekonomik y\u00f6nden s\u0131k\u0131nt\u0131da olsalar da kendilerini zorlay\u0131p bu fuara kat\u0131larak olu\u015facak sinerjiden faydalanmaya, halk\u0131 da bu d\u00f6nemde ger\u00e7ekle\u015fecek g\u00fczel kampanyalardan faydalanmaya davet etti. Fuar\u0131n bu y\u0131l 15 bin metrekare alanda organize edilece\u011fini bildiren Bediro\u011flu, 70 firman\u0131n 200\u2019e yak\u0131n marka ile fuarda yerini almas\u0131n\u0131 beklediklerini anlatt\u0131. Ge\u00e7en y\u0131l fuar\u0131 40 bin ki\u015finin ziyaret etti\u011fini kaydeden Bediro\u011flu, bu y\u0131l da 50 bin ziyaret\u00e7i beklediklerini belirterek, \u201cGeni\u015f \u00fcr\u00fcn yelpazesine sahip fuarda kat\u0131l\u0131mc\u0131 firmalar ziyaret\u00e7ilere fuara \u00f6zel kampanya ve fiyat avantaj\u0131 sunacak. Ev ve ofis mobilyalar\u0131, ev aksesuarlar\u0131, bah\u00e7e ve yazl\u0131k mobilyalar\u0131, mobilya yan sanayi \u00fcr\u00fcnleri \u0130MOB Mersin Mobilya Fuar\u0131\u2019n\u0131n \u00fcr\u00fcnleri aras\u0131nda yer alacak\u201d ifadelerini kulland\u0131.<br \/>\n\u201cKDV indirimi uzamal\u0131\u201d<br \/>\nSekt\u00f6rde de son d\u00f6nemlerde g\u00fczel geli\u015fmeler ya\u015fand\u0131\u011f\u0131n\u0131 da kaydeden Bediro\u011flu, mobilya sekt\u00f6r\u00fcne getirilen KDV indirimini hat\u0131rlatarak, \u015funlar\u0131 s\u00f6yledi:bu y\u00f6ndeki beklentilerini \u015f\u00f6yle a\u00e7\u0131klad\u0131: \u201cMobilyada KDV y\u00fczde 18\u2019den y\u00fczde 8\u2019e indirildi. Bu indirim piyasalara bir miktar hareket getirdi, ancak beklenen etkinin yakalanabilmesi i\u00e7in s\u00fcrenin uzamas\u0131 b\u00fcy\u00fck \u00f6nem ta\u015f\u0131yor. \u00c7\u00fcnk\u00fc insanlar\u0131n bu indirime al\u0131\u015fmas\u0131 i\u00e7in tan\u0131nan s\u00fcre yeterli olmad\u0131. Ayr\u0131ca d\u00fc\u011f\u00fcn sezonu da yeni ba\u015fl\u0131yor. Uzayacak bir KDV indirimi, hareketin artmas\u0131 ekonominin canlanmas\u0131 ad\u0131na daha b\u00fcy\u00fck katk\u0131 sa\u011flayacakt\u0131r.\u201d<br \/>\nSekt\u00f6rdeki durgunlu\u011fun in\u015faatlar\u0131n durmas\u0131yla do\u011fru orant\u0131l\u0131 oldu\u011funa i\u015faret eden Bediro\u011flu, g\u00fcndemin yeniden ekonomiye d\u00f6nmesiyle birlikte bu durgunlu\u011fun da ortadan kalkaca\u011f\u0131na, \u00f6n\u00fcm\u00fczdeki s\u00fcre\u00e7te in\u015faat sekt\u00f6r\u00fcn\u00fcn hareketlenmesiyle mobilya sat\u0131\u015flar\u0131n\u0131n da artaca\u011f\u0131na inand\u0131\u011f\u0131n\u0131 vurgulad\u0131.<br \/>\n\u201cMersin\u2019de \u00fcretim artmaya ba\u015flad\u0131\u201d<br \/>\nMersin\u2019de art\u0131k sekt\u00f6rde \u00fcretimi \u00f6ne \u00e7\u0131karmaya ba\u015flad\u0131klar\u0131n\u0131 dile getiren Bediro\u011flu, daha \u00f6nce Ankara\u2019dan, \u0130neg\u00f6l\u2019den ald\u0131klar\u0131 yemek odalar\u0131n\u0131, koltuk tak\u0131mlar\u0131n\u0131 art\u0131k Mersin\u2019de \u00fcretmeye ba\u015flad\u0131klar\u0131n\u0131 kaydederek, \u201cGe\u00e7mi\u015fte a\u011f\u0131rl\u0131kl\u0131 olarak al sat \u00fczerine \u00e7al\u0131\u015f\u0131rken, art\u0131k maliyetlerimizi d\u00fc\u015f\u00fcrmek ad\u0131na ihtiya\u00e7 duydu\u011fumuz \u00fcr\u00fcnlerin tamam\u0131n\u0131 b\u00f6lgemizde \u00fcretmeye ba\u015flad\u0131k. Bu sayede nakliye maliyetini ortadan kald\u0131r\u0131p piyasaya daha ekonomik \u00fcr\u00fcnler sunabilmeye ba\u015flad\u0131k. Ancak, bu kez de hammadde de ciddi sorunlar ya\u015f\u0131yoruz. \u00d6zellikle kuma\u015f ve kau\u00e7uktaki fiyat art\u0131\u015f\u0131, sekt\u00f6r\u00fc olumsuz etkiliyor. Kau\u00e7uk fiyatlar\u0131 son 6 ayda y\u00fczde 90 civar\u0131nda art\u0131\u015f g\u00f6sterdi. Bu durum \u00f6zellikle oturma gruplar\u0131nda rekabet\u00e7i yap\u0131m\u0131z\u0131 bozuyor. Hammaddede tamamen d\u0131\u015f pazara endeksli \u00e7al\u0131\u015fmam\u0131z nedeniyle bu maliyetleri a\u015fa\u011f\u0131 \u00e7ekmekte zorlan\u0131yoruz. Halk\u0131n al\u0131m g\u00fcc\u00fcn\u00fcn de bu d\u00f6nemde \u00e7ok y\u00fcksek olmamas\u0131 nedeniyle artan maliyetlerimizi fiyatlar\u0131m\u0131za da yans\u0131tam\u0131yoruz. Son 6 ayd\u0131r koltuk ve oturma gruplar\u0131nda maksimum y\u00fczde 5 karlarla \u00e7al\u0131\u015f\u0131yoruz\u201d dedi.<br \/>\n\u00dcretime ge\u00e7meleriyle birlikte istihdamda da az da olsa k\u0131p\u0131rdanma ya\u015fand\u0131\u011f\u0131n\u0131 ifade eden Bediro\u011flu, firmalar\u0131n en az\u0131ndan iki\u015fer-\u00fc\u00e7er eleman daha ald\u0131klar\u0131n\u0131, istihdam seferberli\u011fi kapsam\u0131nda verilen desteklerden de yararland\u0131klar\u0131n\u0131 belirtti. Bediro\u011flu, bu desteklerin girdi maliyetlerinin a\u015fa\u011f\u0131 \u00e7ekilmesi noktas\u0131nda b\u00fcy\u00fck \u00f6nem ta\u015f\u0131d\u0131\u011f\u0131n\u0131, k\u0131sa s\u00fcreli olmak yerine bu desteklerin uzun vadeye yay\u0131lmas\u0131n\u0131 beklediklerinin de alt\u0131n\u0131 \u00e7izdi.<br \/>\nEkonominin canlanmas\u0131nda \u00fcreticinin desteklenmesinin b\u00fcy\u00fck \u00f6nem ta\u015f\u0131d\u0131\u011f\u0131na dikkat \u00e7eken Bediro\u011flu, \u015f\u00f6yle devam etti: \u201cBizlerin rekabet\u00e7i yap\u0131s\u0131 g\u00fc\u00e7lenirse yaln\u0131zca i\u00e7eride de\u011fil, yurt d\u0131\u015f\u0131nda da etkinli\u011fimizi art\u0131rabiliriz. Mersin\u2019de yakla\u015f\u0131k 200 adet mobilya \u00fcreticisi firma bulunmakta. Mobilya ad\u0131na her t\u00fcrl\u00fc \u00fcr\u00fcn\u00fc b\u00f6lgemizde \u00fcretebiliyoruz. Yaln\u0131zca b\u00f6lgeye de\u011fil, T\u00fcrkiye geneline sat\u0131\u015flar yap\u0131yoruz. Yurt d\u0131\u015f\u0131ndaki etkinli\u011fimiz ise mevcut durumda istedi\u011fimiz d\u00fczeyde de\u011fil. \u00dcretimimizin yakla\u015f\u0131k y\u00fczde 5\u2019ini ihra\u00e7 edebiliyoruz. Verilecek desteklerle e\u011fer maliyetlerimizi a\u015fa\u011f\u0131 \u00e7ekebilirsek rekabet g\u00fcc\u00fcm\u00fcz de pazar \u00e7e\u015fitlili\u011fimiz de artar ve bu durum ihracat rakamlar\u0131m\u0131za da yans\u0131r. Bu nedenle devletin deste\u011fi b\u00fcy\u00fck \u00f6nem ta\u015f\u0131yor.\u201d<br \/>\n\u201c\u00c7ad\u0131r, tente ve brandada da KDV indirimi bekliyoruz\u201d<br \/>\nKomite b\u00fcnyesinde \u00e7ad\u0131r, tente ve branda sekt\u00f6r\u00fcnde faaliyet g\u00f6steren firmalar\u0131n da yer ald\u0131\u011f\u0131n\u0131 hat\u0131rlatan Bediro\u011flu, mobilyada oldu\u011fu gibi bu sekt\u00f6rde de KDV indirimi beklendi\u011fini bildirdi. Y\u00fcksek KDV\u2019lerin kay\u0131td\u0131\u015f\u0131l\u0131\u011f\u0131 art\u0131rd\u0131\u011f\u0131n\u0131 ifade eden Bediro\u011flu, bu durumun bir taraftan vergi kayb\u0131 ile devlete zarar verdi\u011fini, di\u011fer taraftan da haks\u0131z rekabete yol a\u00e7mas\u0131 nedeniyle kurallara uygun \u00e7al\u0131\u015fan firmalara zarar verdi\u011fini anlatt\u0131.<\/p>\n","protected":false},"excerpt":{"rendered":"<p>MTSO Mobilya, Hal\u0131 ve Ev E\u015fyas\u0131 Meslek Komitesi Ba\u015fkan\u0131 Bediro\u011flu, mobilyada KDV y\u00fczde 18\u2019den y\u00fczde 8\u2019e indirilmesinin piyasalara biraz hareket getirdi\u011fini, ancak s\u00fcrenin yeterli olmad\u0131\u011f\u0131n\u0131 belirterek, indirim s\u00fcresinin uzat\u0131lmas\u0131n\u0131 istedi. &hellip; <a href=\"https:\/\/akdenizolaygazetesi.com\/?p=1014\" class=\"more-link\">Devam\u0131n\u0131 Oku&#8230;<\/a><\/p>\n","protected":false},"author":1,"featured_media":0,"comment_status":"open","ping_status":"open","sticky":false,"template":"","format":"standard","meta":[],"categories":[],"tags":[],"_links":{"self":[{"href":"https:\/\/akdenizolaygazetesi.com\/index.php?rest_route=\/wp\/v2\/posts\/1014"}],"collection":[{"href":"https:\/\/akdenizolaygazetesi.com\/index.php?rest_route=\/wp\/v2\/posts"}],"about":[{"href":"https:\/\/akdenizolaygazetesi.com\/index.php?rest_route=\/wp\/v2\/types\/post"}],"author":[{"embeddable":true,"href":"https:\/\/akdenizolaygazetesi.com\/index.php?rest_route=\/wp\/v2\/users\/1"}],"replies":[{"embeddable":true,"href":"https:\/\/akdenizolaygazetesi.com\/index.php?rest_route=%2Fwp%2Fv2%2Fcomments&post=1014"}],"version-history":[{"count":0,"href":"https:\/\/akdenizolaygazetesi.com\/index.php?rest_route=\/wp\/v2\/posts\/1014\/revisions"}],"wp:attachment":[{"href":"https:\/\/akdenizolaygazetesi.com\/index.php?rest_route=%2Fwp%2Fv2%2Fmedia&parent=1014"}],"wp:term":[{"taxonomy":"category","embeddable":true,"href":"https:\/\/akdenizolaygazetesi.com\/index.php?rest_route=%2Fwp%2Fv2%2Fcategories&post=1014"},{"taxonomy":"post_tag","embeddable":true,"href":"https:\/\/akdenizolaygazetesi.com\/index.php?rest_route=%2Fwp%2Fv2%2Ftags&post=1014"}],"curies":[{"name":"wp","href":"https:\/\/api.w.org\/{rel}","templated":true}]}}