{"id":1016,"date":"2020-11-04T18:21:36","date_gmt":"2020-11-04T15:21:36","guid":{"rendered":"http:\/\/mersinekonomipolitikagazetesi.com\/?p=1016"},"modified":"2020-11-04T18:21:36","modified_gmt":"2020-11-04T15:21:36","slug":"mustafa-ceceli-tarsuslulari-costurdu","status":"publish","type":"post","link":"https:\/\/akdenizolaygazetesi.com\/?p=1016","title":{"rendered":"Mustafa Ceceli Tarsuslular\u0131 co\u015fturdu"},"content":{"rendered":"<p>Mersin\u2019in Tarsus \u0130l\u00e7e Belediyesi taraf\u0131ndan d\u00fczenlenen ve Mersin B\u00fcy\u00fck\u015fehir Belediyesi taraf\u0131ndan desteklenen 23. Geleneksel Eshab-\u0131 Kehf H\u0131d\u0131rellez Etkinliklerinin finali Mustafa Ceceli konseri ile tamamland\u0131.<\/p>\n<p>A\u00e7\u0131k Hava G\u00f6steri Merkezi\u2019nin dar geldi\u011fi ve yakla\u015f\u0131k 15 bin ki\u015finin izledi\u011fi Mustafa Ceceli konserinde Tarsuslular adeta co\u015ftu.<br \/>\nTarsuslular\u0131n H\u0131d\u0131rellez Bayram\u0131n\u0131 kutlayan Tarsus Belediye Ba\u015fkan\u0131 \u015eevket Can, H\u0131d\u0131rellez T\u00fcrk d\u00fcnyas\u0131n\u0131n \u00f6nemli bayramlar\u0131ndan biri oldu\u011funu s\u00f6yledi.<br \/>\nA\u00e7\u0131k Hava G\u00f6steri Merkezi\u2019nin art\u0131k Tarsuslulara dar geldi\u011fini ifade eden Ba\u015fkan Can, K\u0131rklars\u0131rt\u0131 Mahallesi\u2019ne \u00e7ok ama\u00e7l\u0131 b\u00fcy\u00fck bir tesisi yapacaklar\u0131n\u0131 kaydetti. Can, \u201c1994 y\u0131l\u0131ndan bu g\u00fcne kadar 23 y\u0131ld\u0131r kutlad\u0131\u011f\u0131m\u0131z H\u0131d\u0131rellez Bayram\u0131m\u0131z hepinize kutlu olsun. Bu y\u0131l birincisini Yenice\u2019de yapm\u0131\u015f oldu\u011fumuz ya\u011fl\u0131 g\u00fcre\u015fle H\u0131d\u0131rellez etkinliklerimiz ba\u015flad\u0131, ge\u00e7en hafta \u00d6zelbah\u015fi\u015f\u2019te Karakucak G\u00fcre\u015fleriyle devam etti. D\u00fcn bu meydanda Karakucak g\u00fcre\u015fleri devam etti. Bu g\u00fcn de Eshab-\u0131 Kehf\u2019te H\u0131d\u0131rellez etkinlikleri kapsam\u0131nda Mevl\u00fcthan grubu program\u0131n\u0131 yapt\u0131, bug\u00fcn de finalini Mustafa Ceceli konseriyle ger\u00e7ekle\u015ftiriyoruz. Belediyecilik dokunmakt\u0131r, Belediyecilik hissetmektir, Belediyecilik \u015fehrinde ya\u015fayan b\u00fct\u00fcn insanlar\u0131 sevmektir. Bizde bu d\u00fc\u015f\u00fcnceyle Tarsusumuzda ya\u015fayan 330 bin insan\u0131 seviyoruz, kucakl\u0131yoruz ve 330 bin insan\u0131m\u0131z\u0131n burnu dahi kanamas\u0131n diye var g\u00fcc\u00fcm\u00fczle \u00e7al\u0131\u015f\u0131yoruz. Bu meydan bu tablo \u00e7ok g\u00fczel&#8221; dedi.<br \/>\nKonu\u015fmalar\u0131n ard\u0131ndan sahneye \u00e7\u0131kan Mustafa Ceceli, yakla\u015f\u0131k 2 saat sevilen par\u00e7alar\u0131n\u0131 seslendirdi.<br \/>\nMustafa Ceceli\u2019nin par\u00e7alar\u0131na e\u015flik eden Tarsuslular adeta co\u015ftu. G\u00f6steri Merkezi\u2019nin \u0131\u015f\u0131klar\u0131n\u0131 s\u00f6nd\u00fcren Ceceli, sevenlerinden cep telefonlar\u0131n\u0131n \u0131\u015f\u0131klar\u0131n\u0131 yakmas\u0131n\u0131 istedi\u011fi alanda nostaljik bir g\u00f6r\u00fcnt\u00fc olu\u015fmas\u0131na neden oldu.<br \/>\nKonser sonunda Ba\u015fkan Can k\u0131z\u0131 Hamiyet \u0130rem ile birlikte Mustafa Ceceli\u2019ye \u00e7i\u00e7ek ve Nusret may\u0131n gemisi maketini hediye etti.<\/p>\n","protected":false},"excerpt":{"rendered":"<p>Mersin\u2019in Tarsus \u0130l\u00e7e Belediyesi taraf\u0131ndan d\u00fczenlenen ve Mersin B\u00fcy\u00fck\u015fehir Belediyesi taraf\u0131ndan desteklenen 23. Geleneksel Eshab-\u0131 Kehf H\u0131d\u0131rellez Etkinliklerinin finali Mustafa Ceceli konseri ile tamamland\u0131. A\u00e7\u0131k Hava G\u00f6steri Merkezi\u2019nin dar geldi\u011fi &hellip; <a href=\"https:\/\/akdenizolaygazetesi.com\/?p=1016\" class=\"more-link\">Devam\u0131n\u0131 Oku&#8230;<\/a><\/p>\n","protected":false},"author":1,"featured_media":0,"comment_status":"open","ping_status":"open","sticky":false,"template":"","format":"standard","meta":[],"categories":[],"tags":[],"_links":{"self":[{"href":"https:\/\/akdenizolaygazetesi.com\/index.php?rest_route=\/wp\/v2\/posts\/1016"}],"collection":[{"href":"https:\/\/akdenizolaygazetesi.com\/index.php?rest_route=\/wp\/v2\/posts"}],"about":[{"href":"https:\/\/akdenizolaygazetesi.com\/index.php?rest_route=\/wp\/v2\/types\/post"}],"author":[{"embeddable":true,"href":"https:\/\/akdenizolaygazetesi.com\/index.php?rest_route=\/wp\/v2\/users\/1"}],"replies":[{"embeddable":true,"href":"https:\/\/akdenizolaygazetesi.com\/index.php?rest_route=%2Fwp%2Fv2%2Fcomments&post=1016"}],"version-history":[{"count":0,"href":"https:\/\/akdenizolaygazetesi.com\/index.php?rest_route=\/wp\/v2\/posts\/1016\/revisions"}],"wp:attachment":[{"href":"https:\/\/akdenizolaygazetesi.com\/index.php?rest_route=%2Fwp%2Fv2%2Fmedia&parent=1016"}],"wp:term":[{"taxonomy":"category","embeddable":true,"href":"https:\/\/akdenizolaygazetesi.com\/index.php?rest_route=%2Fwp%2Fv2%2Fcategories&post=1016"},{"taxonomy":"post_tag","embeddable":true,"href":"https:\/\/akdenizolaygazetesi.com\/index.php?rest_route=%2Fwp%2Fv2%2Ftags&post=1016"}],"curies":[{"name":"wp","href":"https:\/\/api.w.org\/{rel}","templated":true}]}}