{"id":1017,"date":"2020-11-04T18:21:36","date_gmt":"2020-11-04T15:21:36","guid":{"rendered":"http:\/\/mersinekonomipolitikagazetesi.com\/?p=1017"},"modified":"2020-11-04T18:21:36","modified_gmt":"2020-11-04T15:21:36","slug":"karasekililerin-94-yillik-su-hasreti-sona-erdi","status":"publish","type":"post","link":"https:\/\/akdenizolaygazetesi.com\/?p=1017","title":{"rendered":"Karasekililerin 94 y\u0131ll\u0131k su hasreti sona erdi"},"content":{"rendered":"<p>Mersin B\u00fcy\u00fck\u015fehir Belediyesi, Ayd\u0131nc\u0131k il\u00e7esinin, co\u011frafi konumu sebebiyle i\u00e7me suyu hatt\u0131 d\u00f6\u015fenmesi \u2018imkans\u0131z\u2019 denilen, 500 metre irtifaya sahip 25 haneli Karaseki Mahallesi i\u00e7in 8 kilometrelik terfi hatt\u0131 d\u00f6\u015feyerek, mahalle sakinlerinin 94 y\u0131ld\u0131r s\u00fcren i\u00e7me suyu hasretini bitirdi.<\/p>\n<p>B\u00fcy\u00fck\u015fehir Belediyesi\u2019nden yap\u0131lan yaz\u0131l\u0131 a\u00e7\u0131klamaya g\u00f6re, a\u00e7\u0131lan sondaj kuyular\u0131n\u0131n sonu\u00e7 vermemesi ve co\u011frafi konumu sebebiyle i\u00e7me suyu hatt\u0131 d\u00f6\u015fenmesi \u2018imkans\u0131z\u2019 denilen, 500 metre irtifaya sahip Karaseki Mahallesinde Mersin B\u00fcy\u00fck\u015fehir Belediye Ba\u015fkan\u0131 Burhanettin Kocamaz\u2019\u0131n talimat\u0131 ve MESK\u0130\u2019nin aral\u0131ks\u0131z s\u00fcren \u00e7al\u0131\u015fmalar\u0131 ile evlerin musluklar\u0131ndan su akmaya ba\u015flad\u0131. Daha \u00f6nce su sorunu nedeniyle b\u00fcy\u00fck \u00f6l\u00e7\u00fcde g\u00f6\u00e7 veren ve kalan hanelerle ayakta kalmaya \u00e7al\u0131\u015fan Karaseki Mahallesinin suya kavu\u015fmas\u0131 ile mahallede duygusal anlar ya\u015fand\u0131.<br \/>\nAyd\u0131nc\u0131k \u0130l\u00e7esi Karaseki Mahallesi Muhtar\u0131 Kemal Servili, bug\u00fcne kadar k\u00f6yde ya\u015fanan susuzluk nedeniyle b\u00fcy\u00fck s\u0131k\u0131nt\u0131lar \u00e7ektiklerini ifade ederek, Mersin B\u00fcy\u00fck\u015fehir Belediyesi ve MESK\u0130\u2019nin \u00e7al\u0131\u015fmalar\u0131 i\u00e7me suyu hatt\u0131na kavu\u015ftuklar\u0131n\u0131 s\u00f6yledi. Muhtar Servili, \u201cBen kendimi bildim bileli burada susuzluk problemi ya\u015f\u0131yoruz. Hep e\u015feklerle su ta\u015f\u0131yorduk. Bir\u00e7ok kere dilek\u00e7e verdik. \u2018Buradan su \u00e7\u0131kmaz\u2019 dediler. Ama Mersin B\u00fcy\u00fck\u015fehir Belediyesi\u2019ne ba\u015fvuru yapt\u0131k. \u2018Su getirilmesi imkans\u0131z\u2019 denilen mahallemize su getirdiler. Allah Ba\u015fkan Kocamaz\u2019dan ve \u00e7al\u0131\u015fanlar\u0131ndan raz\u0131 olsun\u201d dedi.<br \/>\nKaraseki Mahallesinin en ya\u015fl\u0131 sakini 90 ya\u015f\u0131ndaki \u00d6mer Ali Kaya ise mahallelerine su geldi\u011fini g\u00f6rmenin kendisini duyguland\u0131rd\u0131\u011f\u0131n\u0131 belirterek, \u201c1927 do\u011fumluyum, Karaseki K\u00f6y\u00fc\u2019n\u00fcn en ya\u015fl\u0131s\u0131 benim. Bu k\u00f6y ge\u00e7mi\u015ften bu yana su sorunu ya\u015fad\u0131. So\u011fuksu dedi\u011fimiz b\u00f6lgeden suyu buraya getirdiler. Arazimiz bol ama susuzluktan hep g\u00f6\u00e7 verdik. \u015eimdi ne \u015f\u00fck\u00fcr i\u00e7me suyumuz geldi. Ba\u015fkan Kocamaz buraya geldi\u011finde \u2018G\u00f6rev mukaddestir\u2019 dedi. \u2018\u00c7al\u0131\u015fmayanlar\u0131n burada yeri yok\u2019 dedi. O zaman ben onu anlad\u0131m. Allah ondan raz\u0131 olsun. Bu memlekete b\u00f6yle y\u00f6neticiler laz\u0131m\u201d diye konu\u015ftu.<\/p>\n","protected":false},"excerpt":{"rendered":"<p>Mersin B\u00fcy\u00fck\u015fehir Belediyesi, Ayd\u0131nc\u0131k il\u00e7esinin, co\u011frafi konumu sebebiyle i\u00e7me suyu hatt\u0131 d\u00f6\u015fenmesi \u2018imkans\u0131z\u2019 denilen, 500 metre irtifaya sahip 25 haneli Karaseki Mahallesi i\u00e7in 8 kilometrelik terfi hatt\u0131 d\u00f6\u015feyerek, mahalle sakinlerinin &hellip; <a href=\"https:\/\/akdenizolaygazetesi.com\/?p=1017\" class=\"more-link\">Devam\u0131n\u0131 Oku&#8230;<\/a><\/p>\n","protected":false},"author":1,"featured_media":0,"comment_status":"open","ping_status":"open","sticky":false,"template":"","format":"standard","meta":[],"categories":[],"tags":[],"_links":{"self":[{"href":"https:\/\/akdenizolaygazetesi.com\/index.php?rest_route=\/wp\/v2\/posts\/1017"}],"collection":[{"href":"https:\/\/akdenizolaygazetesi.com\/index.php?rest_route=\/wp\/v2\/posts"}],"about":[{"href":"https:\/\/akdenizolaygazetesi.com\/index.php?rest_route=\/wp\/v2\/types\/post"}],"author":[{"embeddable":true,"href":"https:\/\/akdenizolaygazetesi.com\/index.php?rest_route=\/wp\/v2\/users\/1"}],"replies":[{"embeddable":true,"href":"https:\/\/akdenizolaygazetesi.com\/index.php?rest_route=%2Fwp%2Fv2%2Fcomments&post=1017"}],"version-history":[{"count":0,"href":"https:\/\/akdenizolaygazetesi.com\/index.php?rest_route=\/wp\/v2\/posts\/1017\/revisions"}],"wp:attachment":[{"href":"https:\/\/akdenizolaygazetesi.com\/index.php?rest_route=%2Fwp%2Fv2%2Fmedia&parent=1017"}],"wp:term":[{"taxonomy":"category","embeddable":true,"href":"https:\/\/akdenizolaygazetesi.com\/index.php?rest_route=%2Fwp%2Fv2%2Fcategories&post=1017"},{"taxonomy":"post_tag","embeddable":true,"href":"https:\/\/akdenizolaygazetesi.com\/index.php?rest_route=%2Fwp%2Fv2%2Ftags&post=1017"}],"curies":[{"name":"wp","href":"https:\/\/api.w.org\/{rel}","templated":true}]}}