{"id":1019,"date":"2020-11-04T18:21:36","date_gmt":"2020-11-04T15:21:36","guid":{"rendered":"http:\/\/mersinekonomipolitikagazetesi.com\/?p=1019"},"modified":"2020-11-04T18:21:36","modified_gmt":"2020-11-04T15:21:36","slug":"asili-asma-fidani-uretimi-projesi-hayata-geciyor","status":"publish","type":"post","link":"https:\/\/akdenizolaygazetesi.com\/?p=1019","title":{"rendered":"&#8216;A\u015f\u0131l\u0131 Asma Fidan\u0131 \u00dcretimi Projesi&#8217; hayata ge\u00e7iyor"},"content":{"rendered":"<p>Mersin B\u00fcy\u00fck\u015fehir Belediyesi, ba\u011fc\u0131l\u0131k ile ge\u00e7imini sa\u011flayan \u00fcz\u00fcm \u00fcreticilerine y\u00f6nelik \u2018A\u015f\u0131l\u0131 Asma Fidan\u0131 \u00dcretimi Projesi\u2019ni hayata ge\u00e7iriyor. Proje ile 40 bin adet a\u015f\u0131l\u0131 asma fidan\u0131n\u0131n da\u011f\u0131t\u0131m\u0131 ger\u00e7ekle\u015ftirilecek.<\/p>\n<p>B\u00fcy\u00fck\u015fehir Belediyesi b\u00fcnyesinde kurdu\u011fu Tar\u0131msal Hizmetler Dairesi Ba\u015fkanl\u0131\u011f\u0131 ile hayata ge\u00e7irdi\u011fi projelerle ge\u00e7imini \u00e7ift\u00e7ilik ve \u00fcreticilik yaparak sa\u011flayan vatanda\u015flara destek vermeye devam ediyor. Son olarak Alata Bah\u00e7e K\u00fclt\u00fcrleri Ara\u015ft\u0131rma Enstit\u00fcs\u00fc M\u00fcd\u00fcrl\u00fc\u011f\u00fc ile birlikte \u2018A\u015f\u0131l\u0131 Asma Fidan\u0131 \u00dcretimi Projesi\u2019ni hayata ge\u00e7iren Mersin B\u00fcy\u00fck\u015fehir Belediyesi, G\u00fclnar ve \u00c7aml\u0131yayla il\u00e7elerinde da\u011f\u0131t\u0131lmak \u00fczere 40 bin adet asma fidan\u0131n\u0131n a\u015f\u0131lama i\u015flemini tamamlad\u0131. Alata Bah\u00e7e K\u00fclt\u00fcrleri Ara\u015ft\u0131rma Enstit\u00fcs\u00fc\u2019nde ba\u011fc\u0131l\u0131k \u00fczerine \u00e7al\u0131\u015fmalar\u0131n\u0131 ger\u00e7ekle\u015ftiren Ziraat M\u00fchendisi Mehmet Erdem Kiraz, B\u00fcy\u00fck\u015fehir Belediyesi i\u015f birli\u011fi ile y\u00fcr\u00fctt\u00fckleri projeyle \u00fcreticiye do\u011frudan katk\u0131 sa\u011flamay\u0131 hedeflediklerini ifade etti. \u00dc\u00e7 y\u0131ll\u0131k s\u00fcre\u00e7 i\u00e7erisinde B\u00fcy\u00fck\u015fehir Belediyesi ve Alata Bah\u00e7e K\u00fclt\u00fcrleri Enstit\u00fcs\u00fc ile \u00fcreticilere y\u00f6nelik bir\u00e7ok projeyi hayata ge\u00e7irdiklerinin alt\u0131n\u0131 \u00e7izen Kiraz, \u201cHayata ge\u00e7irdi\u011fimiz bu proje ile yayla ba\u011fc\u0131l\u0131\u011f\u0131 ile ilgili \u00e7al\u0131\u015fmalar\u0131m\u0131za bir yenisini daha ekledik. Projemiz kapsam\u0131nda daha \u00f6nce telli terbiye sistemini kurdu\u011fumuz ve ba\u015far\u0131l\u0131 sonu\u00e7lar elde etti\u011fimiz G\u00fclnar ve \u00c7aml\u0131yayla il\u00e7elerimizde yeti\u015fmekte olan \u00fcz\u00fcm \u00e7e\u015fitlerimizi a\u015f\u0131lad\u0131k. \u00c7al\u0131\u015fmalar\u0131m\u0131z ile zararl\u0131lara ve ko\u015fullara uyum sa\u011flayacak fidanlar\u0131m\u0131z\u0131n a\u015f\u0131lama i\u015flemlerini tamamlad\u0131k. Fidanlar\u0131m\u0131z\u0131n bak\u0131mlar\u0131n\u0131 enstit\u00fcm\u00fczde ger\u00e7ekle\u015ftiriyoruz. Bak\u0131mlar\u0131n\u0131 tamamlad\u0131\u011f\u0131m\u0131z fidanlar\u0131m\u0131z\u0131 ise 2018 \u015eubat ay\u0131nda \u00fcreticilerle bulu\u015fturmay\u0131 hedefliyoruz\u201d dedi<br \/>\nSadece G\u00fclnar il\u00e7esinde yeti\u015fen ve kurutmal\u0131k bir \u00fcz\u00fcm \u00e7e\u015fidi olan &#8216;ki\u015fni\u015f&#8217; \u00fcz\u00fcm\u00fcn\u00fcn ve \u00c7aml\u0131yayla il\u00e7esinde yeti\u015ftirilen d\u00fcnyada da yeti\u015ftiricili\u011fi yap\u0131lan en \u00f6nemli sofral\u0131k \u00fcz\u00fcm \u00e7e\u015fitlerinden birisi olan &#8216;red globe&#8217; \u00fcz\u00fcm\u00fcn\u00fc zararl\u0131lara ve di\u011fer olumsuzluklara kar\u015f\u0131 dayan\u0131kl\u0131 hale getirmek ve \u00fcretimde verim sa\u011flayabilmek amac\u0131yla Mersin b\u00fcy\u00fck\u015fehir belediyesi ve Alata Bah\u00e7e K\u00fclt\u00fcrleri Ara\u015ft\u0131rma Enstit\u00fcs\u00fc M\u00fcd\u00fcrl\u00fc\u011f\u00fc taraf\u0131ndan a\u015f\u0131lama i\u015flemleri tamamland\u0131. Proje \u00e7al\u0131\u015fmalar\u0131 kapsam\u0131nda ki\u015fni\u015f \u00fcz\u00fcm\u00fc ve red globe \u00fcz\u00fcm \u00e7e\u015fitlerinden al\u0131nan 40 bin adet fidan a\u015f\u0131 g\u00f6zleri Manisa Ara\u015ft\u0131rma Enstit\u00fcs\u00fc M\u00fcd\u00fcrl\u00fc\u011f\u00fc taraf\u0131ndan Asma anac\u0131na a\u015f\u0131lanarak, Mersin B\u00fcy\u00fck\u015fehir belediyesi taraf\u0131ndan fidanlar\u0131n k\u00f6klendirilmesi ve bak\u0131m i\u015fleri i\u00e7in Alata Bah\u00e7e K\u00fclt\u00fcrleri Ara\u015ft\u0131rma Enstit\u00fcs\u00fc\u2019ne getirildi.<\/p>\n","protected":false},"excerpt":{"rendered":"<p>Mersin B\u00fcy\u00fck\u015fehir Belediyesi, ba\u011fc\u0131l\u0131k ile ge\u00e7imini sa\u011flayan \u00fcz\u00fcm \u00fcreticilerine y\u00f6nelik \u2018A\u015f\u0131l\u0131 Asma Fidan\u0131 \u00dcretimi Projesi\u2019ni hayata ge\u00e7iriyor. Proje ile 40 bin adet a\u015f\u0131l\u0131 asma fidan\u0131n\u0131n da\u011f\u0131t\u0131m\u0131 ger\u00e7ekle\u015ftirilecek. B\u00fcy\u00fck\u015fehir Belediyesi b\u00fcnyesinde &hellip; <a href=\"https:\/\/akdenizolaygazetesi.com\/?p=1019\" class=\"more-link\">Devam\u0131n\u0131 Oku&#8230;<\/a><\/p>\n","protected":false},"author":1,"featured_media":0,"comment_status":"open","ping_status":"open","sticky":false,"template":"","format":"standard","meta":[],"categories":[],"tags":[],"_links":{"self":[{"href":"https:\/\/akdenizolaygazetesi.com\/index.php?rest_route=\/wp\/v2\/posts\/1019"}],"collection":[{"href":"https:\/\/akdenizolaygazetesi.com\/index.php?rest_route=\/wp\/v2\/posts"}],"about":[{"href":"https:\/\/akdenizolaygazetesi.com\/index.php?rest_route=\/wp\/v2\/types\/post"}],"author":[{"embeddable":true,"href":"https:\/\/akdenizolaygazetesi.com\/index.php?rest_route=\/wp\/v2\/users\/1"}],"replies":[{"embeddable":true,"href":"https:\/\/akdenizolaygazetesi.com\/index.php?rest_route=%2Fwp%2Fv2%2Fcomments&post=1019"}],"version-history":[{"count":0,"href":"https:\/\/akdenizolaygazetesi.com\/index.php?rest_route=\/wp\/v2\/posts\/1019\/revisions"}],"wp:attachment":[{"href":"https:\/\/akdenizolaygazetesi.com\/index.php?rest_route=%2Fwp%2Fv2%2Fmedia&parent=1019"}],"wp:term":[{"taxonomy":"category","embeddable":true,"href":"https:\/\/akdenizolaygazetesi.com\/index.php?rest_route=%2Fwp%2Fv2%2Fcategories&post=1019"},{"taxonomy":"post_tag","embeddable":true,"href":"https:\/\/akdenizolaygazetesi.com\/index.php?rest_route=%2Fwp%2Fv2%2Ftags&post=1019"}],"curies":[{"name":"wp","href":"https:\/\/api.w.org\/{rel}","templated":true}]}}