{"id":1022,"date":"2020-11-04T18:21:36","date_gmt":"2020-11-04T15:21:36","guid":{"rendered":"http:\/\/mersinekonomipolitikagazetesi.com\/?p=1022"},"modified":"2020-11-04T18:21:36","modified_gmt":"2020-11-04T15:21:36","slug":"erdemliye-akademik-bakis","status":"publish","type":"post","link":"https:\/\/akdenizolaygazetesi.com\/?p=1022","title":{"rendered":"Erdemli&#8217;ye akademik bak\u0131\u015f"},"content":{"rendered":"<p>Erdemli Belediye Ba\u015fkan\u0131 M\u00fckerrem Tollu, Erdemli&#8217;yi ortak ak\u0131lla y\u00f6neterek gelece ta\u015f\u0131ma gayreti i\u00e7erisinde olduklar\u0131n\u0131 s\u00f6yledi.<\/p>\n<p>Erdemli\u2019de il\u00e7enin ge\u00e7mi\u015fi, bug\u00fcn\u00fc ve yar\u0131n\u0131n tart\u0131\u015f\u0131ld\u0131\u011f\u0131 &#8216;Akademi \u00c7al\u0131\u015ftay\u0131&#8217; d\u00fczenlendi. \u0130l\u00e7e d\u0131\u015f\u0131nda ya\u015fayan Erdemlili akademisyen ve \u00fcst d\u00fczey b\u00fcrokratlardan olu\u015fan kurul, 3 g\u00fcn boyunca il\u00e7eyi mercek alt\u0131na ald\u0131.<br \/>\n5-7 May\u0131s tarihleri aras\u0131nda ger\u00e7ekle\u015ftirilen akademi \u00e7al\u0131\u015ftay\u0131, Erdemli Belediyesi K\u00fclt\u00fcr Merkezinde \u00e7al\u0131\u015ftay gruplar\u0131n\u0131n belirlenmesi ve \u00fcyelerin se\u00e7ilmesiyle ba\u015flad\u0131. Bu \u00e7er\u00e7evede, &#8216;Erdemli\u2019de tar\u0131m, hayvanc\u0131l\u0131k, ticaret ve sanayi&#8217;, &#8216;Erdemli\u2019nin tarihi geli\u015fimi, k\u00fclt\u00fcr sanat ve turizm birikimi&#8217;, &#8216;Erdemli\u2019de e\u011fitim, sa\u011fl\u0131k ve spor&#8217;, &#8216;Erdemli\u2019de \u015fehirsel geli\u015fim&#8217; ana ba\u015fl\u0131klar\u0131nda 4 ana \u00e7al\u0131\u015fma grubu belirlendi.<br \/>\n&#8220;El birli\u011fi ile g\u00f6n\u00fcl birli\u011fi ile daha g\u00fczel yar\u0131nlar olacak&#8221;<br \/>\nProgram\u0131n a\u00e7\u0131l\u0131\u015f\u0131nda konu\u015fan Erdemli Belediye Ba\u015fkan\u0131 M\u00fckerrem Tollu, T\u00fcrkiye\u2019nin her yerinden gelen Erdemlili akademisyen ve \u00fcst d\u00fczey b\u00fcrokratlar\u0131n il\u00e7ede olmas\u0131n\u0131n, Erdemli\u2019nin gelece\u011fi a\u00e7\u0131s\u0131ndan son derece \u00f6nemli oldu\u011funu vurgulad\u0131. Erdemli\u2019yi bu anlamda ortak ak\u0131lla y\u00f6nettiklerinin en \u00f6nemli i\u015faretinin bu akdemi oldu\u011funa i\u015faret eden Tollu, \u201cD\u00fcnyada her \u015feyin h\u0131zl\u0131 bir de\u011fi\u015fime u\u011frad\u0131\u011f\u0131 bir s\u00fcreci ya\u015f\u0131yoruz. Bu de\u011fi\u015fime Erdemli&#8217;nin de ayak uydurmas\u0131 ad\u0131na belediye olarak gayret ediyoruz. Akl\u0131m\u0131z\u0131n yetmedi\u011fi, g\u00fcc\u00fcm\u00fcz\u00fcn yetmedi\u011fi, bizim ak\u0131l edemedi\u011fimiz, d\u00fc\u015f\u00fcnemedi\u011fimiz, \u00f6ng\u00f6remedi\u011fimiz bir\u00e7ok geli\u015fmenin oldu\u011funu biliyoruz. D\u00fcnyay\u0131 gezen b\u00fcy\u00fcklerimiz oldu\u011funu da biliyoruz. \u0130\u015fte bu b\u00fcy\u00fcklerimizin d\u00fc\u015f\u00fcncelerini Erdemli hayr\u0131na kullanmak ad\u0131na b\u00f6yle bir organizasyon tertip ettik. Erdemli&#8217;ye gelen herkesin Erdemli&#8217;den daha da haz alaca\u011f\u0131n\u0131, ekonomik ve sosyal anlamda daha da b\u00fcy\u00fcyece\u011fini, belediyecili\u011fin deneme yan\u0131lma metodu ile yap\u0131lamayaca\u011f\u0131n\u0131, belediyecili\u011fin bir birikim i\u015fi oldu\u011funu, bilgi i\u015fi oldu\u011funu ve insan\u0131n do\u011fumundan \u00f6l\u00fcm\u00fcne kadar, insan f\u0131trat\u0131na, insan do\u011fas\u0131na, insan dokusuna uygun hizmetler \u00fcretti\u011finiz zaman anlam bulaca\u011f\u0131n\u0131 biliyoruz&#8221; dedi.<br \/>\nErdemli Kaymakam\u0131 Muhittin Pamuk ise \u00e7al\u0131\u015ftaydan \u00e7\u0131kacak sonu\u00e7lar\u0131n kendileri i\u00e7in de yol haritas\u0131 olaca\u011f\u0131n\u0131 s\u00f6yledi. Bir kentin, bir il\u00e7enin en b\u00fcy\u00fck zenginli\u011finin orada do\u011fup b\u00fcy\u00fcm\u00fc\u015f, yeti\u015fmi\u015f insanlar\u0131n\u0131n olmas\u0131 oldu\u011funu ifade eden Pamuk, &#8220;E\u011fer o insanlar bulunduklar\u0131 yerle, do\u011fduklar\u0131 yerle g\u00f6n\u00fcl ba\u011f\u0131n\u0131 koparmam\u0131\u015flarsa, bizim en b\u00fcy\u00fck<br \/>\nzenginli\u011fimiz budur. Erdemli\u2019nin \u00e7ok b\u00fcy\u00fck potansiyeli var. Limon denince ba\u015fkenti diyoruz. Farkl\u0131 potansiyeli var. Bu potansiyelin harekete ge\u00e7irilmesi gerekiyor. Bu noktada farkl\u0131 d\u00fc\u015f\u00fcncelere, farkl\u0131 \u00f6nerilere, farkl\u0131 tavsiyelere ihtiyac\u0131m\u0131z var. Biz yerel y\u00f6neticiler olarak da buna ihtiya\u00e7 duyuyoruz. Bu \u00e7al\u0131\u015ftay\u0131n b\u00f6yle bir g\u00fczelli\u011fe \u00f6nemli bir katk\u0131 sa\u011flayaca\u011f\u0131n\u0131 d\u00fc\u015f\u00fcn\u00fcyorum. Erdemli\u2019yi 10 sene sonra nerede g\u00f6rmek istiyoruz. Bu sorunun cevab\u0131n\u0131 bu \u00e7al\u0131\u015ftayda bulaca\u011f\u0131m\u0131za inan\u0131yoruz. Bu y\u00fczden tavsiyeleriniz \u00e7ok \u00f6nemli. Bize de \u00f6nemli bir yol g\u00f6sterici olaca\u011f\u0131na inan\u0131yorum&#8221; diye konu\u015ftu.<br \/>\nT\u00fcrkiye genelinde 58 akademisyen ve \u00fcst d\u00fczey y\u00f6neticinin kat\u0131ld\u0131\u011f\u0131 \u00e7al\u0131\u015ftay program\u0131n\u0131n sonunda Erdemli Belediye Ba\u015fkan\u0131 Tollu, kat\u0131l\u0131mc\u0131lara Erdemli hat\u0131ras\u0131 arma\u011fan ve K\u0131zkalesi fig\u00fcrl\u00fc biblo arma\u011fan etti.<\/p>\n","protected":false},"excerpt":{"rendered":"<p>Erdemli Belediye Ba\u015fkan\u0131 M\u00fckerrem Tollu, Erdemli&#8217;yi ortak ak\u0131lla y\u00f6neterek gelece ta\u015f\u0131ma gayreti i\u00e7erisinde olduklar\u0131n\u0131 s\u00f6yledi. Erdemli\u2019de il\u00e7enin ge\u00e7mi\u015fi, bug\u00fcn\u00fc ve yar\u0131n\u0131n tart\u0131\u015f\u0131ld\u0131\u011f\u0131 &#8216;Akademi \u00c7al\u0131\u015ftay\u0131&#8217; d\u00fczenlendi. \u0130l\u00e7e d\u0131\u015f\u0131nda ya\u015fayan Erdemlili akademisyen &hellip; <a href=\"https:\/\/akdenizolaygazetesi.com\/?p=1022\" class=\"more-link\">Devam\u0131n\u0131 Oku&#8230;<\/a><\/p>\n","protected":false},"author":1,"featured_media":0,"comment_status":"open","ping_status":"open","sticky":false,"template":"","format":"standard","meta":[],"categories":[],"tags":[],"_links":{"self":[{"href":"https:\/\/akdenizolaygazetesi.com\/index.php?rest_route=\/wp\/v2\/posts\/1022"}],"collection":[{"href":"https:\/\/akdenizolaygazetesi.com\/index.php?rest_route=\/wp\/v2\/posts"}],"about":[{"href":"https:\/\/akdenizolaygazetesi.com\/index.php?rest_route=\/wp\/v2\/types\/post"}],"author":[{"embeddable":true,"href":"https:\/\/akdenizolaygazetesi.com\/index.php?rest_route=\/wp\/v2\/users\/1"}],"replies":[{"embeddable":true,"href":"https:\/\/akdenizolaygazetesi.com\/index.php?rest_route=%2Fwp%2Fv2%2Fcomments&post=1022"}],"version-history":[{"count":0,"href":"https:\/\/akdenizolaygazetesi.com\/index.php?rest_route=\/wp\/v2\/posts\/1022\/revisions"}],"wp:attachment":[{"href":"https:\/\/akdenizolaygazetesi.com\/index.php?rest_route=%2Fwp%2Fv2%2Fmedia&parent=1022"}],"wp:term":[{"taxonomy":"category","embeddable":true,"href":"https:\/\/akdenizolaygazetesi.com\/index.php?rest_route=%2Fwp%2Fv2%2Fcategories&post=1022"},{"taxonomy":"post_tag","embeddable":true,"href":"https:\/\/akdenizolaygazetesi.com\/index.php?rest_route=%2Fwp%2Fv2%2Ftags&post=1022"}],"curies":[{"name":"wp","href":"https:\/\/api.w.org\/{rel}","templated":true}]}}