{"id":1026,"date":"2020-11-04T18:21:37","date_gmt":"2020-11-04T15:21:37","guid":{"rendered":"http:\/\/mersinekonomipolitikagazetesi.com\/?p=1026"},"modified":"2020-11-04T18:21:37","modified_gmt":"2020-11-04T15:21:37","slug":"dragon-festivali-sona-erdi","status":"publish","type":"post","link":"https:\/\/akdenizolaygazetesi.com\/?p=1026","title":{"rendered":"Dragon Festivali sona erdi"},"content":{"rendered":"<p>Mersin B\u00fcy\u00fck\u015fehir Belediyesi\u2019nin katk\u0131lar\u0131yla alt\u0131nc\u0131s\u0131 d\u00fczenlenen 2017 Mersin Dragon Festivali sona erdi.<\/p>\n<p>Y\u0131l boyunca farkl\u0131 \u015fehirlerde ger\u00e7ekle\u015ftirilen ve bu y\u0131l Mersin\u2019de alt\u0131nc\u0131s\u0131 d\u00fczenlenen Dragon Festivali\u2019nde iki g\u00fcn boyunca tak\u0131mlar heyecan dolu bir hafta sonu ya\u015fad\u0131. Yar\u0131 final ve final yar\u0131\u015fmalar\u0131ndan sonra ger\u00e7ekle\u015ftirilen \u00f6d\u00fcl t\u00f6reni ile dereceye giren tak\u0131mlar kupa ve madalyalar\u0131n\u0131 ald\u0131.<br \/>\n\u0130lk g\u00fcn ger\u00e7ekle\u015ftirilen m\u00fcsabakalar sonunda birinci olan tak\u0131mlar, son g\u00fcn yap\u0131lan yar\u0131 final ve final turuna \u00e7\u0131kmaya hak kazand\u0131. \u0130kinci g\u00fcn yap\u0131lan yar\u0131\u015fmalar\u0131n Fun kategorisinde \u00c7a\u011fr\u0131 Asans\u00f6r tak\u0131m\u0131 birinci olurken, bu y\u0131l \u00fc\u00e7\u00fcnc\u00fc kez yar\u0131\u015fmalara kat\u0131lan Mersin B\u00fcy\u00fck\u015fehir Belediyesi ikincili\u011fi elde etti. Tak\u0131mlar\u0131n k\u0131yas\u0131ya m\u00fccadele etti\u011fi Fun kategorisinde \u00fc\u00e7\u00fcnc\u00fc tak\u0131m ise Se\u00e7il Kau\u00e7uk tak\u0131m\u0131 oldu.<\/p>\n","protected":false},"excerpt":{"rendered":"<p>Mersin B\u00fcy\u00fck\u015fehir Belediyesi\u2019nin katk\u0131lar\u0131yla alt\u0131nc\u0131s\u0131 d\u00fczenlenen 2017 Mersin Dragon Festivali sona erdi. Y\u0131l boyunca farkl\u0131 \u015fehirlerde ger\u00e7ekle\u015ftirilen ve bu y\u0131l Mersin\u2019de alt\u0131nc\u0131s\u0131 d\u00fczenlenen Dragon Festivali\u2019nde iki g\u00fcn boyunca tak\u0131mlar heyecan &hellip; <a href=\"https:\/\/akdenizolaygazetesi.com\/?p=1026\" class=\"more-link\">Devam\u0131n\u0131 Oku&#8230;<\/a><\/p>\n","protected":false},"author":1,"featured_media":0,"comment_status":"open","ping_status":"open","sticky":false,"template":"","format":"standard","meta":[],"categories":[],"tags":[],"_links":{"self":[{"href":"https:\/\/akdenizolaygazetesi.com\/index.php?rest_route=\/wp\/v2\/posts\/1026"}],"collection":[{"href":"https:\/\/akdenizolaygazetesi.com\/index.php?rest_route=\/wp\/v2\/posts"}],"about":[{"href":"https:\/\/akdenizolaygazetesi.com\/index.php?rest_route=\/wp\/v2\/types\/post"}],"author":[{"embeddable":true,"href":"https:\/\/akdenizolaygazetesi.com\/index.php?rest_route=\/wp\/v2\/users\/1"}],"replies":[{"embeddable":true,"href":"https:\/\/akdenizolaygazetesi.com\/index.php?rest_route=%2Fwp%2Fv2%2Fcomments&post=1026"}],"version-history":[{"count":0,"href":"https:\/\/akdenizolaygazetesi.com\/index.php?rest_route=\/wp\/v2\/posts\/1026\/revisions"}],"wp:attachment":[{"href":"https:\/\/akdenizolaygazetesi.com\/index.php?rest_route=%2Fwp%2Fv2%2Fmedia&parent=1026"}],"wp:term":[{"taxonomy":"category","embeddable":true,"href":"https:\/\/akdenizolaygazetesi.com\/index.php?rest_route=%2Fwp%2Fv2%2Fcategories&post=1026"},{"taxonomy":"post_tag","embeddable":true,"href":"https:\/\/akdenizolaygazetesi.com\/index.php?rest_route=%2Fwp%2Fv2%2Ftags&post=1026"}],"curies":[{"name":"wp","href":"https:\/\/api.w.org\/{rel}","templated":true}]}}