{"id":1027,"date":"2020-11-04T18:21:37","date_gmt":"2020-11-04T15:21:37","guid":{"rendered":"http:\/\/mersinekonomipolitikagazetesi.com\/?p=1027"},"modified":"2020-11-04T18:21:37","modified_gmt":"2020-11-04T15:21:37","slug":"mersinin-7-ilcesinde-elektrik-kesintisi-3","status":"publish","type":"post","link":"https:\/\/akdenizolaygazetesi.com\/?p=1027","title":{"rendered":"Mersin\u2019in 7 il\u00e7esinde elektrik kesintisi"},"content":{"rendered":"<p>Mersin\u2019in Akdeniz, Anamur, Ayd\u0131nc\u0131k, Toroslar, Bozyaz\u0131, Erdemli ve Silifke il\u00e7elerinde per\u015fembe g\u00fcn\u00fc tesis ve bak\u0131m \u00e7al\u0131\u015fmalar\u0131 nedeniyle elektrik kesintisi uygulanaca\u011f\u0131 bildirildi.<\/p>\n<p>Toroslar Elektrik Da\u011f\u0131t\u0131m A.\u015e&#8217;den yap\u0131lan yaz\u0131l\u0131 a\u00e7\u0131klamaya g\u00f6re, 11 May\u0131s Per\u015fembe g\u00fcn\u00fc, Akdeniz il\u00e7esi \u00c7ay Mahallesi 6416, 6426, 6417, 6411, 6428, 6423 ve 6422 sokaklara 09:00-17:00 saatleri aras\u0131nda, Adanal\u0131o\u011flu Mahallesi Atat\u00fcrk-4 Caddesi ve \u00c7ay\u0131r Soka\u011fa 09:00-17:00 saatleri aras\u0131nda, Anamur il\u00e7esi Malaklar Mahallesine 09:00-17:00 saatleri aras\u0131nda, Ayd\u0131nc\u0131k il\u00e7esi H\u00fcrriyet Mahallesine 09:00-17:00 saatleri aras\u0131nda, Bozyaz\u0131 il\u00e7esi \u00c7opurlu Mahallesine 09:00-17:00 saatleri aras\u0131nda, Toroslar il\u00e7esi Mevlana Mahallesi 101119, 101112, 101114 ve 101116 sokaklara 09:00-12:00 saatleri aras\u0131nda, \u00c7a\u011fda\u015fkent Mahallesi 93016 ve 93003 sokaklara 08:30-17:00 saatleri aras\u0131nda elektrik verilemeyecek.<br \/>\nErdemli il\u00e7esi Kumkuyu Mahallesi Milli Egemenlik Caddesi, Silifke Caddesi ve Atat\u00fcrk Caddesine 09:00-17:00 saatleri aras\u0131nda, Ayd\u0131nlar Mahallesi, G\u00fczeloluk Mahallesi, Sorgun Mahallesi, Toros Mahallesi, Harfilli Mahallesi, G\u00fcneyli Mahallesi, Akp\u0131nar Mahallesi, Evdilek Mahallesi, Hac\u0131alan\u0131 Mahallesi ve Tozlu Mahallesine 09:00-17:00 saatleri aras\u0131nda, Akp\u0131nar Mahallesine 09:00-17:00 saatleri aras\u0131nda, Silifke il\u00e7esi H\u00fcseyinler Mahallesi Yukar\u0131 Soka\u011fa 09:00-17:00 saatleri aras\u0131nda enerji verilemeyecek.<\/p>\n","protected":false},"excerpt":{"rendered":"<p>Mersin\u2019in Akdeniz, Anamur, Ayd\u0131nc\u0131k, Toroslar, Bozyaz\u0131, Erdemli ve Silifke il\u00e7elerinde per\u015fembe g\u00fcn\u00fc tesis ve bak\u0131m \u00e7al\u0131\u015fmalar\u0131 nedeniyle elektrik kesintisi uygulanaca\u011f\u0131 bildirildi. Toroslar Elektrik Da\u011f\u0131t\u0131m A.\u015e&#8217;den yap\u0131lan yaz\u0131l\u0131 a\u00e7\u0131klamaya g\u00f6re, 11 &hellip; <a href=\"https:\/\/akdenizolaygazetesi.com\/?p=1027\" class=\"more-link\">Devam\u0131n\u0131 Oku&#8230;<\/a><\/p>\n","protected":false},"author":1,"featured_media":0,"comment_status":"open","ping_status":"open","sticky":false,"template":"","format":"standard","meta":[],"categories":[],"tags":[],"_links":{"self":[{"href":"https:\/\/akdenizolaygazetesi.com\/index.php?rest_route=\/wp\/v2\/posts\/1027"}],"collection":[{"href":"https:\/\/akdenizolaygazetesi.com\/index.php?rest_route=\/wp\/v2\/posts"}],"about":[{"href":"https:\/\/akdenizolaygazetesi.com\/index.php?rest_route=\/wp\/v2\/types\/post"}],"author":[{"embeddable":true,"href":"https:\/\/akdenizolaygazetesi.com\/index.php?rest_route=\/wp\/v2\/users\/1"}],"replies":[{"embeddable":true,"href":"https:\/\/akdenizolaygazetesi.com\/index.php?rest_route=%2Fwp%2Fv2%2Fcomments&post=1027"}],"version-history":[{"count":0,"href":"https:\/\/akdenizolaygazetesi.com\/index.php?rest_route=\/wp\/v2\/posts\/1027\/revisions"}],"wp:attachment":[{"href":"https:\/\/akdenizolaygazetesi.com\/index.php?rest_route=%2Fwp%2Fv2%2Fmedia&parent=1027"}],"wp:term":[{"taxonomy":"category","embeddable":true,"href":"https:\/\/akdenizolaygazetesi.com\/index.php?rest_route=%2Fwp%2Fv2%2Fcategories&post=1027"},{"taxonomy":"post_tag","embeddable":true,"href":"https:\/\/akdenizolaygazetesi.com\/index.php?rest_route=%2Fwp%2Fv2%2Ftags&post=1027"}],"curies":[{"name":"wp","href":"https:\/\/api.w.org\/{rel}","templated":true}]}}