{"id":1028,"date":"2020-11-04T18:21:37","date_gmt":"2020-11-04T15:21:37","guid":{"rendered":"http:\/\/mersinekonomipolitikagazetesi.com\/?p=1028"},"modified":"2020-11-04T18:21:37","modified_gmt":"2020-11-04T15:21:37","slug":"vali-cakacak-vakiflar-haftasini-kutladi","status":"publish","type":"post","link":"https:\/\/akdenizolaygazetesi.com\/?p=1028","title":{"rendered":"Vali \u00c7akacak, Vak\u0131flar Haftas\u0131\u2019n\u0131 kutlad\u0131"},"content":{"rendered":"<p>Mersin Valisi \u00d6zdemir \u00c7akacak, vak\u0131f k\u00fclt\u00fcr\u00fcn\u00fcn sosyal yard\u0131mla\u015fman\u0131n, dayan\u0131\u015fman\u0131n, birli\u011fin ve beraberli\u011fin en g\u00fczel \u00f6rneklerini g\u00f6sterdi\u011fini belirterek, Vak\u0131flar Haftas\u0131\u2019n\u0131 kutlad\u0131.<\/p>\n<p>Adana Vak\u0131flar B\u00f6lge M\u00fcd\u00fcrl\u00fc\u011f\u00fc, 8-14 May\u0131s 2017 tarihleri aras\u0131nda kutlanacak Vak\u0131flar Haftas\u0131 dolay\u0131s\u0131yla, sorumluluk alan\u0131na giren Adana, Mersin ve Osmaniye\u2019de \u00e7e\u015fitli etkinlikler d\u00fczenliyor. Bu \u00e7er\u00e7evede, Adana Vak\u0131flar B\u00f6lge M\u00fcd\u00fcr\u00fc Recep Kafes, beraberindeki heyetle birlikte Mersin\u2019e gelerek, Vali \u00d6zdemir \u00c7akacak\u2019\u0131 makam\u0131nda ziyaret etti.<br \/>\nG\u00f6r\u00fc\u015fmede, ziyaretten duydu\u011fu memnuniyeti dile getiren \u00c7akacak, vak\u0131flar\u0131n toplumda \u00e7ok \u00f6nemli bir yere sahip oldu\u011funu vurgulayarak, \u201cVak\u0131f k\u00fclt\u00fcr\u00fc bizlere sosyal yard\u0131mla\u015fman\u0131n, dayan\u0131\u015fman\u0131n, birli\u011fin ve beraberli\u011fin en g\u00fczel \u00f6rneklerini g\u00f6stermektedir\u201d dedi.<br \/>\nVak\u0131flar B\u00f6lge M\u00fcd\u00fcr\u00fc Kafes ve beraberindeki heyetin nezdinde t\u00fcm vak\u0131f \u00e7al\u0131\u015fanlar\u0131n\u0131n Vak\u0131flar Haftas\u0131\u2019n\u0131 kutlayan \u00c7akacak, \u00e7al\u0131\u015fmalar\u0131nda ba\u015far\u0131lar diledi.<br \/>\nB\u00f6lge M\u00fcd\u00fcr\u00fc Kafes ise \u00c7akacak&#8217;a kurumun \u00e7al\u0131\u015fmalar\u0131 hakk\u0131nda bilgi verdi. Bu y\u0131l 34\u2019\u00fcnc\u00fcs\u00fc \u2018Vak\u0131f Medeniyeti ve Kud\u00fcs\u2019 temas\u0131yla kutlanan Vak\u0131flar Haftas\u0131 boyunca sergi, konferans gibi bir\u00e7ok etkinlik ger\u00e7ekle\u015ftireceklerini s\u00f6yleyen Kafes, etkinlikler kapsam\u0131nda vak\u0131flar\u0131 anlamak, vatanda\u015flara anlatmak ve tan\u0131tmak amac\u0131yla sorumluluk alanlar\u0131 olan Adana, Mersin ve Osmaniye illerini ziyaret ederek \u00e7e\u015fitli programlar ger\u00e7ekle\u015ftirdiklerini ifade etti. Kafes, vak\u0131flar\u0131n Mersin \u00f6zelinde ger\u00e7ekle\u015ftirdi\u011fi faaliyetlerinde verdi\u011fi desteklerden dolay\u0131 Vali \u00c7akacak\u2019a te\u015fekk\u00fcr etti.<\/p>\n","protected":false},"excerpt":{"rendered":"<p>Mersin Valisi \u00d6zdemir \u00c7akacak, vak\u0131f k\u00fclt\u00fcr\u00fcn\u00fcn sosyal yard\u0131mla\u015fman\u0131n, dayan\u0131\u015fman\u0131n, birli\u011fin ve beraberli\u011fin en g\u00fczel \u00f6rneklerini g\u00f6sterdi\u011fini belirterek, Vak\u0131flar Haftas\u0131\u2019n\u0131 kutlad\u0131. Adana Vak\u0131flar B\u00f6lge M\u00fcd\u00fcrl\u00fc\u011f\u00fc, 8-14 May\u0131s 2017 tarihleri aras\u0131nda kutlanacak &hellip; <a href=\"https:\/\/akdenizolaygazetesi.com\/?p=1028\" class=\"more-link\">Devam\u0131n\u0131 Oku&#8230;<\/a><\/p>\n","protected":false},"author":1,"featured_media":0,"comment_status":"open","ping_status":"open","sticky":false,"template":"","format":"standard","meta":[],"categories":[],"tags":[],"_links":{"self":[{"href":"https:\/\/akdenizolaygazetesi.com\/index.php?rest_route=\/wp\/v2\/posts\/1028"}],"collection":[{"href":"https:\/\/akdenizolaygazetesi.com\/index.php?rest_route=\/wp\/v2\/posts"}],"about":[{"href":"https:\/\/akdenizolaygazetesi.com\/index.php?rest_route=\/wp\/v2\/types\/post"}],"author":[{"embeddable":true,"href":"https:\/\/akdenizolaygazetesi.com\/index.php?rest_route=\/wp\/v2\/users\/1"}],"replies":[{"embeddable":true,"href":"https:\/\/akdenizolaygazetesi.com\/index.php?rest_route=%2Fwp%2Fv2%2Fcomments&post=1028"}],"version-history":[{"count":0,"href":"https:\/\/akdenizolaygazetesi.com\/index.php?rest_route=\/wp\/v2\/posts\/1028\/revisions"}],"wp:attachment":[{"href":"https:\/\/akdenizolaygazetesi.com\/index.php?rest_route=%2Fwp%2Fv2%2Fmedia&parent=1028"}],"wp:term":[{"taxonomy":"category","embeddable":true,"href":"https:\/\/akdenizolaygazetesi.com\/index.php?rest_route=%2Fwp%2Fv2%2Fcategories&post=1028"},{"taxonomy":"post_tag","embeddable":true,"href":"https:\/\/akdenizolaygazetesi.com\/index.php?rest_route=%2Fwp%2Fv2%2Ftags&post=1028"}],"curies":[{"name":"wp","href":"https:\/\/api.w.org\/{rel}","templated":true}]}}