{"id":1029,"date":"2020-11-04T18:21:37","date_gmt":"2020-11-04T15:21:37","guid":{"rendered":"http:\/\/mersinekonomipolitikagazetesi.com\/?p=1029"},"modified":"2020-11-04T18:21:37","modified_gmt":"2020-11-04T15:21:37","slug":"mersin-idmanyurdu-eski-gunlerini-mumla-ariyor","status":"publish","type":"post","link":"https:\/\/akdenizolaygazetesi.com\/?p=1029","title":{"rendered":"Mersin \u0130dmanyurdu, eski g\u00fcnlerini mumla ar\u0131yor"},"content":{"rendered":"<p>3 y\u0131ld\u0131r a\u00e7\u0131lamayan transfer tahtas\u0131, ya\u015fan\u0131lan maddi problemlerden dolay\u0131 \u00f6nce S\u00fcper Lig&#8217;den TFF 1. Lig&#8217;e, bu y\u0131l da 2. Lig&#8217;e d\u00fc\u015fen Mersin \u0130dman Yurdu&#8217;nda moraller bozuk. Ba\u015fkan Mahmut Karak ellerinden gelen her \u015feyi yapt\u0131klar\u0131n\u0131 s\u00f6yleyerek, &#8220;D\u00fc\u015ft\u00fc\u011f\u00fcm\u00fcz i\u00e7in \u00fczg\u00fcn\u00fcz. \u0130n\u015fallah d\u00fc\u015ft\u00fc\u011f\u00fcm\u00fcz yerden aya\u011fa kalk\u0131p, \u015fahlanmak istiyoruz&#8221; dedi.<\/p>\n<p>G\u00f6ztepe ma\u011flubiyeti sonras\u0131nda k\u00fcme d\u00fc\u015fen Mersin \u0130dman Yurdu zor g\u00fcnler ya\u015f\u0131yor. 1925 y\u0131l\u0131nda kurulan ve T\u00fcrkiye&#8217;nin en k\u00f6kl\u00fc kul\u00fcplerinden olan Mersin, 3 y\u0131ld\u0131r a\u00e7\u0131lamayan transfer tahtas\u0131, uzun s\u00fcredir devam eden maddi s\u0131k\u0131nt\u0131lar nedeniyle \u00e7\u0131kmaza girdi. Ge\u00e7ti\u011fimiz sezon S\u00fcper Lig&#8217;de oynayan tak\u0131m, \u00f6n\u00fcm\u00fczdeki sezon 2. Lig&#8217;de m\u00fccadele edecek. Bu y\u0131l TFF 1. Lig&#8217;de m\u00fccadele eden ve ligin bitimine 2 hafta kala 2. Lig&#8217;e d\u00fc\u015fmesi kesinle\u015fen k\u0131rm\u0131z\u0131-lacivertlilerde moraller bozuk. Eski y\u0131llarda yakalad\u0131\u011f\u0131 ba\u015far\u0131lar\u0131 mumla arayan Mersin ekibi, 92 y\u0131ll\u0131k tarihinde 15 y\u0131l S\u00fcper Lig, 39 y\u0131l 2. liglerde ve 38 y\u0131l da amat\u00f6r liglerde m\u00fccadele etti. \u0130lk profesyonel m\u00fccadelesine 2. ligde \u00c7ukurova \u0130dman Yurdu ad\u0131 alt\u0131nda 1963-1964 y\u0131l\u0131nda ba\u015flayan k\u0131rm\u0131z\u0131-lacivertliler, ilk sezonunda 24 ma\u00e7ta 10 galibiyet, 5 beraberlik, 9 ma\u011flubiyet alarak 25 puanla ligi 5. s\u0131rada tamamlad\u0131. 1964-1965 y\u0131l\u0131nda \u015fimdiki ad\u0131 olan Mersin \u0130dman Yurdu&#8217;nu alan ekip, bu sezonda 30 ma\u00e7ta 18 galibiyet, 4 beraberlik, 8 ma\u011flubiyet alarak ligi 40 puanla 4. s\u0131rada bitirdi. Bundan sonra bir y\u0131l da 2. ligde m\u00fccadele eden Mersin ekibi, 1966-1967 y\u0131l\u0131nda 32 ma\u00e7ta 22 galibiyet, 6 beraberlik, 4 ma\u011flubiyet alarak ligi 50 puanla lider tamamlayarak, ilk kez S\u00fcper Lig&#8217;e \u00e7\u0131kt\u0131.<\/p>\n<p>S\u00fcper Lig&#8217;i 4. s\u0131rada tamamlad\u0131<br \/>\nS\u00fcper Lig&#8217;de ilk sezonunu 1967-1968 y\u0131l\u0131nda ge\u00e7iren g\u00fcney ekibi, 32 ma\u00e7ta 12 galibiyet, 6 beraberlik, 14 ma\u011flubiyet alarak ligi 30 puanla 10. s\u0131rada tamamlad\u0131. Mersin ekibi, S\u00fcper Lig&#8217;deki en iyi sezonunu ise 1969-1970 y\u0131llar\u0131nda ge\u00e7irdi. Bu y\u0131l oynad\u0131\u011f\u0131 30 ma\u00e7ta 12 galibiyet, 12 beraberlik, 6 ma\u011flubiyet elde eden Mersin \u0130dman Yurdu, ligi de 36 puanla 4. s\u0131rada bitirmeyi ba\u015fard\u0131. Bu y\u0131l ayr\u0131ca Be\u015fikta\u015f, Fenerbah\u00e7e ve Galatasaray&#8217;\u0131n da korkulu r\u00fcyas\u0131 olan Mersin ekibi, bir tek deplasmanda Galatasaray&#8217;a 2-1 boyun e\u011fdi. 1973-1974 y\u0131l\u0131na kadar S\u00fcper Lig&#8217;de m\u00fccadelesini s\u00fcrd\u00fcren Mersin \u0130dman Yurdu, bu sezon oynad\u0131\u011f\u0131 30 ma\u00e7ta 8 galibiyet, 6 beraberlik, 16 ma\u011flubiyet alarak, 22 puan toplad\u0131 ve k\u00fcme d\u00fc\u015ft\u00fc. Mersin, 2 sezon 2 Lig&#8217;de oynad\u0131ktan sonra yeniden S\u00fcper Lig&#8217;e y\u00fckselmeyi ba\u015fard\u0131. Ancak S\u00fcper Lig&#8217;de de 2 sene durabilen Mersin ekibi, 1977-1978 sezonunda oynad\u0131\u011f\u0131 30 ma\u00e7ta 3 galibiyet, 15 beraberlik ve 12 ma\u011flubiyet alarak, 21 puanla ligi 16. s\u0131rada tamamlad\u0131 ve tekrardan 2. lige d\u00fc\u015ft\u00fc. 1979-80 sezonunda da S\u00fcper Lig&#8217;e y\u00fckselme ba\u015far\u0131s\u0131 g\u00f6steren Mersin \u0130dman Yurdu, 1 sezon aradan sonra yeniden k\u00fcme d\u00fc\u015ft\u00fc ve uzun s\u00fcre S\u00fcper Lig&#8217;e y\u00fckselemedi.<\/p>\n<p>Sadece 6 galibiyet<br \/>\nMersin ekibi, 1982-1983 y\u0131l\u0131nda d\u00fc\u015ft\u00fc\u011f\u00fc 2. ligde tam 28 y\u0131l S\u00fcper Lig&#8217;e \u00e7\u0131kmak i\u00e7in m\u00fccadele verdi. Bu s\u00fcre\u00e7te. 2. Lig B kategorisine de d\u00fc\u015fen k\u0131rm\u0131z\u0131-lacivertli ekip, 2010-2011 sezonunda oynad\u0131\u011f\u0131 32 ma\u00e7ta 17 galibiyet, 7 beraberlik, 8 ma\u011flubiyet alarak ligi 58 puanla lider bitirerek, S\u00fcper Lig&#8217;e &#8216;merhaba&#8217; dedi. 28 y\u0131l aradan sonra \u00e7\u0131kt\u0131\u011f\u0131 S\u00fcper Lig&#8217;in ilk sezonunda 34 ma\u00e7ta 12 galibiyet, 6 beraberlik, 16&#8217;da ma\u011flubiyet alan G\u00fcney ekibi, 42 puanla 13. s\u0131rada yer ald\u0131. Ancak Mersin ekibinin S\u00fcper Lig maceras\u0131 yine erken bitti. 2012-2013 sezonunda 22 puanla ligin sonunda yer alan \u00c7ukurova temsilcisi, yeniden 2. Lig&#8217;e d\u00fc\u015ft\u00fc. Spor kamuoyunun &#8216;asans\u00f6r tak\u0131m&#8217; benzetmesi yapt\u0131\u011f\u0131 Mersin \u0130dman Yurdu, tam da bu s\u00f6yleme uyar gibi 2013-2014 sezonunda ligi 6. s\u0131rada bitirmi\u015f, Play-Off ma\u00e7lar\u0131nda rakiplerini yenerek tekrardan S\u00fcper Lig&#8217;e \u00e7\u0131km\u0131\u015ft\u0131. S\u00fcper Lig&#8217;de 2 y\u0131l m\u00fccadele eden k\u0131rm\u0131z\u0131-lacivertli ekip, 2015-2016 sezonunda 21 puan toplayarak ligi sonuncu bitirmi\u015f ve TFF 1. Lig&#8217;e d\u00fc\u015fm\u00fc\u015ft\u00fc. Bu sezon oynad\u0131\u011f\u0131 32 ma\u00e7ta 6 galibiyet, 10 beraberlik, 16 da ma\u011flubiyet alan Akdeniz ekibi, 3 puan silinme cezas\u0131 bulunmas\u0131ndan dolay\u0131 25 puanla son s\u0131raya demir att\u0131 ve ligin bitimine 2 hafta kala ligden d\u00fc\u015fmeyi garantiledi.<\/p>\n<p>&#8220;Evlad\u0131m\u0131z\u0131, karde\u015fimizi, annemizi, babam\u0131z\u0131 kaybetmi\u015f gibi \u00fcz\u00fcl\u00fcyoruz&#8221;<br \/>\nTak\u0131m\u0131n bundan sonraki durumuyla ilgili \u0130HA muhabirine a\u00e7\u0131klamalarda bulunan Mersin \u0130dman Yurdu Ba\u015fkan\u0131 Mahmut Karak, &#8220;\u00d6ncelikli olarak maalesef 2. Lig&#8217;e d\u00fc\u015fmemiz kesinle\u015fti ve bu y\u00fczden \u00e7ok \u00fczg\u00fcn\u00fcz, can\u0131m\u0131z \u00e7ok s\u0131k\u0131l\u0131yor. Evlad\u0131m\u0131z\u0131, karde\u015fimizi, annemizi, babam\u0131z\u0131 kaybetmi\u015f gibi \u00fcz\u00fcl\u00fcyoruz. Tabii bundan sonra tak\u0131m\u0131m\u0131za daha \u00e7ok sahip \u00e7\u0131kmal\u0131y\u0131z. Biz d\u00fc\u015fm\u00fc\u015f olabiliriz ama oradan aya\u011fa kalk\u0131p, yeniden \u015fahlanmak istiyoruz. Bunun i\u00e7inde geldi\u011fimiz g\u00fcnden beri hep s\u00f6yledi\u011fimiz bir \u015fey var. Kul\u00fcb\u00fcm\u00fcz\u00fc kurumsalla\u015ft\u0131rmal\u0131y\u0131z. Tak\u0131m\u0131m\u0131z\u0131n \u00f6zellikle altyap\u0131s\u0131na b\u00fcy\u00fck yat\u0131r\u0131mlar yapaca\u011f\u0131z. Burada bir futbol okulu kurup, buradan futbolcu yeti\u015ftirip, gelir elde etmek istiyoruz. Biz kul\u00fcp olarak kendi kendimize ayakta durmay\u0131 ba\u015farabilirsek, bundan sonra ba\u015far\u0131l\u0131 oluruz. Biz kimseden destek beklemeden, kimseden destek g\u00f6rmeden kendi kendine yetebilen bir kul\u00fcp olmal\u0131y\u0131z. \u00d6ncelikle bor\u00e7lar\u0131m\u0131z\u0131 yap\u0131land\u0131rmaya ve transfer tahtas\u0131n\u0131 a\u00e7maya \u00e7al\u0131\u015faca\u011f\u0131z. Biz Mersin \u0130dman Yurdu sevdal\u0131s\u0131 olarak yola \u00e7\u0131kt\u0131k. Her zaman Mersin \u0130dman Yurdu&#8217;nun ba\u015far\u0131l\u0131 olmas\u0131 i\u00e7in elimizden gelen her \u015feyi yapmaya \u00e7al\u0131\u015ft\u0131k. Bundan sonrada tak\u0131m\u0131m\u0131z\u0131n hak etti\u011fi yere tekrardan \u00e7\u0131kmas\u0131 i\u00e7in elimizden gelen her \u015feyi yapaca\u011f\u0131z. \u00d6ncelikle 2. Lig&#8217;den TFF 1. Lig&#8217;e, buradan da S\u00fcper Lig&#8217;e tekrar \u00e7\u0131kmas\u0131 i\u00e7in her t\u00fcrl\u00fc \u00e7al\u0131\u015fmay\u0131 yapaca\u011f\u0131z. \u0130n\u015fallah \u00f6n\u00fcm\u00fczdeki y\u0131llarda Mersin \u0130dman Yurdu yeniden hak etti\u011fi yerde olacakt\u0131r&#8221; dedi.<\/p>\n","protected":false},"excerpt":{"rendered":"<p>3 y\u0131ld\u0131r a\u00e7\u0131lamayan transfer tahtas\u0131, ya\u015fan\u0131lan maddi problemlerden dolay\u0131 \u00f6nce S\u00fcper Lig&#8217;den TFF 1. Lig&#8217;e, bu y\u0131l da 2. Lig&#8217;e d\u00fc\u015fen Mersin \u0130dman Yurdu&#8217;nda moraller bozuk. Ba\u015fkan Mahmut Karak ellerinden &hellip; <a href=\"https:\/\/akdenizolaygazetesi.com\/?p=1029\" class=\"more-link\">Devam\u0131n\u0131 Oku&#8230;<\/a><\/p>\n","protected":false},"author":1,"featured_media":0,"comment_status":"open","ping_status":"open","sticky":false,"template":"","format":"standard","meta":[],"categories":[],"tags":[],"_links":{"self":[{"href":"https:\/\/akdenizolaygazetesi.com\/index.php?rest_route=\/wp\/v2\/posts\/1029"}],"collection":[{"href":"https:\/\/akdenizolaygazetesi.com\/index.php?rest_route=\/wp\/v2\/posts"}],"about":[{"href":"https:\/\/akdenizolaygazetesi.com\/index.php?rest_route=\/wp\/v2\/types\/post"}],"author":[{"embeddable":true,"href":"https:\/\/akdenizolaygazetesi.com\/index.php?rest_route=\/wp\/v2\/users\/1"}],"replies":[{"embeddable":true,"href":"https:\/\/akdenizolaygazetesi.com\/index.php?rest_route=%2Fwp%2Fv2%2Fcomments&post=1029"}],"version-history":[{"count":0,"href":"https:\/\/akdenizolaygazetesi.com\/index.php?rest_route=\/wp\/v2\/posts\/1029\/revisions"}],"wp:attachment":[{"href":"https:\/\/akdenizolaygazetesi.com\/index.php?rest_route=%2Fwp%2Fv2%2Fmedia&parent=1029"}],"wp:term":[{"taxonomy":"category","embeddable":true,"href":"https:\/\/akdenizolaygazetesi.com\/index.php?rest_route=%2Fwp%2Fv2%2Fcategories&post=1029"},{"taxonomy":"post_tag","embeddable":true,"href":"https:\/\/akdenizolaygazetesi.com\/index.php?rest_route=%2Fwp%2Fv2%2Ftags&post=1029"}],"curies":[{"name":"wp","href":"https:\/\/api.w.org\/{rel}","templated":true}]}}