{"id":1032,"date":"2020-11-04T18:21:37","date_gmt":"2020-11-04T15:21:37","guid":{"rendered":"http:\/\/mersinekonomipolitikagazetesi.com\/?p=1032"},"modified":"2020-11-04T18:21:37","modified_gmt":"2020-11-04T15:21:37","slug":"et-fiyatlarinin-artisina-kasaplar-da-tepkili","status":"publish","type":"post","link":"https:\/\/akdenizolaygazetesi.com\/?p=1032","title":{"rendered":"ET F\u0130YATLARININ ARTI\u015eINA KASAPLAR DA TEPK\u0130L\u0130!"},"content":{"rendered":"<p>Son g\u00fcnlerde ya\u015fanan et fiyatlar\u0131ndaki art\u0131\u015f kasaplar\u0131 da isyan ettirdi. Et fiyatlar\u0131n\u0131n y\u00fcksek olmas\u0131ndan \u015fikayet\u00e7i olan kasap esnaf\u0131 yetkililerin konuyla ilgili fiyatlara m\u00fcdahalede bulunmas\u0131n\u0131 istedi.<\/p>\n<p><span style=\"color: rgb(34, 34, 34); font-family: arial, sans-serif; font-size: 12.8px; font-style: normal; font-variant-ligatures: normal; font-variant-caps: normal; font-weight: normal; letter-spacing: normal; orphans: 2; text-align: start; text-indent: 0px; text-transform: none; white-space: normal; widows: 2; word-spacing: 0px; -webkit-text-stroke-width: 0px; background-color: rgb(255, 255, 255); text-decoration-style: initial; text-decoration-color: initial; display: inline !important; float: none;\">\u00a0\u00a0 Et fiyatlar\u0131ndaki art\u0131\u015f halk\u0131 etkiledi\u011fi gibi kasaplar\u0131 da olumsuz y\u00f6nde etkiliyor. Son bir y\u0131l i\u00e7erisinde ard arda gelen zamlar kasaplar\u0131 da isyan ettirdi.<\/span><br style=\"color: rgb(34, 34, 34); font-family: arial, sans-serif; font-size: 12.8px; font-style: normal; font-variant-ligatures: normal; font-variant-caps: normal; font-weight: normal; letter-spacing: normal; orphans: 2; text-align: start; text-indent: 0px; text-transform: none; white-space: normal; widows: 2; word-spacing: 0px; -webkit-text-stroke-width: 0px; background-color: rgb(255, 255, 255); text-decoration-style: initial; text-decoration-color: initial;\" \/><br \/>\n<span style=\"color: rgb(34, 34, 34); font-family: arial, sans-serif; font-size: 12.8px; font-style: normal; font-variant-ligatures: normal; font-variant-caps: normal; font-weight: normal; letter-spacing: normal; orphans: 2; text-align: start; text-indent: 0px; text-transform: none; white-space: normal; widows: 2; word-spacing: 0px; -webkit-text-stroke-width: 0px; background-color: rgb(255, 255, 255); text-decoration-style: initial; text-decoration-color: initial; display: inline !important; float: none;\">Mersin Kasaplar \u00c7ar\u015f\u0131s\u0131 esnaflar\u0131ndan ald\u0131\u011f\u0131m\u0131z bilgiler do\u011frultusunda insanlar\u0131n gelirlerine g\u00f6re g\u0131da al\u0131\u015fveri\u015flerinde zorland\u0131klar\u0131 ve bu durumun pazar i\u015fleyi\u015fini de d\u00fc\u015f\u00fcrd\u00fc\u011f\u00fc ortaya \u00e7\u0131k\u0131yor. Kasaplar \u00e7ar\u015f\u0131s\u0131 esnaflar\u0131ndan Hakan Ta\u015f\u00e7\u0131 konuyla ilgili a\u00e7\u0131klamas\u0131nda; &#8221;Esnaf olarak ete gelen bu zamlar bizleri de olumsuz etkiliyor. Asgari \u00fccretin d\u00fc\u015f\u00fck olmas\u0131 insanlar\u0131n al\u0131m g\u00fcc\u00fcn\u00fc yok ediyor. Ge\u00e7en y\u0131llarda 20-25 TL olan etin kilo fiyat\u0131 sadece bu y\u0131l i\u00e7erisinde zaman zaman 45 Tl&#8217;ye kadar art\u0131\u015f g\u00f6sterdi. Durum b\u00f6yle olunca insanlar beyaz ete y\u00f6neliyor. Ancak bu \u00e7\u00f6z\u00fcm olmuyor insanlar hangi alanda t\u00fcketimi artt\u0131rsa o alanda zamlar ard\u0131 ard\u0131na geliyor. Bizim de i\u015flerimiz bu \u015fekilde y\u00fcr\u00fcm\u00fcyor. S\u0131k s\u0131k olmasa da kepenk kapatan esnaf arkada\u015flar\u0131m\u0131z dahi oluyor. Pazar piyasas\u0131n\u0131n bu \u015fekilde olmas\u0131, b\u00fcy\u00fck patronlar\u0131n cebini doldurmaktan ba\u015fka bir i\u015fe yaram\u0131yor. Yetkililerin dengesiz \u015fekilde artan bu fiyatlara m\u00fcdahale etmesini istiyoruz.&#8221; \u015feklinde ifadelerde bulundu.<\/span><\/p>\n<p><span style=\"color: rgb(80, 0, 80); font-family: arial, sans-serif; font-size: 12.8px; font-style: normal; font-variant-ligatures: normal; font-variant-caps: normal; font-weight: normal; letter-spacing: normal; orphans: 2; text-align: start; text-indent: 0px; text-transform: none; white-space: normal; widows: 2; word-spacing: 0px; -webkit-text-stroke-width: 0px; background-color: rgb(255, 255, 255); text-decoration-style: initial; text-decoration-color: initial; display: inline !important; float: none;\">Bu do\u011frultuda ge\u00e7ti\u011fimiz g\u00fcnlerde, G\u0131da Tar\u0131m ve Hayvanc\u0131l\u0131k Bakan\u0131 Faruk \u00c7elik, yapt\u0131\u011f\u0131 a\u00e7\u0131klamayla et fiyatlar\u0131ndaki art\u0131\u015f\u0131 tekrar g\u00fcndeme ta\u015f\u0131m\u0131\u015ft\u0131.<\/span><br style=\"color: rgb(80, 0, 80); font-family: arial, sans-serif; font-size: 12.8px; font-style: normal; font-variant-ligatures: normal; font-variant-caps: normal; font-weight: normal; letter-spacing: normal; orphans: 2; text-align: start; text-indent: 0px; text-transform: none; white-space: normal; widows: 2; word-spacing: 0px; -webkit-text-stroke-width: 0px; background-color: rgb(255, 255, 255); text-decoration-style: initial; text-decoration-color: initial;\" \/><br \/>\n<span style=\"color: rgb(80, 0, 80); font-family: arial, sans-serif; font-size: 12.8px; font-style: normal; font-variant-ligatures: normal; font-variant-caps: normal; font-weight: normal; letter-spacing: normal; orphans: 2; text-align: start; text-indent: 0px; text-transform: none; white-space: normal; widows: 2; word-spacing: 0px; -webkit-text-stroke-width: 0px; background-color: rgb(255, 255, 255); text-decoration-style: initial; text-decoration-color: initial; display: inline !important; float: none;\">Faruk \u00c7elik fiyatlar\u0131n art\u0131\u015f\u0131nda spek\u00fclat\u00f6rleri sorumlu tutarken, T\u00fcrkiye S\u00fct, Et, G\u0131da Sanayicileri ve \u00dcreticileri Birli\u011fi Ba\u015fkan\u0131 ise bu durumun 2019&#8217;a kadar devam edebilece\u011fini ifade etmi\u015fti.<\/span><\/p>\n","protected":false},"excerpt":{"rendered":"<p>Son g\u00fcnlerde ya\u015fanan et fiyatlar\u0131ndaki art\u0131\u015f kasaplar\u0131 da isyan ettirdi. Et fiyatlar\u0131n\u0131n y\u00fcksek olmas\u0131ndan \u015fikayet\u00e7i olan kasap esnaf\u0131 yetkililerin konuyla ilgili fiyatlara m\u00fcdahalede bulunmas\u0131n\u0131 istedi. \u00a0\u00a0 Et fiyatlar\u0131ndaki art\u0131\u015f halk\u0131 &hellip; <a href=\"https:\/\/akdenizolaygazetesi.com\/?p=1032\" class=\"more-link\">Devam\u0131n\u0131 Oku&#8230;<\/a><\/p>\n","protected":false},"author":1,"featured_media":0,"comment_status":"open","ping_status":"open","sticky":false,"template":"","format":"standard","meta":[],"categories":[],"tags":[],"_links":{"self":[{"href":"https:\/\/akdenizolaygazetesi.com\/index.php?rest_route=\/wp\/v2\/posts\/1032"}],"collection":[{"href":"https:\/\/akdenizolaygazetesi.com\/index.php?rest_route=\/wp\/v2\/posts"}],"about":[{"href":"https:\/\/akdenizolaygazetesi.com\/index.php?rest_route=\/wp\/v2\/types\/post"}],"author":[{"embeddable":true,"href":"https:\/\/akdenizolaygazetesi.com\/index.php?rest_route=\/wp\/v2\/users\/1"}],"replies":[{"embeddable":true,"href":"https:\/\/akdenizolaygazetesi.com\/index.php?rest_route=%2Fwp%2Fv2%2Fcomments&post=1032"}],"version-history":[{"count":0,"href":"https:\/\/akdenizolaygazetesi.com\/index.php?rest_route=\/wp\/v2\/posts\/1032\/revisions"}],"wp:attachment":[{"href":"https:\/\/akdenizolaygazetesi.com\/index.php?rest_route=%2Fwp%2Fv2%2Fmedia&parent=1032"}],"wp:term":[{"taxonomy":"category","embeddable":true,"href":"https:\/\/akdenizolaygazetesi.com\/index.php?rest_route=%2Fwp%2Fv2%2Fcategories&post=1032"},{"taxonomy":"post_tag","embeddable":true,"href":"https:\/\/akdenizolaygazetesi.com\/index.php?rest_route=%2Fwp%2Fv2%2Ftags&post=1032"}],"curies":[{"name":"wp","href":"https:\/\/api.w.org\/{rel}","templated":true}]}}