{"id":1033,"date":"2020-11-04T18:21:37","date_gmt":"2020-11-04T15:21:37","guid":{"rendered":"http:\/\/mersinekonomipolitikagazetesi.com\/?p=1033"},"modified":"2020-11-04T18:21:37","modified_gmt":"2020-11-04T15:21:37","slug":"yazar-nihan-kaya-ogrencilerle-bulustu","status":"publish","type":"post","link":"https:\/\/akdenizolaygazetesi.com\/?p=1033","title":{"rendered":"Yazar Nihan Kaya \u00f6\u011frencilerle bulu\u015ftu"},"content":{"rendered":"<p>Roman ve \u00f6yk\u00fcleriyle tan\u0131nan \u00fcnl\u00fc yazar Nihan Kaya Erdemli&#8217;de \u00f6\u011frencilerle bulu\u015ftu.\u00d6\u011frencilere \u00e7ok okuyup i\u00e7lerindeki yazar\u0131 ke\u015ffetmelerini tavsiye eden Kaya, \u00f6\u011frencilerle ger\u00e7ekle\u015ftirdi\u011fi s\u00f6yle\u015fide &#8220;Kelimelerle kurdu\u011fumuz ili\u015fki hayatla kurdu\u011fumuz ili\u015fkiyi belirler&#8221; dedi.<\/p>\n<p>Yazar Nihan Kaya, Erdemli&#8217;deki 15 Temmuz \u015eehitleri \u0130mam Hatip Ortaokulu idaresi ve okul aile birli\u011fi taraf\u0131ndan ger\u00e7ekle\u015ftirilen &#8216;Yazarlarla bulu\u015fuyoruz&#8217; s\u00f6yle\u015fi program\u0131na kat\u0131larak, yazarl\u0131k deneyimlerini \u00f6\u011frencilerle payla\u015ft\u0131.<br \/>\n\u00d6yk\u00fc, edebiyat, yazarl\u0131k gibi kavramlar\u0131 \u00f6\u011frencilere a\u00e7\u0131klay\u0131p okuman\u0131n \u00f6nemine i\u015faret eden Kaya, s\u00f6yle\u015fide \u00e7ocuklar taraf\u0131ndan kendisine y\u00f6neltilen &#8220;Nas\u0131l yazar oldunuz ?&#8221; sorusunu da yan\u0131tlad\u0131. Kaya, &#8220;Yazar olman\u0131n ilk \u015fart\u0131 \u00e7ok okumaktan ge\u00e7iyor. Kat\u0131ld\u0131\u011f\u0131m b\u00fct\u00fcn programlarda, s\u00f6yle\u015filerde \u00f6ncelikli olarak bahsetti\u011fim konu, \u00e7ok okuman\u0131n \u00f6nemi oluyor. Okumak empati duygular\u0131n\u0131 geli\u015ftiriyor, insanlar\u0131 ve \u00e7evremizi daha iyi anlamam\u0131za da katk\u0131 sa\u011fl\u0131yor. Okumak bir anlamda bize farkl\u0131 bir d\u00fcnyan\u0131n kap\u0131lar\u0131n\u0131 da a\u00e7\u0131yor. \u00c7ok okuyup i\u00e7inizdeki yazar\u0131 da ke\u015ffedelirsiniz&#8221; dedi.<\/p>\n<p>&#8220;Her s\u00f6zc\u00fck asl\u0131nda bir hikaye ile \u00e7evrili&#8221;<br \/>\nS\u00f6zc\u00fcklerin anlamlar\u0131n\u0131 bilmenin \u00f6nemli oldu\u011funa da de\u011finen Kaya, &#8220;Her s\u00f6zc\u00fck her c\u00fcmle asl\u0131nda bir hikaye ile \u00e7evrili. Burada bu \u00e7evrili olan hikayeyi bulmak, ke\u015ffetmek \u00f6nemli. Unutmayal\u0131m ki kelimelerle kurdu\u011fumuz ili\u015fki hayatla kurdu\u011fumuz ili\u015fkiyi belirler&#8221; diye konu\u015ftu.<br \/>\nD\u00fczenlenen etkinliklerle ilgili bilgi veren Okul Aile Birli\u011fi Ba\u015fkan\u0131 \u0130brahim Tepe ise, &#8220;Zaman zaman \u00f6\u011frencilerimizle yazarlar\u0131m\u0131z\u0131 bulu\u015fturuyoruz. Buradaki hedefimiz \u00f6\u011frencilerimizi \u00e7ok okuyan bireyler olmalar\u0131 y\u00f6n\u00fcnde te\u015fvik etmektir. Yazar\u0131m\u0131z Nihan Kaya yazarl\u0131k deneyimleri, tecr\u00fcbeleri ve tavsiyeleriyle \u00f6\u011frencilerimiz taraf\u0131ndan ilgiyle dinlendi. \u00d6\u011frencilerimizin y\u00f6netti\u011fi sorular\u0131 bizlerde dikkatlice takip ettik. Y\u00f6neltilen sorulardan \u00f6\u011frencilerimizin ne kadar motive oldu\u011funu da bizzat g\u00f6rd\u00fck. Bu t\u00fcr etkinliklerin s\u00fcrd\u00fcr\u00fclmesi anlam\u0131nda gayretlerimiz devam edecektir&#8221; \u015feklinde konu\u015ftu.<\/p>\n","protected":false},"excerpt":{"rendered":"<p>Roman ve \u00f6yk\u00fcleriyle tan\u0131nan \u00fcnl\u00fc yazar Nihan Kaya Erdemli&#8217;de \u00f6\u011frencilerle bulu\u015ftu.\u00d6\u011frencilere \u00e7ok okuyup i\u00e7lerindeki yazar\u0131 ke\u015ffetmelerini tavsiye eden Kaya, \u00f6\u011frencilerle ger\u00e7ekle\u015ftirdi\u011fi s\u00f6yle\u015fide &#8220;Kelimelerle kurdu\u011fumuz ili\u015fki hayatla kurdu\u011fumuz ili\u015fkiyi belirler&#8221; dedi. &hellip; <a href=\"https:\/\/akdenizolaygazetesi.com\/?p=1033\" class=\"more-link\">Devam\u0131n\u0131 Oku&#8230;<\/a><\/p>\n","protected":false},"author":1,"featured_media":0,"comment_status":"open","ping_status":"open","sticky":false,"template":"","format":"standard","meta":[],"categories":[],"tags":[],"_links":{"self":[{"href":"https:\/\/akdenizolaygazetesi.com\/index.php?rest_route=\/wp\/v2\/posts\/1033"}],"collection":[{"href":"https:\/\/akdenizolaygazetesi.com\/index.php?rest_route=\/wp\/v2\/posts"}],"about":[{"href":"https:\/\/akdenizolaygazetesi.com\/index.php?rest_route=\/wp\/v2\/types\/post"}],"author":[{"embeddable":true,"href":"https:\/\/akdenizolaygazetesi.com\/index.php?rest_route=\/wp\/v2\/users\/1"}],"replies":[{"embeddable":true,"href":"https:\/\/akdenizolaygazetesi.com\/index.php?rest_route=%2Fwp%2Fv2%2Fcomments&post=1033"}],"version-history":[{"count":0,"href":"https:\/\/akdenizolaygazetesi.com\/index.php?rest_route=\/wp\/v2\/posts\/1033\/revisions"}],"wp:attachment":[{"href":"https:\/\/akdenizolaygazetesi.com\/index.php?rest_route=%2Fwp%2Fv2%2Fmedia&parent=1033"}],"wp:term":[{"taxonomy":"category","embeddable":true,"href":"https:\/\/akdenizolaygazetesi.com\/index.php?rest_route=%2Fwp%2Fv2%2Fcategories&post=1033"},{"taxonomy":"post_tag","embeddable":true,"href":"https:\/\/akdenizolaygazetesi.com\/index.php?rest_route=%2Fwp%2Fv2%2Ftags&post=1033"}],"curies":[{"name":"wp","href":"https:\/\/api.w.org\/{rel}","templated":true}]}}