{"id":1036,"date":"2020-11-04T18:21:37","date_gmt":"2020-11-04T15:21:37","guid":{"rendered":"http:\/\/mersinekonomipolitikagazetesi.com\/?p=1036"},"modified":"2020-11-04T18:21:37","modified_gmt":"2020-11-04T15:21:37","slug":"erdemli-belediyesi-yollari-parke-taslarla-dosuyor","status":"publish","type":"post","link":"https:\/\/akdenizolaygazetesi.com\/?p=1036","title":{"rendered":"Erdemli Belediyesi, yollar\u0131 parke ta\u015flarla d\u00f6\u015f\u00fcyor"},"content":{"rendered":"<p>Erdemli Belediyesi, yollar\u0131 parke ta\u015flarla d\u00f6\u015f\u00fcyor<\/p>\n<p>Mersin&#8217;in Erdemli \u0130l\u00e7e Belediyesi, parke yol hizmetine ara vermeden devam ediyor.<br \/>\nKonuyla ilgili a\u00e7\u0131klama yapan Erdemli Belediye Ba\u015fkan\u0131 M\u00fckerrem Tollu, Erdemli Belediyesi&#8217;nin parke yol hizmeti dendi\u011finde en \u00f6nlerde geldi\u011fini belirterek, Erdemli\u2019nin tarihinde almad\u0131\u011f\u0131 parke hizmetini kendi d\u00f6nemlerinde g\u00f6rd\u00fc\u011f\u00fcn\u00fc savundu. T\u00fcm hizmetlerde \u00f6z sermaye kullanmaya son derece \u00f6nem verdiklerini, ayr\u0131ca bunun yan\u0131nda hizmet alan\u0131n\u0131n ve n\u00fcfusun b\u00fcy\u00fcmesiyle ek olarak parke hizmeti sat\u0131n ald\u0131klar\u0131n\u0131 ifade eden Tollu, belediye olarak hizmette s\u0131n\u0131r tan\u0131mad\u0131klar\u0131n\u0131 ancak tasarruftan da taviz vermediklerini dile getirdi. Uzak yak\u0131n demeden t\u00fcm mahallelere parke d\u00f6\u015fediklerini ve d\u00f6\u015femeye devam edeceklerini kaydeden Tollu, belediye ekiplerinin Sinap Mahallesinin t\u00fcm sokaklar\u0131nda parke \u00e7al\u0131\u015fmas\u0131na devam etti\u011fini belirtti.<br \/>\nYak\u0131n zamanda \u00e7al\u0131\u015fmalar\u0131n tamamlanmas\u0131yla mahallelerin g\u00fczel bir g\u00f6r\u00fcn\u00fcme sahip olaca\u011f\u0131na dikkat \u00e7eken ve vatanda\u015flar\u0131n yap\u0131lan hizmetlere sahip \u00e7\u0131kmas\u0131 gerekti\u011fine vurgulayan Tollu, &#8220;\u0130htiyar, gen\u00e7, \u00e7oluk, \u00e7ocuk demeden el ele vererek ve azimle \u00e7al\u0131\u015farak Allah\u2019\u0131n izniyle Erdemli\u2019yi zirvelere ta\u015f\u0131yaca\u011f\u0131z. Bize hizmet etmek, sizlere de bu hizmetlere sahip \u00e7\u0131kmak d\u00fc\u015fer&#8221; dedi.<\/p>\n","protected":false},"excerpt":{"rendered":"<p>Erdemli Belediyesi, yollar\u0131 parke ta\u015flarla d\u00f6\u015f\u00fcyor Mersin&#8217;in Erdemli \u0130l\u00e7e Belediyesi, parke yol hizmetine ara vermeden devam ediyor. Konuyla ilgili a\u00e7\u0131klama yapan Erdemli Belediye Ba\u015fkan\u0131 M\u00fckerrem Tollu, Erdemli Belediyesi&#8217;nin parke yol &hellip; <a href=\"https:\/\/akdenizolaygazetesi.com\/?p=1036\" class=\"more-link\">Devam\u0131n\u0131 Oku&#8230;<\/a><\/p>\n","protected":false},"author":1,"featured_media":0,"comment_status":"open","ping_status":"open","sticky":false,"template":"","format":"standard","meta":[],"categories":[],"tags":[],"_links":{"self":[{"href":"https:\/\/akdenizolaygazetesi.com\/index.php?rest_route=\/wp\/v2\/posts\/1036"}],"collection":[{"href":"https:\/\/akdenizolaygazetesi.com\/index.php?rest_route=\/wp\/v2\/posts"}],"about":[{"href":"https:\/\/akdenizolaygazetesi.com\/index.php?rest_route=\/wp\/v2\/types\/post"}],"author":[{"embeddable":true,"href":"https:\/\/akdenizolaygazetesi.com\/index.php?rest_route=\/wp\/v2\/users\/1"}],"replies":[{"embeddable":true,"href":"https:\/\/akdenizolaygazetesi.com\/index.php?rest_route=%2Fwp%2Fv2%2Fcomments&post=1036"}],"version-history":[{"count":0,"href":"https:\/\/akdenizolaygazetesi.com\/index.php?rest_route=\/wp\/v2\/posts\/1036\/revisions"}],"wp:attachment":[{"href":"https:\/\/akdenizolaygazetesi.com\/index.php?rest_route=%2Fwp%2Fv2%2Fmedia&parent=1036"}],"wp:term":[{"taxonomy":"category","embeddable":true,"href":"https:\/\/akdenizolaygazetesi.com\/index.php?rest_route=%2Fwp%2Fv2%2Fcategories&post=1036"},{"taxonomy":"post_tag","embeddable":true,"href":"https:\/\/akdenizolaygazetesi.com\/index.php?rest_route=%2Fwp%2Fv2%2Ftags&post=1036"}],"curies":[{"name":"wp","href":"https:\/\/api.w.org\/{rel}","templated":true}]}}