{"id":1037,"date":"2020-11-04T18:21:37","date_gmt":"2020-11-04T15:21:37","guid":{"rendered":"http:\/\/mersinekonomipolitikagazetesi.com\/?p=1037"},"modified":"2020-11-04T18:21:37","modified_gmt":"2020-11-04T15:21:37","slug":"mtso-9-mayis-avrupa-gununu-korolar-senligiyle-kutladi","status":"publish","type":"post","link":"https:\/\/akdenizolaygazetesi.com\/?p=1037","title":{"rendered":"MTSO, 9 May\u0131s Avrupa G\u00fcn\u00fc\u2019n\u00fc korolar \u015fenli\u011fiyle kutlad\u0131"},"content":{"rendered":"<p>Mersin Ticaret ve Sanayi Odas\u0131 (MTSO) Avrupa Birli\u011fi (AB) Bilgi Merkezi, 9 May\u0131s Avrupa G\u00fcn\u00fc\u2019nde \u2018Avrupa Birli\u011fi Korolar \u015eenli\u011fi\u2019 d\u00fczenledi.<\/p>\n<p>Her y\u0131l d\u00fcnyan\u0131n \u00e7e\u015fitli \u00fclkelerinde, Avrupa Birli\u011fi\u2019nin misyonunu, tarih\u00e7esini, de\u011ferlerini geni\u015f kitlelerle payla\u015fabilmek amac\u0131yla \u00e7e\u015fitli etkinliklerle kutlanan \u20189 May\u0131s Avrupa G\u00fcn\u00fc\u2019, Mersin\u2019de de Avrupa Birli\u011fi Korolar \u015eenli\u011fi ile kutland\u0131. MTSO AB Bilgi Merkezi ve Mersin \u0130l Milli E\u011fitim M\u00fcd\u00fcrl\u00fc\u011f\u00fc i\u015f birli\u011finde d\u00fczenlenen etkinlikte, Mersin Nevit Kodall\u0131 G\u00fczel Sanatlar Lisesi Bat\u0131 M\u00fczi\u011fi Orkestras\u0131 ile Mersin Devlet Opera ve Balesi \u00c7ocuk Korosu sahne ald\u0131. K\u00fclt\u00fcr Merkezi\u2019nde ger\u00e7ekle\u015fen etkinli\u011fe merkez il\u00e7elerdeki 16 okuldan 25\u2019er ortaokul \u00f6\u011frencisi kat\u0131ld\u0131.<\/p>\n","protected":false},"excerpt":{"rendered":"<p>Mersin Ticaret ve Sanayi Odas\u0131 (MTSO) Avrupa Birli\u011fi (AB) Bilgi Merkezi, 9 May\u0131s Avrupa G\u00fcn\u00fc\u2019nde \u2018Avrupa Birli\u011fi Korolar \u015eenli\u011fi\u2019 d\u00fczenledi. Her y\u0131l d\u00fcnyan\u0131n \u00e7e\u015fitli \u00fclkelerinde, Avrupa Birli\u011fi\u2019nin misyonunu, tarih\u00e7esini, de\u011ferlerini &hellip; <a href=\"https:\/\/akdenizolaygazetesi.com\/?p=1037\" class=\"more-link\">Devam\u0131n\u0131 Oku&#8230;<\/a><\/p>\n","protected":false},"author":1,"featured_media":0,"comment_status":"open","ping_status":"open","sticky":false,"template":"","format":"standard","meta":[],"categories":[],"tags":[],"_links":{"self":[{"href":"https:\/\/akdenizolaygazetesi.com\/index.php?rest_route=\/wp\/v2\/posts\/1037"}],"collection":[{"href":"https:\/\/akdenizolaygazetesi.com\/index.php?rest_route=\/wp\/v2\/posts"}],"about":[{"href":"https:\/\/akdenizolaygazetesi.com\/index.php?rest_route=\/wp\/v2\/types\/post"}],"author":[{"embeddable":true,"href":"https:\/\/akdenizolaygazetesi.com\/index.php?rest_route=\/wp\/v2\/users\/1"}],"replies":[{"embeddable":true,"href":"https:\/\/akdenizolaygazetesi.com\/index.php?rest_route=%2Fwp%2Fv2%2Fcomments&post=1037"}],"version-history":[{"count":0,"href":"https:\/\/akdenizolaygazetesi.com\/index.php?rest_route=\/wp\/v2\/posts\/1037\/revisions"}],"wp:attachment":[{"href":"https:\/\/akdenizolaygazetesi.com\/index.php?rest_route=%2Fwp%2Fv2%2Fmedia&parent=1037"}],"wp:term":[{"taxonomy":"category","embeddable":true,"href":"https:\/\/akdenizolaygazetesi.com\/index.php?rest_route=%2Fwp%2Fv2%2Fcategories&post=1037"},{"taxonomy":"post_tag","embeddable":true,"href":"https:\/\/akdenizolaygazetesi.com\/index.php?rest_route=%2Fwp%2Fv2%2Ftags&post=1037"}],"curies":[{"name":"wp","href":"https:\/\/api.w.org\/{rel}","templated":true}]}}