{"id":1038,"date":"2020-11-04T18:21:37","date_gmt":"2020-11-04T15:21:37","guid":{"rendered":"http:\/\/mersinekonomipolitikagazetesi.com\/?p=1038"},"modified":"2020-11-04T18:21:37","modified_gmt":"2020-11-04T15:21:37","slug":"mersin-adliyesinde-yazi-isleri-mudurune-rusvet-gozaltisi","status":"publish","type":"post","link":"https:\/\/akdenizolaygazetesi.com\/?p=1038","title":{"rendered":"Mersin Adliyesinde yaz\u0131 i\u015fleri m\u00fcd\u00fcr\u00fcne r\u00fc\u015fvet g\u00f6zalt\u0131s\u0131"},"content":{"rendered":"<p>Mersin&#8217;de ceza mahkemesinde g\u00f6revli yaz\u0131 i\u015fleri m\u00fcd\u00fcr\u00fc, hakk\u0131nda mahkumiyet karar\u0131 bulunan bir ki\u015fiden, mahkumiyet karar\u0131n\u0131 kald\u0131raca\u011f\u0131 vaadiyle r\u00fc\u015fvet ald\u0131\u011f\u0131 iddias\u0131yla g\u00f6zalt\u0131na al\u0131nd\u0131.<\/p>\n<p>Mersin Cumhuriyet Ba\u015fsavc\u0131s\u0131 Mustafa Ercan taraf\u0131ndan yap\u0131lan yaz\u0131l\u0131 a\u00e7\u0131klamada, adli bir olay nedeniyle hakk\u0131nda mahkumiyet karar\u0131 verilen F.M. isimli \u015fahsa, &#8216;Senin hakk\u0131nda 1 y\u0131l hapis cezas\u0131 var ama ben bunu 3 bin TL. paraya \u00e7evirir hallederim, bana 500 TL ver, kalan\u0131n\u0131 taksitle \u00f6dersin&#8217; \u015feklinde s\u00f6zler s\u00f6ylemek suretiyle r\u00fc\u015fvet talebinde bulunan, Mersin ceza mahkemelerinden birinde g\u00f6revli Yaz\u0131 \u0130\u015fleri M\u00fcd\u00fcr\u00fc T.E. su\u00e7\u00fcst\u00fc yakalanarak g\u00f6zalt\u0131na al\u0131nd\u0131.<br \/>\nErcan, olayla ilgili olarak Cumhuriyet Ba\u015fsavc\u0131l\u0131\u011f\u0131nca adli ve idari soru\u015fturma ba\u015flat\u0131ld\u0131\u011f\u0131n\u0131 bildirdi.<\/p>\n","protected":false},"excerpt":{"rendered":"<p>Mersin&#8217;de ceza mahkemesinde g\u00f6revli yaz\u0131 i\u015fleri m\u00fcd\u00fcr\u00fc, hakk\u0131nda mahkumiyet karar\u0131 bulunan bir ki\u015fiden, mahkumiyet karar\u0131n\u0131 kald\u0131raca\u011f\u0131 vaadiyle r\u00fc\u015fvet ald\u0131\u011f\u0131 iddias\u0131yla g\u00f6zalt\u0131na al\u0131nd\u0131. Mersin Cumhuriyet Ba\u015fsavc\u0131s\u0131 Mustafa Ercan taraf\u0131ndan yap\u0131lan yaz\u0131l\u0131 &hellip; <a href=\"https:\/\/akdenizolaygazetesi.com\/?p=1038\" class=\"more-link\">Devam\u0131n\u0131 Oku&#8230;<\/a><\/p>\n","protected":false},"author":1,"featured_media":0,"comment_status":"open","ping_status":"open","sticky":false,"template":"","format":"standard","meta":[],"categories":[],"tags":[],"_links":{"self":[{"href":"https:\/\/akdenizolaygazetesi.com\/index.php?rest_route=\/wp\/v2\/posts\/1038"}],"collection":[{"href":"https:\/\/akdenizolaygazetesi.com\/index.php?rest_route=\/wp\/v2\/posts"}],"about":[{"href":"https:\/\/akdenizolaygazetesi.com\/index.php?rest_route=\/wp\/v2\/types\/post"}],"author":[{"embeddable":true,"href":"https:\/\/akdenizolaygazetesi.com\/index.php?rest_route=\/wp\/v2\/users\/1"}],"replies":[{"embeddable":true,"href":"https:\/\/akdenizolaygazetesi.com\/index.php?rest_route=%2Fwp%2Fv2%2Fcomments&post=1038"}],"version-history":[{"count":0,"href":"https:\/\/akdenizolaygazetesi.com\/index.php?rest_route=\/wp\/v2\/posts\/1038\/revisions"}],"wp:attachment":[{"href":"https:\/\/akdenizolaygazetesi.com\/index.php?rest_route=%2Fwp%2Fv2%2Fmedia&parent=1038"}],"wp:term":[{"taxonomy":"category","embeddable":true,"href":"https:\/\/akdenizolaygazetesi.com\/index.php?rest_route=%2Fwp%2Fv2%2Fcategories&post=1038"},{"taxonomy":"post_tag","embeddable":true,"href":"https:\/\/akdenizolaygazetesi.com\/index.php?rest_route=%2Fwp%2Fv2%2Ftags&post=1038"}],"curies":[{"name":"wp","href":"https:\/\/api.w.org\/{rel}","templated":true}]}}