{"id":10383,"date":"2021-01-30T17:34:32","date_gmt":"2021-01-30T14:34:32","guid":{"rendered":"http:\/\/akdenizolaygazetesi.com\/?p=10383"},"modified":"2021-01-30T17:35:08","modified_gmt":"2021-01-30T14:35:08","slug":"baskan-secer-erdemlide-kurulan-uretici-kadin-stantlarini-gezdi","status":"publish","type":"post","link":"https:\/\/akdenizolaygazetesi.com\/?p=10383","title":{"rendered":"BA\u015eKAN SE\u00c7ER, ERDEML\u0130\u2019DE KURULAN \u00dcRET\u0130C\u0130 KADIN STANTLARINI GEZD\u0130"},"content":{"rendered":"<p>Mersin B\u00fcy\u00fck\u015fehir Belediyesi\u2019nin \u00f6nc\u00fcl\u00fc\u011f\u00fcnde Erdemli\u2019de ilk kez a\u00e7\u0131lan \u00fcretici kad\u0131n stantlar\u0131nda el eme\u011fi g\u00f6z nuru \u00fcr\u00fcnler sergilendi. Etkinlik alan\u0131n\u0131 ziyaret eden B\u00fcy\u00fck\u015fehir Belediye Ba\u015fkan\u0131 Vahap Se\u00e7er, \u00fcretici kad\u0131nlar\u0131n b\u00fcy\u00fck ilgisi ile kar\u015f\u0131la\u015ft\u0131. Her stand\u0131 tek tek gezen ve ilgi ile a\u011f\u0131rlanan Ba\u015fkan Se\u00e7er ve e\u015fi Meral Se\u00e7er\u2019e \u00fcretici kad\u0131nlar ikramlarda bulundu.<\/p>\n<p>\u00dcretici kad\u0131nlar \u00fcr\u00fcnlerini B\u00fcy\u00fck\u015fehir sayesinde sat\u0131yor<\/p>\n<p>B\u00fcy\u00fck\u015fehir Belediyesi Kad\u0131n ve Aile Hizmetleri Dairesi Ba\u015fkanl\u0131\u011f\u0131 ile Tar\u0131msal ve Veteriner Hizmetleri Dairesi Ba\u015fkanl\u0131\u011f\u0131\u2019n\u0131n y\u00fcr\u00fctt\u00fc\u011f\u00fc ortak \u00e7al\u0131\u015fma ile Erdemli\u2019de a\u00e7\u0131lan stant alan\u0131nda \u00fcreten kad\u0131nlar bir araya geldi. Ba\u015fkan Se\u00e7er de g\u00fcn boyu s\u00fcren etkinli\u011fi ziyaret ederek, \u00fcretici kad\u0131nlarla bulu\u015ftu. Erdemli il\u00e7esi T\u00fcrbe Mahallesi Belediye Otopark\u0131 Kermes Alan\u0131\u2019nda yap\u0131lan \u2018\u00dcretici Kad\u0131nlar Bulu\u015fma Etkinli\u011fi\u2019nde 56 stantta 193 kad\u0131n yer ald\u0131. Stantlarda, Mersinden Kad\u0131n Kooperatifi ile Mut Kad\u0131n Giri\u015fimi \u00dcretimi ve \u0130\u015fletme Kooperatifi\u2019ne (MUTKAD) ortak kad\u0131nlar da yer ald\u0131.<\/p>\n<p>\u00dcretici kad\u0131nlar\u0131n b\u00fcy\u00fck ilgisi ile kar\u015f\u0131la\u015fan Ba\u015fkan Se\u00e7er\u2019e etkinlikte, Mersinden Kad\u0131n Kooperatifi Ba\u015fkan\u0131 Meral Se\u00e7er, B\u00fcy\u00fck\u015fehir Belediye Ba\u015fkan Vekili G\u00fclcan K\u0131\u015f, belediye meclis \u00fcyeleri, CHP Mersin \u0130l Ba\u015fkan\u0131 Adil Aktay, Erdemli CHP ve \u0130Y\u0130 Parti \u0130l\u00e7e Ba\u015fkanlar\u0131 da e\u015flik etti.<\/p>\n<p>\u201cKad\u0131n eme\u011finin ekonomik de\u011fere d\u00f6n\u00fc\u015ft\u00fc\u011f\u00fc alanlar a\u00e7mak i\u00e7in \u00e7al\u0131\u015fmalar\u0131m\u0131z s\u00fcrecek\u201d<\/p>\n<p>Kad\u0131n eme\u011finin ekonomik de\u011fere d\u00f6n\u00fc\u015fmesi i\u00e7in Mersin\u2019de \u00f6nemli \u00e7al\u0131\u015fmalara imza atan Ba\u015fkan Se\u00e7er, \u00fcretici kad\u0131nlar\u0131n bulu\u015ftu\u011fu etkinli\u011fe dair a\u00e7\u0131klamalar yapt\u0131. Ba\u015fkan Se\u00e7er, \u201cAnamur\u2019dan Tarsus\u2019a kadar her il\u00e7emizde kad\u0131n \u00fcreticilerimizin \u00fcr\u00fcnlerini ekonomik de\u011fere d\u00f6n\u00fc\u015ft\u00fcrd\u00fc\u011f\u00fc bu tip alanlar olu\u015fturmak i\u00e7in g\u00fczel \u00e7al\u0131\u015fmalar\u0131m\u0131z oluyor ve bundan sonra da devam edecek. Mersin merkezde bundan daha \u00f6nceki g\u00fcnlerde yapt\u0131\u011f\u0131m\u0131z, pazar kurdu\u011fumuz alanlar da yine devam edecek. Erdemli\u2019deyiz; Tarsus\u2019ta olacak, Silifke\u2019de, b\u00fct\u00fcn il\u00e7elerimizde. Amac\u0131m\u0131z Mersin\u2019i bir araya getirmek. Anamur\u2019un kad\u0131n \u00fcreticisi de, G\u00fclnar\u2019\u0131n da, Tarsus\u2019un da bir noktada bulu\u015fabilsin. Bug\u00fcn burada b\u00fct\u00fcn stantlar\u0131 gezdim, e\u015fimle, arkada\u015flar\u0131m\u0131zla beraber. Tarsus\u2019tan kad\u0131n \u00fcreticimiz de var, G\u00fclnar\u2019dan da var, Erdemli\u2019nin kendi i\u00e7inden yerli \u00fcreticileri de var, Silifke\u2019den de var, Yeni\u015fehir\u2019den de var. Her il\u00e7eden \u00fcreticilerimiz var\u201d dedi.<\/p>\n<p>\u201cY\u00f6netime geldi\u011fimiz g\u00fcnden bug\u00fcne kad\u0131na yepyeni bir sayfa a\u00e7t\u0131k\u201d<\/p>\n<p>Y\u00f6netime geldikleri g\u00fcnden bug\u00fcne kad\u0131na yepyeni sayfa a\u00e7t\u0131klar\u0131n\u0131 s\u00f6yleyen Se\u00e7er, \u201cOnun i\u00e7in de Kad\u0131n ve Aile Hizmetleri Daire Ba\u015fkanl\u0131\u011f\u0131\u2019n\u0131 olu\u015fturduk. Onlar\u0131n hem ekonomik de\u011fer elde etmek i\u00e7in yapt\u0131\u011f\u0131 \u00e7al\u0131\u015fmalar\u0131 ortaya sunabilmek, hem onlar\u0131n ailelerinde ya\u015fad\u0131\u011f\u0131 sorun alanlar\u0131na m\u00fcdahil olmak, onlara katk\u0131 sunabilmek; bu \u00e7ocuklar\u0131n\u0131n sorunudur, kad\u0131n\u0131n e\u015fiyle olan sorunudur, ruhsal problemidir, maddi problemidir, i\u015f problemidir, ekonomik problemidir her alana kad\u0131nlarla beraber dokunmak ve onlar\u0131n sorunlar\u0131n\u0131 \u00e7\u00f6zmek istiyoruz\u201d diye konu\u015ftu.<\/p>\n<p>\u201cMersin\u2019in en \u00f6nemli zenginli\u011fi insan zenginli\u011fi\u201d<\/p>\n<p>Ba\u015fkan Se\u00e7er, Mersin\u2019in \u00fcreten bir kent oldu\u011fu vurgusu yaparak, \u201cMersin de\u011ferleri b\u00fcnyesinde bar\u0131nd\u0131ran bir kent. Her noktas\u0131nda bereket olan, \u00fcretim f\u0131\u015fk\u0131ran, \u00fcr\u00fcn f\u0131\u015fk\u0131ran bir kent. Toroslar\u2019\u0131n eteklerinden Akdeniz&#8217;in k\u0131y\u0131lar\u0131na, ovalar\u0131na kadar \u00e7ok de\u011ferli tar\u0131m topraklar\u0131na sahip bir kent. Muazzam bir ekolojisi, iklimi olan bir kent. \u00d6nemli ekonomik zenginlikleri olan bir kent ama en \u00f6nemli zenginli\u011fi insan zenginli\u011fi. Muazzam bir de\u011ferli insan zenginli\u011fi var. \u00c7al\u0131\u015fan, \u00fcreten; ba\u015fta kad\u0131nlar\u0131m\u0131z olmak \u00fczere. \u00c7ok \u00e7al\u0131\u015fkan kad\u0131nlar\u0131m\u0131z var. Ama bug\u00fcne kadar ortam bulamam\u0131\u015flar, imk\u00e2n bulamam\u0131\u015flar, onlar\u0131n elinden tutan olmam\u0131\u015f, onlara sahip \u00e7\u0131kan olmam\u0131\u015f, onlara yol g\u00f6steren olmam\u0131\u015f. \u00c7ok \u00e7abalam\u0131\u015flar\u201d dedi.<\/p>\n<p>\u201cKad\u0131nlar \u00fcretsinler, \u00e7al\u0131\u015fs\u0131nlar, belediyenin yanlar\u0131nda oldu\u011funu bilsinler\u201d<\/p>\n<p>Gecikti\u011fi i\u00e7in etkinlik alan\u0131nda stant kuramayan bir \u00fcretici kad\u0131nla aras\u0131nda ge\u00e7en diyalo\u011fa dair de konu\u015fan Se\u00e7er, \u015fu ifadeleri kulland\u0131:<\/p>\n<p>\u201cAz \u00f6nce bir \u00fcretici kad\u0131n arkada\u015f\u0131m\u0131z bug\u00fcn stant kuramam\u0131\u015f. Biraz gecikmi\u015f. \u2018Bir daha bu pazar kurulacak m\u0131?\u2019 diye bana sordu. \u2018Elbette, devam edecek\u2019 dedim. Ay\u0131n belirli haftalar\u0131nda, g\u00fcnlerinde bu pazar kurma \u00e7al\u0131\u015fmalar\u0131m\u0131z devam edecek. Bana \u015funu s\u00f6yledi: \u2018Benim k\u0131z\u0131m hukuk fak\u00fcltesinde okuyor. Ona okumas\u0131 i\u00e7in katk\u0131 sunmam laz\u0131m. Onun i\u00e7in kendi \u00fcretimim var, bah\u00e7emde sebze \u00fcretiyorum, meyve a\u011fa\u00e7lar\u0131m var. Bu \u00fcr\u00fcnlerimi burada, pazarda de\u011ferlendirmek istiyorum\u2019 dedi. Bu \u00e7ok \u00f6nemli, \u00e7ok de\u011ferli bir d\u00fc\u015f\u00fcnce, bir gayret, bir halisane duygu, kutsal bir i\u015f bu. \u00c7ocu\u011funun e\u011fitimi i\u00e7in bir anne \u00e7abal\u0131yor ve bizim bunlara sahip \u00e7\u0131kmam\u0131z laz\u0131m. Kad\u0131nlar\u0131m\u0131z\u0131 kutluyorum. Onlar\u0131 seviyoruz, onlar\u0131 say\u0131yoruz, onlar\u0131n yan\u0131nday\u0131z. \u00dcretsinler, \u00e7al\u0131\u015fs\u0131nlar, belediyenin yanlar\u0131nda oldu\u011funu bilsinler. T\u00fcm arkada\u015flar\u0131m\u0131z, hep beraber, elbirli\u011fi ile kad\u0131nlar\u0131m\u0131za destek olmaya devam edece\u011fiz. Onlar da Mersin&#8217;e de\u011fer katmaya devam edecekler. Buna can\u0131 g\u00f6n\u00fclden inan\u0131yorum.\u201d<\/p>\n","protected":false},"excerpt":{"rendered":"<p>Mersin B\u00fcy\u00fck\u015fehir Belediyesi\u2019nin \u00f6nc\u00fcl\u00fc\u011f\u00fcnde Erdemli\u2019de ilk kez a\u00e7\u0131lan \u00fcretici kad\u0131n stantlar\u0131nda el eme\u011fi g\u00f6z nuru \u00fcr\u00fcnler sergilendi. Etkinlik alan\u0131n\u0131 ziyaret eden B\u00fcy\u00fck\u015fehir Belediye Ba\u015fkan\u0131 Vahap Se\u00e7er, \u00fcretici kad\u0131nlar\u0131n b\u00fcy\u00fck ilgisi &hellip; <a href=\"https:\/\/akdenizolaygazetesi.com\/?p=10383\" class=\"more-link\">Devam\u0131n\u0131 Oku&#8230;<\/a><\/p>\n","protected":false},"author":2,"featured_media":10385,"comment_status":"open","ping_status":"open","sticky":false,"template":"","format":"standard","meta":[],"categories":[7,34,1,2,3],"tags":[],"_links":{"self":[{"href":"https:\/\/akdenizolaygazetesi.com\/index.php?rest_route=\/wp\/v2\/posts\/10383"}],"collection":[{"href":"https:\/\/akdenizolaygazetesi.com\/index.php?rest_route=\/wp\/v2\/posts"}],"about":[{"href":"https:\/\/akdenizolaygazetesi.com\/index.php?rest_route=\/wp\/v2\/types\/post"}],"author":[{"embeddable":true,"href":"https:\/\/akdenizolaygazetesi.com\/index.php?rest_route=\/wp\/v2\/users\/2"}],"replies":[{"embeddable":true,"href":"https:\/\/akdenizolaygazetesi.com\/index.php?rest_route=%2Fwp%2Fv2%2Fcomments&post=10383"}],"version-history":[{"count":2,"href":"https:\/\/akdenizolaygazetesi.com\/index.php?rest_route=\/wp\/v2\/posts\/10383\/revisions"}],"predecessor-version":[{"id":10386,"href":"https:\/\/akdenizolaygazetesi.com\/index.php?rest_route=\/wp\/v2\/posts\/10383\/revisions\/10386"}],"wp:featuredmedia":[{"embeddable":true,"href":"https:\/\/akdenizolaygazetesi.com\/index.php?rest_route=\/wp\/v2\/media\/10385"}],"wp:attachment":[{"href":"https:\/\/akdenizolaygazetesi.com\/index.php?rest_route=%2Fwp%2Fv2%2Fmedia&parent=10383"}],"wp:term":[{"taxonomy":"category","embeddable":true,"href":"https:\/\/akdenizolaygazetesi.com\/index.php?rest_route=%2Fwp%2Fv2%2Fcategories&post=10383"},{"taxonomy":"post_tag","embeddable":true,"href":"https:\/\/akdenizolaygazetesi.com\/index.php?rest_route=%2Fwp%2Fv2%2Ftags&post=10383"}],"curies":[{"name":"wp","href":"https:\/\/api.w.org\/{rel}","templated":true}]}}