{"id":1040,"date":"2020-11-04T18:21:37","date_gmt":"2020-11-04T15:21:37","guid":{"rendered":"http:\/\/mersinekonomipolitikagazetesi.com\/?p=1040"},"modified":"2020-11-04T18:21:37","modified_gmt":"2020-11-04T15:21:37","slug":"baskan-tarhan-halk-gununde-bozon-sakinleriyle-bulustu","status":"publish","type":"post","link":"https:\/\/akdenizolaygazetesi.com\/?p=1040","title":{"rendered":"Ba\u015fkan Tarhan, halk g\u00fcn\u00fcnde Boz\u00f6n sakinleriyle bulu\u015ftu"},"content":{"rendered":"<p>Mersin\u2019in merkez il\u00e7e Mezitli Belediye Ba\u015fkan\u0131 Ne\u015fet Tarhan, \u00fc\u00e7 y\u0131l\u0131 a\u015fk\u0131n bir s\u00fcredir her hafta bir mahallede ger\u00e7ekle\u015ftirilen halk g\u00fcn\u00fc toplant\u0131lar\u0131 kapsam\u0131nda Boz\u00f6n Mahallesinde vatanda\u015flarla bir araya gelerek, sorun ve isteklerini dinledi.<\/p>\n<p>Mezitli Belediyesi taraf\u0131ndan d\u00fczenlenen mahallede halk g\u00fcn\u00fc toplant\u0131lar\u0131 havalar\u0131n \u0131s\u0131nmaya ba\u015flamas\u0131yla birlikte k\u0131rsal kesime ta\u015f\u0131nd\u0131. Ba\u015fkan Ne\u015fet Tarhan, bu kapsamda Boz\u00f6n Mahallesinde ya\u015fayan vatanda\u015flarla bulu\u015ftu. Daire m\u00fcd\u00fcrlerinin de kat\u0131ld\u0131\u011f\u0131 toplant\u0131da vatanda\u015flar, dilek ve \u015fikayetlerini direkt olarak Ba\u015fkan Tarhan\u2019a iletme f\u0131rsat\u0131 buldular.<br \/>\nK\u00f6ylerinde ya\u015fad\u0131klar\u0131 en b\u00fcy\u00fck s\u0131k\u0131nt\u0131lar\u0131n\u0131n bah\u00e7e aralar\u0131na yol a\u00e7\u0131lmas\u0131 oldu\u011funu belirten vatanda\u015flar, \u00f6zellikle sulama suyu konusunda Tarhan\u2019dan kendilerine arac\u0131 olmas\u0131n\u0131 isteyerek, \u201cBizim k\u00f6yl\u00fc olarak en b\u00fcy\u00fck s\u0131k\u0131nt\u0131m\u0131z yol yordam bilememek. Kar\u015f\u0131m\u0131zda muhatap bulam\u0131yoruz. Biz s\u0131radan bir m\u00fcd\u00fcre bile ula\u015famazken, sayenizde ilk kez k\u00f6y\u00fcm\u00fczde bir belediye ba\u015fkan\u0131 geliyor. Son bir y\u0131lda defalarca sizi k\u00f6y\u00fcm\u00fczde g\u00f6r\u00fcyor olmaktan gurur duyuyoruz. Sizden \u00f6zellikle s\u0131k s\u0131k kesilen sular\u0131m\u0131z ve yanmayan elektriklerimiz konusunda yard\u0131mc\u0131 olman\u0131z\u0131 istiyoruz\u201d dediler.<br \/>\n\u201c\u00c7\u00f6z\u00fcm \u00fcretmek i\u00e7in buraday\u0131z\u201d<br \/>\nBelediyeye ula\u015famayan vatanda\u015flar\u0131n s\u0131k\u0131nt\u0131lar\u0131n\u0131 dinlemek ve yap\u0131lacak faaliyetlerin do\u011fru programlamas\u0131 i\u00e7in halk g\u00fcn\u00fc toplant\u0131lar\u0131n\u0131n \u00f6nemli oldu\u011funu ifade eden Tarhan da \u201cMahallelerde yap\u0131lan toplant\u0131lar, vatanda\u015flar\u0131n do\u011fru bilgi almas\u0131 a\u00e7\u0131s\u0131ndan da \u00f6nemli. Vatanda\u015flarla g\u00f6r\u00fc\u015fmek, onlar\u0131n \u015fikayetlerini dinlemek ve \u00e7\u00f6z\u00fcme kavu\u015fturmak bizim en \u00f6nemsedi\u011fimiz g\u00f6revlerimizden bir tanesidir. \u00c7\u00fcnk\u00fc belediye olarak vatanda\u015flar\u0131m\u0131za verdi\u011fimiz de\u011ferin kar\u015f\u0131l\u0131\u011f\u0131n\u0131 fazlas\u0131yla al\u0131yoruz. Halk\u0131m\u0131z, belediyemize g\u00fcveniyor. Bu da bizim g\u00fcc\u00fcm\u00fcze g\u00fc\u00e7 kat\u0131yor. Demokrasinin en \u00f6nemli temellerinden birisi de birlik olup, ortak karar almakt\u0131r. Biz bunu Mezitli&#8217;de ba\u015fard\u0131k diye d\u00fc\u015f\u00fcn\u00fcyorum. Halk\u0131m\u0131z\u0131n bize olan g\u00fcvenine lay\u0131k bir \u015fekilde \u00e7al\u0131\u015fmalar\u0131m\u0131za devam edece\u011fiz\u201d dedi.<br \/>\nBelediyeye gelemeyen vatanda\u015flar i\u00e7in halk g\u00fcnlerini mahallelerde yapmay\u0131 ilke haline getirdiklerini belirten Tarhan, \u201cG\u00f6reve geldi\u011fimiz ilk g\u00fcnden itibaren yapt\u0131\u011f\u0131m\u0131z halk g\u00fcnlerini mahallelere ta\u015f\u0131d\u0131k. Havalar\u0131n \u0131s\u0131nmas\u0131yla birlikte daha k\u0131rsalda ya\u015fayan vatanda\u015flar\u0131m\u0131za da ula\u015farak sohbet etmek istiyoruz. \u015eimdiye kadar ihmal edilen yerlere ihtiyac\u0131 olan do\u011fru hizmeti sunmak istiyoruz. Biz bu hatalar\u0131n \u00f6n\u00fcne ge\u00e7ebilmek ad\u0131na \u00e7al\u0131\u015fmalar\u0131m\u0131z\u0131 s\u00fcrd\u00fcr\u00fcyoruz. Burada sizden gelen istek ve talepleri ilgili birim m\u00fcd\u00fcrlerimize aktar\u0131p \u00e7\u00f6z\u00fcm \u00fcretmeye \u00e7al\u0131\u015faca\u011f\u0131z\u201d diye konu\u015ftu.<br \/>\nToplant\u0131 sonras\u0131nda k\u00f6yde baz\u0131 noktalar\u0131 dola\u015farak vatanda\u015flarla g\u00f6r\u00fc\u015fen Tarhan, gelen \u015fikayetlerin \u00e7\u00f6z\u00fcm\u00fc i\u00e7in birim m\u00fcd\u00fcrlerine talimat verdi.<\/p>\n","protected":false},"excerpt":{"rendered":"<p>Mersin\u2019in merkez il\u00e7e Mezitli Belediye Ba\u015fkan\u0131 Ne\u015fet Tarhan, \u00fc\u00e7 y\u0131l\u0131 a\u015fk\u0131n bir s\u00fcredir her hafta bir mahallede ger\u00e7ekle\u015ftirilen halk g\u00fcn\u00fc toplant\u0131lar\u0131 kapsam\u0131nda Boz\u00f6n Mahallesinde vatanda\u015flarla bir araya gelerek, sorun ve &hellip; <a href=\"https:\/\/akdenizolaygazetesi.com\/?p=1040\" class=\"more-link\">Devam\u0131n\u0131 Oku&#8230;<\/a><\/p>\n","protected":false},"author":1,"featured_media":0,"comment_status":"open","ping_status":"open","sticky":false,"template":"","format":"standard","meta":[],"categories":[],"tags":[],"_links":{"self":[{"href":"https:\/\/akdenizolaygazetesi.com\/index.php?rest_route=\/wp\/v2\/posts\/1040"}],"collection":[{"href":"https:\/\/akdenizolaygazetesi.com\/index.php?rest_route=\/wp\/v2\/posts"}],"about":[{"href":"https:\/\/akdenizolaygazetesi.com\/index.php?rest_route=\/wp\/v2\/types\/post"}],"author":[{"embeddable":true,"href":"https:\/\/akdenizolaygazetesi.com\/index.php?rest_route=\/wp\/v2\/users\/1"}],"replies":[{"embeddable":true,"href":"https:\/\/akdenizolaygazetesi.com\/index.php?rest_route=%2Fwp%2Fv2%2Fcomments&post=1040"}],"version-history":[{"count":0,"href":"https:\/\/akdenizolaygazetesi.com\/index.php?rest_route=\/wp\/v2\/posts\/1040\/revisions"}],"wp:attachment":[{"href":"https:\/\/akdenizolaygazetesi.com\/index.php?rest_route=%2Fwp%2Fv2%2Fmedia&parent=1040"}],"wp:term":[{"taxonomy":"category","embeddable":true,"href":"https:\/\/akdenizolaygazetesi.com\/index.php?rest_route=%2Fwp%2Fv2%2Fcategories&post=1040"},{"taxonomy":"post_tag","embeddable":true,"href":"https:\/\/akdenizolaygazetesi.com\/index.php?rest_route=%2Fwp%2Fv2%2Ftags&post=1040"}],"curies":[{"name":"wp","href":"https:\/\/api.w.org\/{rel}","templated":true}]}}