{"id":1042,"date":"2020-11-04T18:21:37","date_gmt":"2020-11-04T15:21:37","guid":{"rendered":"http:\/\/mersinekonomipolitikagazetesi.com\/?p=1042"},"modified":"2020-11-04T18:21:37","modified_gmt":"2020-11-04T15:21:37","slug":"cocuklara-cevre-bilinci-egitimi","status":"publish","type":"post","link":"https:\/\/akdenizolaygazetesi.com\/?p=1042","title":{"rendered":"\u00c7ocuklara \u00e7evre bilinci e\u011fitimi"},"content":{"rendered":"<p>Mersin B\u00fcy\u00fck\u015fehir Belediyesi, \u00e7evre bilinci ve temizli\u011fi konusunda anaokul d\u00fczeyindeki \u00e7ocuklar\u0131 bilin\u00e7lendirmek amac\u0131yla 4-5 ya\u015f grubundaki \u00e7ocuklarla bir araya gelerek, e\u011fitim veriyor.<\/p>\n<p>Her y\u0131l ilk\u00f6\u011fretim okullar\u0131nda \u00e7ocuklara do\u011fa ve \u00e7evre bilinci konusunda e\u011fitim veren Mersin B\u00fcy\u00fck\u015fehir Belediyesi, bu y\u0131l belirledi\u011fi 5 pilot anaokulunda, 4 ile 5 ya\u015f grubundaki \u00e7ocuklara \u00e7evre bilincini a\u015f\u0131lamay\u0131 hedefliyor. Daha k\u00fc\u00e7\u00fck ya\u015flardaki \u00e7ocuklarla bulu\u015farak, verilen e\u011fitimlerin daha verimli hale gelece\u011fini d\u00fc\u015f\u00fcnen B\u00fcy\u00fck\u015fehir Belediyesi ekipleri, \u00e7evre bilincini art\u0131rma konusunda e\u011fitimlerini devam ettiriyor. \u201c\u00c7evreci \u00c7ocuk Okul\u00f6ncesi \u00c7evre Fark\u0131ndal\u0131k E\u011fitimi\u201d ad\u0131 verilen e\u011fitimde, Mersin B\u00fcy\u00fck\u015fehir Belediyesi \u00c7evre Koruma ve Kontrol Dairesi Ba\u015fkanl\u0131\u011f\u0131\u2019n\u0131n \u00c7evre Koruma \u015eubesi\u2019nden alan\u0131nda uzman ekipler okullara giderek, \u00e7ocuklarla bulu\u015fuyor. Son olarak ekipler, Akdeniz Koza, Toroslar Vilayetler Hizmet Birli\u011fi, Toroslar Belediyesi, Cumhuriyet ve Yeni\u015fehir anaokullar\u0131nda \u00f6\u011frencilerle bulu\u015farak, \u00e7evre bilinci konusunda e\u011fitim verdiler. E\u011fitim kapsam\u0131nda B\u00fcy\u00fck\u015fehir Belediyesi ekipleri, \u00e7ocuklara at\u0131k ayr\u0131\u015ft\u0131rma, geri d\u00f6n\u00fc\u015f\u00fcm ve \u00e7evre bilinci konular\u0131nda teorik bilgiler veriyor. \u00c7ocuklar\u0131n anlayabilece\u011fi dilde ve d\u00fczeyde, kal\u0131c\u0131 \u00f6\u011frenmeyi sa\u011flayacak \u015fekilde haz\u0131rlanan e\u011fitimde anlat\u0131lan konular, yaprak ve toprak karakterleri \u00fczerinden \u00e7ocuklar\u0131n ilgisini \u00e7ekecek hale getiriliyor. Verilen teorik bilgilerin ard\u0131ndan \u201cAt\u0131k Mobil\u201d olarak adland\u0131r\u0131lan kamyon maketinde \u00e7ocuklar \u015fof\u00f6rl\u00fck yaparken, di\u011fer \u00e7ocuklar ellerinde ayr\u0131\u015ft\u0131r\u0131lmas\u0131 gereken at\u0131klar\u0131 hangi kutulara atmalar\u0131 gerekti\u011fini yap\u0131lan pratik sayesinde \u00f6\u011freniyor. Ti\u015f\u00f6rtlerde ve videolu anlat\u0131mda yer alan yaprak ve toprak karakterleri sayesinde, \u00e7evre bilincini kavrayan \u00e7ocuklar, geri d\u00f6n\u00fc\u015f\u00fcm ve at\u0131k ayr\u0131\u015ft\u0131rma konular\u0131nda e\u011flenceli bir \u015fekilde bilgi sahibi oluyor. E\u011fitim sayesinde pillerin, yiyeceklerin, at\u0131k ya\u011flar\u0131n, eski giysilerin ve ambalaj at\u0131klar\u0131n\u0131n ayn\u0131 kutulara at\u0131lmas\u0131n\u0131n yanl\u0131\u015f olu\u011funu kavrayabilen \u00e7ocuklar, ilgi ve dikkatle verilen e\u011fitimi dinlerken, \u00e7evre konusunda fark\u0131ndal\u0131k sahibi oluyor.<br \/>\n\u00d6te yandan, e\u011fitime kat\u0131lan \u00e7ocuklara \u00e7evreci \u00e7ocuk boyama kitabi, \u00e7evreci karakterlerin bask\u0131lar\u0131n\u0131n yer ald\u0131\u011f\u0131 ti\u015f\u00f6rtler ve Mersin B\u00fcy\u00fck\u015fehir Belediye Ba\u015fkan\u0131 Burhanettin Kocamaz\u2019\u0131n imzas\u0131n\u0131n yer ald\u0131\u011f\u0131 sertifika veriliyor.<\/p>\n","protected":false},"excerpt":{"rendered":"<p>Mersin B\u00fcy\u00fck\u015fehir Belediyesi, \u00e7evre bilinci ve temizli\u011fi konusunda anaokul d\u00fczeyindeki \u00e7ocuklar\u0131 bilin\u00e7lendirmek amac\u0131yla 4-5 ya\u015f grubundaki \u00e7ocuklarla bir araya gelerek, e\u011fitim veriyor. Her y\u0131l ilk\u00f6\u011fretim okullar\u0131nda \u00e7ocuklara do\u011fa ve \u00e7evre &hellip; <a href=\"https:\/\/akdenizolaygazetesi.com\/?p=1042\" class=\"more-link\">Devam\u0131n\u0131 Oku&#8230;<\/a><\/p>\n","protected":false},"author":1,"featured_media":0,"comment_status":"open","ping_status":"open","sticky":false,"template":"","format":"standard","meta":[],"categories":[],"tags":[],"_links":{"self":[{"href":"https:\/\/akdenizolaygazetesi.com\/index.php?rest_route=\/wp\/v2\/posts\/1042"}],"collection":[{"href":"https:\/\/akdenizolaygazetesi.com\/index.php?rest_route=\/wp\/v2\/posts"}],"about":[{"href":"https:\/\/akdenizolaygazetesi.com\/index.php?rest_route=\/wp\/v2\/types\/post"}],"author":[{"embeddable":true,"href":"https:\/\/akdenizolaygazetesi.com\/index.php?rest_route=\/wp\/v2\/users\/1"}],"replies":[{"embeddable":true,"href":"https:\/\/akdenizolaygazetesi.com\/index.php?rest_route=%2Fwp%2Fv2%2Fcomments&post=1042"}],"version-history":[{"count":0,"href":"https:\/\/akdenizolaygazetesi.com\/index.php?rest_route=\/wp\/v2\/posts\/1042\/revisions"}],"wp:attachment":[{"href":"https:\/\/akdenizolaygazetesi.com\/index.php?rest_route=%2Fwp%2Fv2%2Fmedia&parent=1042"}],"wp:term":[{"taxonomy":"category","embeddable":true,"href":"https:\/\/akdenizolaygazetesi.com\/index.php?rest_route=%2Fwp%2Fv2%2Fcategories&post=1042"},{"taxonomy":"post_tag","embeddable":true,"href":"https:\/\/akdenizolaygazetesi.com\/index.php?rest_route=%2Fwp%2Fv2%2Ftags&post=1042"}],"curies":[{"name":"wp","href":"https:\/\/api.w.org\/{rel}","templated":true}]}}