{"id":10428,"date":"2021-02-03T12:43:00","date_gmt":"2021-02-03T09:43:00","guid":{"rendered":"http:\/\/akdenizolaygazetesi.com\/?p=10428"},"modified":"2021-02-03T12:45:01","modified_gmt":"2021-02-03T09:45:01","slug":"1-haftadir-kayip-olan-keciyi-buyuksehir-ekipleri-ucurumdan-kurtardi","status":"publish","type":"post","link":"https:\/\/akdenizolaygazetesi.com\/?p=10428","title":{"rendered":"1 HAFTADIR KAYIP OLAN KE\u00c7\u0130Y\u0130 B\u00dcY\u00dcK\u015eEH\u0130R EK\u0130PLER\u0130 U\u00c7URUMDAN KURTARDI"},"content":{"rendered":"<p>B\u00fcy\u00fck\u015fehir Belediyesi \u0130tfaiye Dairesi Ba\u015fkanl\u0131\u011f\u0131\u2019na ba\u011fl\u0131 ekipler, 150 metrelik u\u00e7urumda yakla\u015f\u0131k 1 hafta mahsur kalan ke\u00e7iyi ba\u015far\u0131l\u0131 bir operasyonla kurtard\u0131. 3 ki\u015filik itfaiye ekibi, ip tekni\u011fiyle u\u00e7urumdan a\u015fa\u011f\u0131 indi ve ke\u00e7iyi sahibine kavu\u015fturdu.<\/p>\n<p>Mersin B\u00fcy\u00fck\u015fehir Belediyesi \u0130tfaiye Dairesi Ba\u015fkanl\u0131\u011f\u0131 ekipleri, ba\u015far\u0131l\u0131 bir operasyonla bir can\u0131 daha kurtard\u0131. Erdemli \u0130l\u00e7esi\u2019nde ya\u015fayan ve k\u00fc\u00e7\u00fckba\u015f hayvanc\u0131l\u0131kla u\u011fra\u015fan Refik C\u00fcc\u00fc, B\u00fcy\u00fck\u015fehir ekiplerine ke\u00e7ilerinin yakla\u015f\u0131k 1 haftad\u0131r kay\u0131p oldu\u011funu bildirdi. C\u00fcc\u00fc\u2019n\u00fcn ke\u00e7ilerinden birini u\u00e7urumda bulan ekipler, ip tekni\u011fiyle a\u015fa\u011f\u0131ya inerek talihsiz hayvan\u0131 sahibine kavu\u015fturdu.<\/p>\n<p>4 saatlik aray\u0131\u015f\u0131n ard\u0131ndan bir can daha kurtar\u0131ld\u0131<\/p>\n<p>B\u00fcy\u00fck\u015fehir Belediyesi Afet Arama ve Kurtarma \u015eube M\u00fcd\u00fcrl\u00fc\u011f\u00fc\u2019ne ba\u011fl\u0131 ekipler, kent genelinde vatanda\u015flardan gelen ihbarlar \u00fczerine ba\u015far\u0131l\u0131 kurtarma operasyonlar\u0131 ger\u00e7ekle\u015ftiriyor. Erdemli \u0130l\u00e7esi Kayac\u0131 Vadisi\u2019nde ya\u015fayan Refik C\u00fcc\u00fc\u2019n\u00fcn ihbar\u0131 \u00fczerine yola \u00e7\u0131kan B\u00fcy\u00fck\u015fehir ekipleri, 5 kilometrelik bir y\u00fcr\u00fcy\u00fc\u015f\u00fcn ard\u0131ndan Kayac\u0131 Vadisi Cimbit mevkiine ula\u015ft\u0131. Uzun bir aray\u0131\u015f\u0131n ard\u0131ndan ke\u00e7ilerden birine bir u\u00e7urumda rastlayan ekipler, ipli kurtarma tekni\u011fiyle u\u00e7uruma indi ve k\u0131sa s\u00fcrede ke\u00e7iyi kurtararak sahibine kavu\u015fturdu.<\/p>\n<p>Kayac\u0131 Vadisi\u2019nde k\u00fc\u00e7\u00fckba\u015f hayvanc\u0131l\u0131k yapt\u0131\u011f\u0131n\u0131 s\u00f6yleyen Refik C\u00fcc\u00fc, \u201cKe\u00e7ilerim bir haftad\u0131r yoktu. 112 ekiplerini arad\u0131m. Mersin B\u00fcy\u00fck\u015fehir  Belediyesi itfaiye ekipleri geldi. Ke\u00e7inin bir tanesini buldu. Yard\u0131m ve katk\u0131lar\u0131ndan dolay\u0131 Mersin B\u00fcy\u00fck\u015fehir Belediye Ba\u015fkan\u0131 Vahap Se\u00e7er\u2019e ve ekiplerine te\u015fekk\u00fcr ediyorum\u201d dedi.<\/p>\n","protected":false},"excerpt":{"rendered":"<p>B\u00fcy\u00fck\u015fehir Belediyesi \u0130tfaiye Dairesi Ba\u015fkanl\u0131\u011f\u0131\u2019na ba\u011fl\u0131 ekipler, 150 metrelik u\u00e7urumda yakla\u015f\u0131k 1 hafta mahsur kalan ke\u00e7iyi ba\u015far\u0131l\u0131 bir operasyonla kurtard\u0131. 3 ki\u015filik itfaiye ekibi, ip tekni\u011fiyle u\u00e7urumdan a\u015fa\u011f\u0131 indi ve &hellip; <a href=\"https:\/\/akdenizolaygazetesi.com\/?p=10428\" class=\"more-link\">Devam\u0131n\u0131 Oku&#8230;<\/a><\/p>\n","protected":false},"author":2,"featured_media":10429,"comment_status":"open","ping_status":"open","sticky":false,"template":"","format":"standard","meta":[],"categories":[34,1,2,3,5],"tags":[],"_links":{"self":[{"href":"https:\/\/akdenizolaygazetesi.com\/index.php?rest_route=\/wp\/v2\/posts\/10428"}],"collection":[{"href":"https:\/\/akdenizolaygazetesi.com\/index.php?rest_route=\/wp\/v2\/posts"}],"about":[{"href":"https:\/\/akdenizolaygazetesi.com\/index.php?rest_route=\/wp\/v2\/types\/post"}],"author":[{"embeddable":true,"href":"https:\/\/akdenizolaygazetesi.com\/index.php?rest_route=\/wp\/v2\/users\/2"}],"replies":[{"embeddable":true,"href":"https:\/\/akdenizolaygazetesi.com\/index.php?rest_route=%2Fwp%2Fv2%2Fcomments&post=10428"}],"version-history":[{"count":1,"href":"https:\/\/akdenizolaygazetesi.com\/index.php?rest_route=\/wp\/v2\/posts\/10428\/revisions"}],"predecessor-version":[{"id":10430,"href":"https:\/\/akdenizolaygazetesi.com\/index.php?rest_route=\/wp\/v2\/posts\/10428\/revisions\/10430"}],"wp:featuredmedia":[{"embeddable":true,"href":"https:\/\/akdenizolaygazetesi.com\/index.php?rest_route=\/wp\/v2\/media\/10429"}],"wp:attachment":[{"href":"https:\/\/akdenizolaygazetesi.com\/index.php?rest_route=%2Fwp%2Fv2%2Fmedia&parent=10428"}],"wp:term":[{"taxonomy":"category","embeddable":true,"href":"https:\/\/akdenizolaygazetesi.com\/index.php?rest_route=%2Fwp%2Fv2%2Fcategories&post=10428"},{"taxonomy":"post_tag","embeddable":true,"href":"https:\/\/akdenizolaygazetesi.com\/index.php?rest_route=%2Fwp%2Fv2%2Ftags&post=10428"}],"curies":[{"name":"wp","href":"https:\/\/api.w.org\/{rel}","templated":true}]}}