{"id":1043,"date":"2020-11-04T18:21:37","date_gmt":"2020-11-04T15:21:37","guid":{"rendered":"http:\/\/mersinekonomipolitikagazetesi.com\/?p=1043"},"modified":"2020-11-04T18:21:37","modified_gmt":"2020-11-04T15:21:37","slug":"buyukelci-baghirov-her-zaman-turkiyenin-yanindayiz","status":"publish","type":"post","link":"https:\/\/akdenizolaygazetesi.com\/?p=1043","title":{"rendered":"B\u00fcy\u00fckel\u00e7i Baghirov: \u201cHer zaman T\u00fcrkiye\u2019nin yan\u0131nday\u0131z\u201d"},"content":{"rendered":"<p>Azerbaycan B\u00fcy\u00fckel\u00e7isi Baghirov, Azerbaycan\u2019\u0131n eski Cumhurba\u015fkan\u0131 Haydar Aliyev\u2019in do\u011fum g\u00fcn\u00fc dolay\u0131s\u0131yla Tarsus\u2019ta d\u00fczenlenen etkinliklere kat\u0131lmak \u00fczere geldi\u011fi Mersin\u2019de Vali \u00c7akacak\u2019\u0131 ziyaret etti<\/p>\n<p>Azerbaycan\u2019\u0131n Ankara B\u00fcy\u00fckel\u00e7isi Faig Baghirov, Azerbaycan\u2019\u0131n eski Cumhurba\u015fkan\u0131 Haydar Aliyev\u2019in do\u011fum g\u00fcn\u00fc dolay\u0131s\u0131yla Tarsus\u2019ta d\u00fczenlenen etkinliklere kat\u0131lmak \u00fczere geldi\u011fi Mersin\u2019de Vali \u00d6zdemir \u00c7akacak\u2019\u0131 ziyaret etti. B\u00fcy\u00fckel\u00e7i, Azerbaycan\u2019\u0131n her zaman T\u00fcrkiye\u2019nin yan\u0131nda oldu\u011funu, bundan sonra da olmaya devam edece\u011fini s\u00f6yledi.<br \/>\nBir dizi temasta bulunmak ve etkinliklere kat\u0131lmak \u00fczere Mersin\u2019e gelen Azerbaycan B\u00fcy\u00fckel\u00e7isi Baghirov\u2019a, Vali \u00c7akacak\u2019\u0131 ziyaretinde Hatai Valisi Razim Mamadov, Milletvekili H\u00fcseyinbala Miralamov, Hatai Belediye Ba\u015fkan\u0131 Aliyar Aliyev ve Tarsus Belediye Ba\u015fkan\u0131 \u015eevket Can e\u015flik etti.<br \/>\n\u00c7akacak: \u201cT\u00fcrkiye ile Azerbaycan, iki devlet ama tek bir y\u00fcrektir \u201d<br \/>\nSahil Valilik makam\u0131nda ger\u00e7ekle\u015fen ziyarette konu\u015fan Vali \u00c7akacak, karde\u015f \u00fclke Azerbaycan\u2019\u0131n Ankara B\u00fcy\u00fckel\u00e7isi Baghirov ve beraberindeki heyeti Mersin\u2019de a\u011f\u0131rlamaktan b\u00fcy\u00fck mutluluk duydu\u011funu ifade etti. \u00c7akacak, \u201cT\u00fcrkiye ve Azerbaycan\u2019\u0131, \u00e7ok kuvvetli dostluk ve karde\u015flik ili\u015fkileri olan iki devlet ama tek bir y\u00fcrek olarak g\u00f6r\u00fcyorum ve bundan da gurur duyuyorum. Azerbaycan\u2019\u0131n ba\u011f\u0131ms\u0131zl\u0131\u011f\u0131n\u0131 ilk kabul eden devlet T\u00fcrkiye Cumhuriyeti Devleti\u2019dir. Azerbaycan Cumhuriyeti de T\u00fcrkiye Cumhuriyeti Devleti gibi b\u00fcy\u00fck ve g\u00fc\u00e7l\u00fc bir devlettir. \u0130ki devlet aras\u0131nda var olan g\u00fczel ili\u015fkilerin bu g\u00fcc\u00fc daha da artt\u0131raca\u011f\u0131na inan\u0131yorum\u201d dedi.<br \/>\nAzerbaycan halk\u0131n\u0131 \u00fczecek bir hareket oldu\u011fu zaman T\u00fcrk milletinin bunu y\u00fcre\u011finde hissetti\u011fini belirten \u00c7akacak, T\u00fcrk halk\u0131n\u0131 \u00fczecek herhangi bir durum oldu\u011funda karde\u015f Azerbaycan halk\u0131n\u0131n da ayn\u0131 \u015fekilde bunu y\u00fcre\u011finde hissetti\u011fine inand\u0131\u011f\u0131n\u0131 vurgulad\u0131. Bunun en b\u00fcy\u00fck \u00f6rne\u011finin 15 Temmuz hain darbe giri\u015fiminde a\u00e7\u0131k\u00e7a g\u00f6r\u00fcld\u00fc\u011f\u00fcn\u00fc kaydeden \u00c7akacak, bu elim olay sonras\u0131nda Azerbaycan\u2019\u0131n T\u00fcrkiye\u2019nin yan\u0131nda olmas\u0131n\u0131n \u00fclkeye b\u00fcy\u00fck g\u00fc\u00e7 katt\u0131\u011f\u0131n\u0131 dile getirdi.<br \/>\n\u0130ki \u00fclke aras\u0131nda var olan bu dostluk ve karde\u015flik ili\u015fkilerinin, iki \u00fclke cumhurba\u015fkanlar\u0131 nezdinde \u00fcst d\u00fczeyde ikili ili\u015fkilerle devam ettirildi\u011fine i\u015faret eden \u00c7akacak, i\u015f insanlar\u0131n\u0131n yapt\u0131\u011f\u0131 kar\u015f\u0131l\u0131kl\u0131 yat\u0131r\u0131mlarla bu i\u015fbirli\u011finin ekonomik olarak da ileri seviyelere ta\u015f\u0131nd\u0131\u011f\u0131n\u0131 s\u00f6yledi. \u00c7akacak, iki dost ve karde\u015f \u00fclkenin ekonomik, sosyal, k\u00fclt\u00fcrel, askeri, siyasi alanlarda var olan dostluk ve karde\u015flik ili\u015fkilerini her alanda g\u00fc\u00e7lendirece\u011fine olan inanc\u0131n\u0131n tam oldu\u011funu s\u00f6zlerine ekledi.<br \/>\nBaghirov: \u201cHer zaman T\u00fcrkiye\u2019nin yan\u0131nday\u0131z\u201d<br \/>\nB\u00fcy\u00fckel\u00e7i Baghirov ise Mersin\u2019de bir kez daha bulunmaktan duydu\u011fu memnuniyeti ifade ederek, Tarsus ile Azerbaycan\u2019\u0131n Ba\u015fkenti Bak\u00fc\u2019n\u00fcn alt belediyelerinden olan Hatai\u2019nin karde\u015f \u015fehirler oldu\u011funu an\u0131msatt\u0131. Bu karde\u015fli\u011fin ayn\u0131 zamanda iki \u00fclke aras\u0131nda var olan birli\u011fin, beraberli\u011fin ve karde\u015fli\u011fin daha da peki\u015fmesine vesile oldu\u011funu belirten Baghirov, Azerbaycan olarak her zaman T\u00fcrkiye\u2019nin yan\u0131nda olduklar\u0131n\u0131n ve bundan sonra da olmaya devam edeceklerinin alt\u0131n\u0131 \u00e7izdi.<br \/>\nTarsus Belediye Ba\u015fkan\u0131 Can da Tarsus\u2019ta bulunan Haydar Aliyev K\u00f6pr\u00fcs\u00fc ile Haydar Aliyev Park\u0131 ve An\u0131t\u0131 hakk\u0131nda Vali \u00c7akacak\u2019a bilgi verdi. Can, her y\u0131l geleneksel olarak Haydar Aliyev\u2019in do\u011fum g\u00fcn\u00fcnde Tarsus\u2019ta bir\u00e7ok kutlama etkinli\u011fi d\u00fczenlendi\u011fini ifade etti.<\/p>\n","protected":false},"excerpt":{"rendered":"<p>Azerbaycan B\u00fcy\u00fckel\u00e7isi Baghirov, Azerbaycan\u2019\u0131n eski Cumhurba\u015fkan\u0131 Haydar Aliyev\u2019in do\u011fum g\u00fcn\u00fc dolay\u0131s\u0131yla Tarsus\u2019ta d\u00fczenlenen etkinliklere kat\u0131lmak \u00fczere geldi\u011fi Mersin\u2019de Vali \u00c7akacak\u2019\u0131 ziyaret etti Azerbaycan\u2019\u0131n Ankara B\u00fcy\u00fckel\u00e7isi Faig Baghirov, Azerbaycan\u2019\u0131n eski Cumhurba\u015fkan\u0131 &hellip; <a href=\"https:\/\/akdenizolaygazetesi.com\/?p=1043\" class=\"more-link\">Devam\u0131n\u0131 Oku&#8230;<\/a><\/p>\n","protected":false},"author":1,"featured_media":0,"comment_status":"open","ping_status":"open","sticky":false,"template":"","format":"standard","meta":[],"categories":[],"tags":[],"_links":{"self":[{"href":"https:\/\/akdenizolaygazetesi.com\/index.php?rest_route=\/wp\/v2\/posts\/1043"}],"collection":[{"href":"https:\/\/akdenizolaygazetesi.com\/index.php?rest_route=\/wp\/v2\/posts"}],"about":[{"href":"https:\/\/akdenizolaygazetesi.com\/index.php?rest_route=\/wp\/v2\/types\/post"}],"author":[{"embeddable":true,"href":"https:\/\/akdenizolaygazetesi.com\/index.php?rest_route=\/wp\/v2\/users\/1"}],"replies":[{"embeddable":true,"href":"https:\/\/akdenizolaygazetesi.com\/index.php?rest_route=%2Fwp%2Fv2%2Fcomments&post=1043"}],"version-history":[{"count":0,"href":"https:\/\/akdenizolaygazetesi.com\/index.php?rest_route=\/wp\/v2\/posts\/1043\/revisions"}],"wp:attachment":[{"href":"https:\/\/akdenizolaygazetesi.com\/index.php?rest_route=%2Fwp%2Fv2%2Fmedia&parent=1043"}],"wp:term":[{"taxonomy":"category","embeddable":true,"href":"https:\/\/akdenizolaygazetesi.com\/index.php?rest_route=%2Fwp%2Fv2%2Fcategories&post=1043"},{"taxonomy":"post_tag","embeddable":true,"href":"https:\/\/akdenizolaygazetesi.com\/index.php?rest_route=%2Fwp%2Fv2%2Ftags&post=1043"}],"curies":[{"name":"wp","href":"https:\/\/api.w.org\/{rel}","templated":true}]}}