{"id":10431,"date":"2021-02-03T12:57:27","date_gmt":"2021-02-03T09:57:27","guid":{"rendered":"http:\/\/akdenizolaygazetesi.com\/?p=10431"},"modified":"2021-02-03T12:57:27","modified_gmt":"2021-02-03T09:57:27","slug":"meski-atik-yonetimini-sifir-atik-belgesi-ile-taclandirdi","status":"publish","type":"post","link":"https:\/\/akdenizolaygazetesi.com\/?p=10431","title":{"rendered":"MESK\u0130 ATIK Y\u00d6NET\u0130M\u0130N\u0130 \u2018SIFIR ATIK BELGES\u0130\u2019 \u0130LE TA\u00c7LANDIRDI"},"content":{"rendered":"<p>\u00c7evre sa\u011fl\u0131\u011f\u0131n\u0131 esas alarak kesintisiz su temini ve at\u0131ksu bertaraf\u0131 hizmetlerini ger\u00e7ekle\u015ftiren MESK\u0130 Genel M\u00fcd\u00fcrl\u00fc\u011f\u00fc, \u2018S\u0131f\u0131r At\u0131k Belgesi\u2019 ald\u0131. MESK\u0130 \u0130\u015f Sa\u011fl\u0131\u011f\u0131 ve G\u00fcvenli\u011fi \u015eube M\u00fcd\u00fcrl\u00fc\u011f\u00fc\u2019ne ba\u011fl\u0131 \u00c7evre Birimi taraf\u0131ndan \u00c7evre Y\u00f6netimi Sistemi kapsam\u0131nda at\u0131k bertaraf\u0131, at\u0131klar\u0131n ayr\u0131\u015ft\u0131r\u0131lmas\u0131, toplanmas\u0131, ge\u00e7ici depolanmas\u0131 ve geri d\u00f6n\u00fc\u015f\u00fcm\u00fc ger\u00e7ekle\u015ftiriliyor.<\/p>\n<p>Mersin B\u00fcy\u00fck\u015fehir Belediyesi Mersin Su ve Kanalizasyon \u0130daresi (MESK\u0130) Genel M\u00fcd\u00fcrl\u00fc\u011f\u00fc, \u201cS\u0131f\u0131r At\u0131k Projesi\u201d kapsam\u0131nda \u00c7evre ve \u015eehircilik Bakanl\u0131\u011f\u0131\u2019n\u0131n istedi\u011fi y\u00fck\u00fcml\u00fcl\u00fckleri yerine getirerek \u2018S\u0131f\u0131r At\u0131k Belgesi\u2019ni ald\u0131.<\/p>\n<p>MESK\u0130 Merkez Su Analiz Laboratuvar\u0131, Ar\u0131tma Tesisleri Dairesi Ba\u015fkanl\u0131\u011f\u0131, \u0130\u00e7mesuyu ve At\u0131ksu Ar\u0131tma Tesisleri, Merkez At\u0131ksu Terfi Pompa \u0130stasyonu ve Teknik Hizmetler Yerle\u015fkesi gibi hizmet alanlar\u0131nda S\u0131f\u0131r At\u0131k Belgesi almaya hak kazand\u0131.<\/p>\n<p>12 Temmuz 2019 tarih ve 30829 say\u0131l\u0131 Resm\u00ee Gazete&#8217;de yay\u0131mlanarak y\u00fcr\u00fcrl\u00fc\u011fe giren \u2018S\u0131f\u0131r At\u0131k Y\u00f6netmeli\u011fi\u2019 \u00e7er\u00e7evesinde 1 Haziran 2020 tarihine kadar kamu kurumlar\u0131nda S\u0131f\u0131r At\u0131k Y\u00f6netim Sistemi\u2019nin kurulmas\u0131 istendi. Y\u00f6netmelik gere\u011fince 2020 y\u0131l\u0131ndan itibaren kademeli olarak S\u0131f\u0131r At\u0131k Y\u00f6netim Sistemini kurmas\u0131 gereken hedef kitlelere yol g\u00f6stermek amac\u0131yla \u00c7evre ve \u015eehircilik Bakanl\u0131\u011f\u0131 taraf\u0131ndan \u201cS\u0131f\u0131r At\u0131k Y\u00f6netim Sistemi Uygulama K\u0131lavuzu\u201d haz\u0131rland\u0131. Bu Y\u00f6netmeli\u011fin 10. maddesinin d\u00f6rd\u00fcnc\u00fc f\u0131kras\u0131nda \u201cS\u0131f\u0131r at\u0131k y\u00f6netim sistemi kapsam\u0131nda biriktirilen at\u0131klar mahalli idarelerin s\u0131f\u0131r at\u0131k belgesi bulunmas\u0131 ve at\u0131klar\u0131 ayr\u0131 toplamas\u0131 halinde mahalli idare taraf\u0131ndan kurulan toplama sistemine; mahalli idarenin s\u0131f\u0131r at\u0131k belgesi bulunmamas\u0131 halinde s\u0131f\u0131r at\u0131k y\u00f6netim sistemi kapsam\u0131nda biriktirilen at\u0131klar Bakanl\u0131k ve\/veya il m\u00fcd\u00fcrl\u00fc\u011f\u00fcnden gerekli izin ve\/veya \u00e7evre lisans\u0131 alm\u0131\u015f at\u0131k i\u015fleme tesislerine verilebilir\u201d h\u00fckm\u00fc yer ald\u0131.<\/p>\n<p>MESK\u0130 Genel M\u00fcd\u00fcrl\u00fc\u011f\u00fc\u2019n\u00fcn konuyla ilgili a\u00e7\u0131klamas\u0131nda, \u015fu ifadelere yer verildi:<\/p>\n<p>\u201cKurumumuzun her alan\u0131nda israf\u0131n \u00f6nlenmesi, kaynaklar\u0131n daha verimli kullan\u0131lmas\u0131, at\u0131k olu\u015fumunun engellenmesi veya azalt\u0131lmas\u0131, kayna\u011f\u0131nda ayr\u0131 toplanmas\u0131 ve geri kazan\u0131m\u0131n\u0131n sa\u011flanmas\u0131n\u0131 kapsayan s\u0131f\u0131r at\u0131k y\u00f6netim felsefesi benimsenmektedir. \u0130dare olarak \u00f6nceli\u011fimiz, at\u0131klar\u0131n \u00e7evre ve insan sa\u011fl\u0131\u011f\u0131na zarar vermeden \u00c7evre Kanunu uyar\u0131nca \u00e7\u0131kar\u0131lan s\u0131f\u0131r at\u0131k mevzuat\u0131na uygun olarak geri d\u00f6n\u00fc\u015f\u00fcm\/geri kazan\u0131m\u0131n sa\u011flanmas\u0131d\u0131r. \u0130lgili y\u00f6netmelik kapsam\u0131nda \u00e7al\u0131\u015fanlar\u0131m\u0131za at\u0131klar\u0131n azalt\u0131lmas\u0131 ve s\u0131n\u0131fland\u0131r\u0131lmas\u0131 hakk\u0131nda e\u011fitimler verilmektedir. T\u00fcm birim ve yerle\u015fkelerimizin ilgili personelleri Birim SE\u00c7 (Sa\u011fl\u0131k, Emniyet ve \u00c7evre) G\u00f6revlileri se\u00e7ilmi\u015ftir. Kurum i\u00e7erisinde S\u0131f\u0131r At\u0131k Y\u00f6netim Sistemi planlanarak, organize olunmu\u015ftur. Odak noktalar\u0131 belirlenip, mevcut durum tespiti ile planlama yap\u0131lm\u0131\u015ft\u0131r. \u0130htiya\u00e7lar belirlenerek, odak noktalar\u0131na s\u0131f\u0131r at\u0131k biriktirme ekipmanlar\u0131 temin edilmi\u015f ve gerekli e\u011fitimler verilmi\u015ftir. Uygulamaya ge\u00e7irilerek ge\u00e7en y\u0131la ait at\u0131k miktarlar\u0131n\u0131n veri giri\u015fi yap\u0131lm\u0131\u015ft\u0131r.\u201d<\/p>\n","protected":false},"excerpt":{"rendered":"<p>\u00c7evre sa\u011fl\u0131\u011f\u0131n\u0131 esas alarak kesintisiz su temini ve at\u0131ksu bertaraf\u0131 hizmetlerini ger\u00e7ekle\u015ftiren MESK\u0130 Genel M\u00fcd\u00fcrl\u00fc\u011f\u00fc, \u2018S\u0131f\u0131r At\u0131k Belgesi\u2019 ald\u0131. MESK\u0130 \u0130\u015f Sa\u011fl\u0131\u011f\u0131 ve G\u00fcvenli\u011fi \u015eube M\u00fcd\u00fcrl\u00fc\u011f\u00fc\u2019ne ba\u011fl\u0131 \u00c7evre Birimi taraf\u0131ndan &hellip; <a href=\"https:\/\/akdenizolaygazetesi.com\/?p=10431\" class=\"more-link\">Devam\u0131n\u0131 Oku&#8230;<\/a><\/p>\n","protected":false},"author":2,"featured_media":10432,"comment_status":"open","ping_status":"open","sticky":false,"template":"","format":"standard","meta":[],"categories":[34,1,2,3,5,9],"tags":[],"_links":{"self":[{"href":"https:\/\/akdenizolaygazetesi.com\/index.php?rest_route=\/wp\/v2\/posts\/10431"}],"collection":[{"href":"https:\/\/akdenizolaygazetesi.com\/index.php?rest_route=\/wp\/v2\/posts"}],"about":[{"href":"https:\/\/akdenizolaygazetesi.com\/index.php?rest_route=\/wp\/v2\/types\/post"}],"author":[{"embeddable":true,"href":"https:\/\/akdenizolaygazetesi.com\/index.php?rest_route=\/wp\/v2\/users\/2"}],"replies":[{"embeddable":true,"href":"https:\/\/akdenizolaygazetesi.com\/index.php?rest_route=%2Fwp%2Fv2%2Fcomments&post=10431"}],"version-history":[{"count":1,"href":"https:\/\/akdenizolaygazetesi.com\/index.php?rest_route=\/wp\/v2\/posts\/10431\/revisions"}],"predecessor-version":[{"id":10433,"href":"https:\/\/akdenizolaygazetesi.com\/index.php?rest_route=\/wp\/v2\/posts\/10431\/revisions\/10433"}],"wp:featuredmedia":[{"embeddable":true,"href":"https:\/\/akdenizolaygazetesi.com\/index.php?rest_route=\/wp\/v2\/media\/10432"}],"wp:attachment":[{"href":"https:\/\/akdenizolaygazetesi.com\/index.php?rest_route=%2Fwp%2Fv2%2Fmedia&parent=10431"}],"wp:term":[{"taxonomy":"category","embeddable":true,"href":"https:\/\/akdenizolaygazetesi.com\/index.php?rest_route=%2Fwp%2Fv2%2Fcategories&post=10431"},{"taxonomy":"post_tag","embeddable":true,"href":"https:\/\/akdenizolaygazetesi.com\/index.php?rest_route=%2Fwp%2Fv2%2Ftags&post=10431"}],"curies":[{"name":"wp","href":"https:\/\/api.w.org\/{rel}","templated":true}]}}