{"id":10434,"date":"2021-02-03T13:02:37","date_gmt":"2021-02-03T10:02:37","guid":{"rendered":"http:\/\/akdenizolaygazetesi.com\/?p=10434"},"modified":"2021-02-03T13:02:37","modified_gmt":"2021-02-03T10:02:37","slug":"buyuksehir-yerel-radyolarin-sesli-bulten-talebini-yerine-getirdi","status":"publish","type":"post","link":"https:\/\/akdenizolaygazetesi.com\/?p=10434","title":{"rendered":"B\u00dcY\u00dcK\u015eEH\u0130R, YEREL RADYOLARIN \u201cSESL\u0130 B\u00dcLTEN\u201d TALEB\u0130N\u0130 YER\u0130NE GET\u0130RD\u0130"},"content":{"rendered":"<p>Mersin B\u00fcy\u00fck\u015fehir Belediyesi, yerel radyolardan gelen talep \u00fczerine \u201csesli b\u00fclten\u201d uygulamas\u0131n\u0131 ba\u015flatt\u0131. Televizyonlar ve gazetelere g\u00f6r\u00fcnt\u00fcl\u00fc, yaz\u0131l\u0131 ve foto\u011frafl\u0131 servis edilen b\u00fcltenler art\u0131k radyolar i\u00e7in de sesli olarak haz\u0131rlan\u0131yor. B\u00fcy\u00fck\u015fehir\u2019in hizmetleri, duyurular\u0131 ve etkinlikleri yerel radyolar arac\u0131l\u0131\u011f\u0131yla vatanda\u015flara g\u00fcnl\u00fck olarak iletiliyor.<\/p>\n<p>Radyo Metropol Y\u00f6netim Kurulu Ba\u015fkan\u0131 Necmi Ayd\u0131n uygulamayla ilgili \u201cB\u00fcy\u00fck\u015fehir Belediyesi\u2019nin kendi sesini olu\u015fturmas\u0131, kendi sesiyle haber \u00fcretimi yapmas\u0131 ve radyolara servis etmesi T\u00fcrkiye\u2019de bir ilk\u201d dedi. Kent Radyo Y\u00f6netim Kurulu Ba\u015fkan\u0131 Mirza Turgut ise \u201cSesli olarak bize geldi\u011finde bunu belli saatlerde yay\u0131nl\u0131yoruz ve kitleye \u00e7ok iyi ula\u015f\u0131yor\u201d diye konu\u015ftu.<\/p>\n<p>Mersin B\u00fcy\u00fck\u015fehir Belediyesi Bas\u0131n Yay\u0131n ve Halkla \u0130li\u015fkiler Dairesi Ba\u015fkanl\u0131\u011f\u0131\u2019nda g\u00fcnl\u00fck olarak haz\u0131rlanan sesli b\u00fcltenler yerel radyolarda yay\u0131nlan\u0131yor. B\u00fcy\u00fck\u015fehir\u2019in hizmet, duyuru ve etkinlikleri radyolar arac\u0131l\u0131\u011f\u0131yla vatanda\u015flara iletiliyor. G\u00f6r\u00fcnt\u00fcl\u00fc, foto\u011frafl\u0131 ve yaz\u0131l\u0131 servis edilen b\u00fcltenler, yerel radyolardan gelen talep \u00fczerine art\u0131k sesli olarak da haz\u0131rlan\u0131yor. Yerel radyo temsilcileri, uygulama i\u00e7in \u201cT\u00fcrkiye\u2019de bir ilk\u201d diyor.<\/p>\n<p>Radyo temsilcileri \u2018sesli b\u00fclten\u2019 taleplerini iletmi\u015fti<\/p>\n<p>Bas\u0131n Yay\u0131n ve Halkla \u0130li\u015fkiler Dairesi Ba\u015fkanl\u0131\u011f\u0131, 5 A\u011fustos 2019\u2019da yerel medya mensuplar\u0131yla Mersin tarihinde ilk defa Bas\u0131n Yay\u0131n ve Halkla \u0130li\u015fkiler \u00c7al\u0131\u015ftay\u0131 ger\u00e7ekle\u015ftirmi\u015fti. Yerel radyo temsilcileri, olu\u015fturulan radyo masas\u0131nda B\u00fcy\u00fck\u015fehir Belediyesi\u2019yle ger\u00e7ekle\u015ftirilebilecek i\u015fbirliklerine y\u00f6nelik g\u00f6r\u00fc\u015flerini bildirmi\u015fti. Radyo temsilcileri, belediye hizmetlerinin duyuruldu\u011fu haber b\u00fcltenlerinin gazetelere ve televizyonlara yaz\u0131l\u0131, foto\u011frafl\u0131 ve g\u00f6r\u00fcnt\u00fcl\u00fc servis edildi\u011fini belirterek, radyolar i\u00e7in de \u2018sesli b\u00fclten\u2019 haz\u0131rlanmas\u0131n\u0131 talep etti.<\/p>\n<p>B\u00fcy\u00fck\u015fehir b\u00fcnyesinde haz\u0131rlanan spotlar radyolarda yay\u0131nlan\u0131yor<\/p>\n<p>1 Aral\u0131k 2020\u2019de \u2018sesli b\u00fclten\u2019 \u00e7al\u0131\u015fmas\u0131n\u0131 ba\u015flatan B\u00fcy\u00fck\u015fehir, kentteki yerel radyolara \u015fu ana kadar 56 spot g\u00f6nderdi. Belediyenin hizmetleri, duyurular\u0131 ve etkinlikleri g\u00fcnl\u00fck olarak radyo spotu haline getiriliyor. Spotlar\u0131n seslendirme, kay\u0131t ve prod\u00fcksiyonlar\u0131 B\u00fcy\u00fck\u015fehir b\u00fcnyesinde haz\u0131rlan\u0131p radyolara iletiliyor. Yerel radyolar ise kendilerine ula\u015fan spotlara yay\u0131n ak\u0131\u015flar\u0131nda yer veriyor.<\/p>\n<p>\u201cDinleyicilerin haber konusunda radyolara duydu\u011fu g\u00fcven devam ediyor\u201d<\/p>\n<p>Radyo Metropol Y\u00f6netim Kurulu Ba\u015fkan\u0131 ve Radyo Televizyon Yay\u0131nc\u0131lar\u0131 Meslek Birli\u011fi Y\u00f6netim Kurulu \u00dcyesi Necmi Ayd\u0131n, B\u00fcy\u00fck\u015fehir\u2019in s\u00f6z konusu \u00e7al\u0131\u015fmas\u0131ndan memnuniyetini dile getirerek, \u201cBu projeyi ge\u00e7en y\u0131l yap\u0131lan \u00e7al\u0131\u015ftayda sunmu\u015ftum. Dinleyicilerin haber konusunda radyolara duydu\u011fu g\u00fcven devam ediyor. \u0130nsanlar ba\u015fkas\u0131yla bir haber payla\u015f\u0131rken bile \u2018radyoda duydum haberi\u2019 diyorlar. Bunu s\u00f6ylerken, radyoyu haberin do\u011frulu\u011funa inand\u0131r\u0131c\u0131 bir etken olarak kullan\u0131yorlar\u201d dedi.<\/p>\n<p>\u201cB\u00fcy\u00fck\u015fehir\u2019in kendi sesiyle haber \u00fcretip radyolara servis etmesi T\u00fcrkiye\u2019de bir ilk\u201d<\/p>\n<p>B\u00fcy\u00fck\u015fehir Belediyesi b\u00fcnyesinde haz\u0131rlanan i\u00e7eri\u011fi be\u011fendi\u011fini ve kurumsal bir y\u00f6n\u00fc oldu\u011funu da vurgulayan Ayd\u0131n, \u201c\u00dcnl\u00fc markalar da b\u00f6yle yap\u0131yor. Kendi seslerini, renklerini, kokular\u0131n\u0131, tasar\u0131mlar\u0131n\u0131 kullan\u0131yorlar. Siz o markay\u0131 o sesle hat\u0131rl\u0131yorsunuz. Zihninize daha iyi yerle\u015fiyor. Dolay\u0131s\u0131yla B\u00fcy\u00fck\u015fehir Belediyesi\u2019nin kendi sesini olu\u015fturmas\u0131, kendi sesiyle haber \u00fcretimi yapmas\u0131 ve radyolara servis etmesi T\u00fcrkiye\u2019de bir ilk\u201d diye konu\u015ftu.<\/p>\n<p>\u201cBunun iyi bir uygulama oldu\u011funu s\u00f6yl\u00fcyorlar\u201d<\/p>\n<p>Dinleyicilerden olumlu geri d\u00f6n\u00fc\u015fler ald\u0131klar\u0131n\u0131 da s\u00f6zlerine ekleyen Ayd\u0131n, \u201cBunun iyi bir uygulama oldu\u011funu s\u00f6yl\u00fcyorlar. K\u0131sa ve radyo format\u0131nda olmas\u0131 \u00f6nemli. \u00c7\u00fcnk\u00fc insanlar radyoyu genellikle arabada, y\u00fcr\u00fcrken kulakl\u0131k takarak, evde ve i\u015fyerinde dinliyor. K\u0131sa bir haber b\u00fclteni \u00e7arp\u0131c\u0131 bir fon m\u00fczi\u011fiyle girip \u00e7\u0131k\u0131yor. \u0130nsanlar\u0131n da dikkatini \u00e7ekiyor ve dinliyorlar. Ben etkili oldu\u011fu kanaatindeyim. Zaten gelen geri bildirimler de o y\u00f6nde\u201d ifadelerine yer verdi.<\/p>\n<p>\u201cB\u00fcy\u00fck\u015fehir\u2019in icraatlar\u0131n\u0131n vatanda\u015fa ula\u015fmas\u0131 laz\u0131m\u201d<\/p>\n<p>Kent Radyo Y\u00f6netim Kurulu Ba\u015fkan\u0131 Mirza Turgut ise B\u00fcy\u00fck\u015fehir Belediyesi ile kentin radyolar\u0131 aras\u0131nda anlaml\u0131 bir i\u015fbirli\u011fi ger\u00e7ekle\u015fti\u011fini vurgulayarak, \u015funlar\u0131 s\u00f6yledi:<\/p>\n<p>\u201cB\u00fcy\u00fck\u015fehir Belediyesi\u2019nin mutfa\u011f\u0131ndaki ekip \u00f6nemli haberler \u00e7\u0131kart\u0131yor. O da sesli olarak bize geldi\u011finde bunu belli saatlerde yay\u0131nl\u0131yoruz ve kitleye \u00e7ok iyi ula\u015f\u0131yor. Bu nedenle ben bu \u00e7al\u0131\u015fmay\u0131 \u00e7ok de\u011ferli buluyorum. B\u00fcy\u00fck\u015fehir Belediyesi \u00e7ok icraat yap\u0131yor, \u00e7ok i\u015f yap\u0131yor. Bunun vatanda\u015fa ula\u015fmas\u0131 laz\u0131m. \u015eimdi radyolara uzun b\u00fcltenler g\u00f6nderilmiyor. Se\u00e7ilmi\u015f, g\u00fczel, vatanda\u015flara an\u0131nda ula\u015fmas\u0131 gereken mesajlar yer al\u0131yor. B\u00fcy\u00fck\u015fehir Belediyesi ile Mersin\u2019deki radyolar\u0131n b\u00f6ylesine bir i\u015fbirli\u011fi yapmas\u0131n\u0131 \u00e7ok do\u011fru buluyorum. Vahap Ba\u015fkan da gazetecilerin tamam\u0131yla \u00e7ok s\u0131k\u0131 ili\u015fki i\u00e7inde. \u015eu ana kadar g\u00f6rd\u00fc\u011f\u00fcm\u00fcz Mersin\u2019deki gazetecilerle B\u00fcy\u00fck\u015fehir Belediye Ba\u015fkan\u0131 aras\u0131nda \u00f6nemli bir s\u0131k\u0131nt\u0131 \u00e7\u0131kmam\u0131\u015ft\u0131r. Her zaman kucaklay\u0131c\u0131 bir yakla\u015f\u0131m\u0131 olmu\u015ftur.\u201d<\/p>\n","protected":false},"excerpt":{"rendered":"<p>Mersin B\u00fcy\u00fck\u015fehir Belediyesi, yerel radyolardan gelen talep \u00fczerine \u201csesli b\u00fclten\u201d uygulamas\u0131n\u0131 ba\u015flatt\u0131. Televizyonlar ve gazetelere g\u00f6r\u00fcnt\u00fcl\u00fc, yaz\u0131l\u0131 ve foto\u011frafl\u0131 servis edilen b\u00fcltenler art\u0131k radyolar i\u00e7in de sesli olarak haz\u0131rlan\u0131yor. B\u00fcy\u00fck\u015fehir\u2019in &hellip; <a href=\"https:\/\/akdenizolaygazetesi.com\/?p=10434\" class=\"more-link\">Devam\u0131n\u0131 Oku&#8230;<\/a><\/p>\n","protected":false},"author":2,"featured_media":10435,"comment_status":"open","ping_status":"open","sticky":false,"template":"","format":"standard","meta":[],"categories":[34,1,2,3,5],"tags":[],"_links":{"self":[{"href":"https:\/\/akdenizolaygazetesi.com\/index.php?rest_route=\/wp\/v2\/posts\/10434"}],"collection":[{"href":"https:\/\/akdenizolaygazetesi.com\/index.php?rest_route=\/wp\/v2\/posts"}],"about":[{"href":"https:\/\/akdenizolaygazetesi.com\/index.php?rest_route=\/wp\/v2\/types\/post"}],"author":[{"embeddable":true,"href":"https:\/\/akdenizolaygazetesi.com\/index.php?rest_route=\/wp\/v2\/users\/2"}],"replies":[{"embeddable":true,"href":"https:\/\/akdenizolaygazetesi.com\/index.php?rest_route=%2Fwp%2Fv2%2Fcomments&post=10434"}],"version-history":[{"count":1,"href":"https:\/\/akdenizolaygazetesi.com\/index.php?rest_route=\/wp\/v2\/posts\/10434\/revisions"}],"predecessor-version":[{"id":10436,"href":"https:\/\/akdenizolaygazetesi.com\/index.php?rest_route=\/wp\/v2\/posts\/10434\/revisions\/10436"}],"wp:featuredmedia":[{"embeddable":true,"href":"https:\/\/akdenizolaygazetesi.com\/index.php?rest_route=\/wp\/v2\/media\/10435"}],"wp:attachment":[{"href":"https:\/\/akdenizolaygazetesi.com\/index.php?rest_route=%2Fwp%2Fv2%2Fmedia&parent=10434"}],"wp:term":[{"taxonomy":"category","embeddable":true,"href":"https:\/\/akdenizolaygazetesi.com\/index.php?rest_route=%2Fwp%2Fv2%2Fcategories&post=10434"},{"taxonomy":"post_tag","embeddable":true,"href":"https:\/\/akdenizolaygazetesi.com\/index.php?rest_route=%2Fwp%2Fv2%2Ftags&post=10434"}],"curies":[{"name":"wp","href":"https:\/\/api.w.org\/{rel}","templated":true}]}}