{"id":10437,"date":"2021-02-03T14:49:13","date_gmt":"2021-02-03T11:49:13","guid":{"rendered":"http:\/\/akdenizolaygazetesi.com\/?p=10437"},"modified":"2021-02-03T14:49:13","modified_gmt":"2021-02-03T11:49:13","slug":"chp-il-baskanligindan-saldirilar-ile-ilgili-aciklama","status":"publish","type":"post","link":"https:\/\/akdenizolaygazetesi.com\/?p=10437","title":{"rendered":"CHP \u0130L BA\u015eKANLI\u011eINDAN, SALDIRILAR \u0130LE \u0130LG\u0130L\u0130 A\u00c7IKLAMA"},"content":{"rendered":"<p>CHP \u0130l Ba\u015fkan\u0131 Adil aktay, B\u00fcy\u00fck\u015fehir Belediyesi ve MESK\u0130\u2019ye y\u00f6nelik sald\u0131r\u0131lar ile ilgili bir bas\u0131n a\u00e7\u0131klamas\u0131 yapt\u0131.<\/p>\n<p>\u2018AZMETT\u0130REN VAR MI?\u2019<\/p>\n<p>Ba\u015fkan Aktay, a\u00e7\u0131klamas\u0131nda Mersin B\u00fcy\u00fck\u015fehir Belediyesi ve Mersinlilerin, 1 \u015eubat Pazartesi g\u00fcn\u00fc, birbiriyle ba\u011flant\u0131l\u0131 gibi g\u00f6r\u00fcnen iki al\u00e7ak\u00e7a sald\u0131r\u0131ya maruz kald\u0131\u011f\u0131n\u0131 belirtti. Aktay, a\u00e7\u0131klamas\u0131nda \u015fu c\u00fcmleleri kulland\u0131: \u201c\u00d6nce,  B\u00fcy\u00fck\u015fehir Belediyesi Ba\u015fkanl\u0131k makam\u0131n\u0131n da bulundu\u011fu, belediye personeli ve vatanda\u015flar\u0131n s\u00fcrekli kulland\u0131klar\u0131 Ta\u015f Bina\u2019ya yan\u0131c\u0131 ve patlay\u0131c\u0131 madde at\u0131lm\u0131\u015ft\u0131r. Tamamen tesad\u00fcf eseri can kayb\u0131na neden olmayan bu sald\u0131r\u0131n\u0131n yol a\u00e7t\u0131\u011f\u0131 yang\u0131n Belediye personeli taraf\u0131ndan s\u00f6nd\u00fcr\u00fclm\u00fc\u015ft\u00fcr. Bu olaydan yaln\u0131zca birka\u00e7 saat sonra bu kez de B\u00fcy\u00fck\u015fehir Belediyesi\u2019ne ba\u011fl\u0131 su ve kanalizasyon idaresi MESK\u0130\u2019nin K\u0131z Kalesi ve Kocahasanl\u0131 b\u00f6lgelerindeki i\u00e7me suyu terfi birimlerine sald\u0131r\u0131 ger\u00e7ekle\u015ftirilmi\u015ftir. Sald\u0131rganlar  cihaz ve motorlar\u0131 tahrip ederek o b\u00f6lgenin bir s\u00fcre susuz kalmas\u0131na neden olmu\u015flard\u0131r.  Failler hen\u00fcz yakalanm\u0131\u015f de\u011fildir. Ta\u015f Bina\u2019ya yap\u0131lan al\u00e7ak\u00e7a sald\u0131r\u0131y\u0131 ger\u00e7ekle\u015ftirenlerin ise k\u0131sa s\u00fcrede yakalanmas\u0131 ve 2015 y\u0131l\u0131ndan bu yana belediye \u00e7al\u0131\u015fan\u0131 oldu\u011fu anla\u015f\u0131lan sald\u0131rgan Kadir Deniz Birer\u2019in tutuklanmas\u0131 sevindiricidir.  Sald\u0131rgan sorgusunda su\u00e7unu itiraf etmi\u015ftir. Ancak Ta\u015f Bina sald\u0131r\u0131s\u0131n\u0131n nas\u0131l bir saik ile ger\u00e7ekle\u015ftirildi\u011fi, ard\u0131nda bir azmettirme, y\u00f6nlendirme ya da te\u015fvik olup olmad\u0131\u011f\u0131, K\u0131zkalesi ve Kocahasanl\u0131\u2019da ger\u00e7ekle\u015ftirilen sald\u0131r\u0131larla ba\u011flant\u0131l\u0131 olma ihtimali titizlikle ele al\u0131n\u0131p, a\u00e7\u0131kl\u0131\u011fa kavu\u015fturulmal\u0131d\u0131r.\u201d<\/p>\n<p>\u201cBU SALDIRILARA EN \u0130Y\u0130 CEVABI HALKIMIZ VERECEKT\u0130R\u2019\u2019<\/p>\n<p>A\u00e7\u0131klamas\u0131n\u0131n devam\u0131nda, B\u00fcy\u00fck\u015fehir Belediyesi\u2019ne ve hizmetlerine y\u00f6nelik bu sald\u0131r\u0131lar\u0131n Mersin\u2019e ve Mersin halk\u0131na yap\u0131ld\u0131\u011f\u0131n\u0131 ifade eden Aktay, \u201cBu sald\u0131r\u0131larda do\u011frudan ya da dolayl\u0131 olarak pay\u0131 olan herkese en iyi cevab\u0131 da halk\u0131m\u0131z verecektir. Hi\u00e7bir sald\u0131r\u0131, Mersin B\u00fcy\u00fck\u015fehir Belediyesi\u2019nin halka hizmet kararl\u0131l\u0131\u011f\u0131n\u0131 zafiyete u\u011fratamayacakt\u0131r.\u201d \u015feklinde konu\u015ftu.<\/p>\n","protected":false},"excerpt":{"rendered":"<p>CHP \u0130l Ba\u015fkan\u0131 Adil aktay, B\u00fcy\u00fck\u015fehir Belediyesi ve MESK\u0130\u2019ye y\u00f6nelik sald\u0131r\u0131lar ile ilgili bir bas\u0131n a\u00e7\u0131klamas\u0131 yapt\u0131. \u2018AZMETT\u0130REN VAR MI?\u2019 Ba\u015fkan Aktay, a\u00e7\u0131klamas\u0131nda Mersin B\u00fcy\u00fck\u015fehir Belediyesi ve Mersinlilerin, 1 \u015eubat &hellip; <a href=\"https:\/\/akdenizolaygazetesi.com\/?p=10437\" class=\"more-link\">Devam\u0131n\u0131 Oku&#8230;<\/a><\/p>\n","protected":false},"author":2,"featured_media":10438,"comment_status":"open","ping_status":"open","sticky":false,"template":"","format":"standard","meta":[],"categories":[34,1,2,3,5,6],"tags":[],"_links":{"self":[{"href":"https:\/\/akdenizolaygazetesi.com\/index.php?rest_route=\/wp\/v2\/posts\/10437"}],"collection":[{"href":"https:\/\/akdenizolaygazetesi.com\/index.php?rest_route=\/wp\/v2\/posts"}],"about":[{"href":"https:\/\/akdenizolaygazetesi.com\/index.php?rest_route=\/wp\/v2\/types\/post"}],"author":[{"embeddable":true,"href":"https:\/\/akdenizolaygazetesi.com\/index.php?rest_route=\/wp\/v2\/users\/2"}],"replies":[{"embeddable":true,"href":"https:\/\/akdenizolaygazetesi.com\/index.php?rest_route=%2Fwp%2Fv2%2Fcomments&post=10437"}],"version-history":[{"count":1,"href":"https:\/\/akdenizolaygazetesi.com\/index.php?rest_route=\/wp\/v2\/posts\/10437\/revisions"}],"predecessor-version":[{"id":10439,"href":"https:\/\/akdenizolaygazetesi.com\/index.php?rest_route=\/wp\/v2\/posts\/10437\/revisions\/10439"}],"wp:featuredmedia":[{"embeddable":true,"href":"https:\/\/akdenizolaygazetesi.com\/index.php?rest_route=\/wp\/v2\/media\/10438"}],"wp:attachment":[{"href":"https:\/\/akdenizolaygazetesi.com\/index.php?rest_route=%2Fwp%2Fv2%2Fmedia&parent=10437"}],"wp:term":[{"taxonomy":"category","embeddable":true,"href":"https:\/\/akdenizolaygazetesi.com\/index.php?rest_route=%2Fwp%2Fv2%2Fcategories&post=10437"},{"taxonomy":"post_tag","embeddable":true,"href":"https:\/\/akdenizolaygazetesi.com\/index.php?rest_route=%2Fwp%2Fv2%2Ftags&post=10437"}],"curies":[{"name":"wp","href":"https:\/\/api.w.org\/{rel}","templated":true}]}}