{"id":10440,"date":"2021-02-03T14:54:47","date_gmt":"2021-02-03T11:54:47","guid":{"rendered":"http:\/\/akdenizolaygazetesi.com\/?p=10440"},"modified":"2021-02-03T14:54:47","modified_gmt":"2021-02-03T11:54:47","slug":"yuzyilin-bitkisi-mezitlide-can-buldu","status":"publish","type":"post","link":"https:\/\/akdenizolaygazetesi.com\/?p=10440","title":{"rendered":"Y\u00dcZYILIN B\u0130TK\u0130S\u0130 MEZ\u0130TL\u0130\u2019DE CAN BULDU"},"content":{"rendered":"<p>Ekolojik ve \u00e7evre dostu olarak tasarlanan ve her katta olu\u015fturulan teras bah\u00e7eleriyle \u00e7al\u0131\u015fanlar\u0131 i\u015f stresinden uzakla\u015ft\u0131ran Mezitli Belediyesi Ana Hizmet Binas\u0131\u2019nda nesli t\u00fckenmekte olan Agave bitkisi koruma alt\u0131na al\u0131nd\u0131. \u00d6te yandan bitkiler aras\u0131nda bulunan muz a\u011fac\u0131 da meyve vermeye ba\u015flad\u0131.<\/p>\n<p>Vatanda\u015flar\u0131n en iyi \u015fekilde hizmet alabilmesi ve \u00e7al\u0131\u015fanlar\u0131n i\u015flemlerinin kolayla\u015fmas\u0131 a\u00e7\u0131s\u0131ndan her ayr\u0131nt\u0131n\u0131n d\u00fc\u015f\u00fcn\u00fcld\u00fc\u011f\u00fc Mezitli Belediyesi Ana Hizmet Binas\u0131, her katta bulunan teraslar\u0131yla \u00e7al\u0131\u015fanlar\u0131na ve vatanda\u015flara rahat nefes alma olanaklar\u0131 sa\u011fl\u0131yor. Mimari a\u00e7\u0131dan her ayr\u0131nt\u0131n\u0131n d\u00fc\u015f\u00fcn\u00fcld\u00fc\u011f\u00fc ve enerjisinin bir b\u00f6l\u00fcm\u00fcn\u00fc kendi \u00fcreten binada \u00e7e\u015fitli bitkiler yeti\u015ftiriliyor. Bu bitkiler aras\u0131nda bulunan muz a\u011fac\u0131 meyve vermeye ba\u015flad\u0131. Bunun yan\u0131nda Meksika&#8217;ya ve Teksas&#8217;\u0131n baz\u0131 b\u00f6lgelerine \u00f6zg\u00fc\u2018y\u00fczy\u0131l bitkisi\u2019 olarak adland\u0131r\u0131lan\u2018Agave Bitkisi\u2019nesli t\u00fckenmekte oldu\u011fu i\u00e7in koruma alt\u0131na al\u0131nd\u0131. Park ve Bah\u00e7eler M\u00fcd\u00fcrl\u00fc\u011f\u00fc ekipleri taraf\u0131ndan bak\u0131mlar\u0131 yap\u0131lan ve etraf\u0131 \u00e7itlerle \u00e7evrilen bitki vatanda\u015flar\u0131n da dikkatini \u00e7ekiyor. Her 100 y\u0131lda bir defa \u00e7i\u00e7ek a\u00e7t\u0131\u011f\u0131 s\u00f6ylenen bitki, dallar\u0131 ve yapraklar\u0131yla tropikal bir desen ortaya \u00e7\u0131kart\u0131yor.<\/p>\n<p>KORUMA ALTINA ALDIK<\/p>\n<p>Mezitli\u2019yi ye\u015file h\u00e2kim bir kent haline getirdiklerini dile getiren Mezitli Belediye Ba\u015fkan\u0131 Ne\u015fet Tarhan, \u201c\u0130l\u00e7emizin \u00e7e\u015fitli yerlerinde olu\u015fturdu\u011fumuz koruklar\u0131n yan\u0131nda hayata ge\u00e7irdi\u011fimiz t\u00fcm projelerimizde ye\u015fil alanlar olu\u015fturuyoruz. Yeni Hizmet Binam\u0131zda bu konuda vatanda\u015flar\u0131n taktirini topluyor. Her kat\u0131nda bulunan teras bah\u00e7eleriyle vatanda\u015flar\u0131m\u0131z\u0131n ve \u00e7al\u0131\u015fanlar\u0131m\u0131z\u0131n rahat nefes almalar\u0131n\u0131 sa\u011flad\u0131k. Teras\u0131m\u0131zda bulunan baz\u0131 bitkiler meyve vermeye ba\u015flad\u0131. Ayr\u0131ca nesli t\u00fckenmekte olan \u2018AgaveBitkisi\u2019ni de koruma alt\u0131na ald\u0131k. Mezitli\u2019yi ye\u015filin h\u00e2kim oldu\u011fu bir kent haline getirmeye devam edece\u011fiz\u201d \u015feklinde konu\u015ftu.<\/p>\n","protected":false},"excerpt":{"rendered":"<p>Ekolojik ve \u00e7evre dostu olarak tasarlanan ve her katta olu\u015fturulan teras bah\u00e7eleriyle \u00e7al\u0131\u015fanlar\u0131 i\u015f stresinden uzakla\u015ft\u0131ran Mezitli Belediyesi Ana Hizmet Binas\u0131\u2019nda nesli t\u00fckenmekte olan Agave bitkisi koruma alt\u0131na al\u0131nd\u0131. \u00d6te &hellip; <a href=\"https:\/\/akdenizolaygazetesi.com\/?p=10440\" class=\"more-link\">Devam\u0131n\u0131 Oku&#8230;<\/a><\/p>\n","protected":false},"author":2,"featured_media":10441,"comment_status":"open","ping_status":"open","sticky":false,"template":"","format":"standard","meta":[],"categories":[7,34,1,5],"tags":[],"_links":{"self":[{"href":"https:\/\/akdenizolaygazetesi.com\/index.php?rest_route=\/wp\/v2\/posts\/10440"}],"collection":[{"href":"https:\/\/akdenizolaygazetesi.com\/index.php?rest_route=\/wp\/v2\/posts"}],"about":[{"href":"https:\/\/akdenizolaygazetesi.com\/index.php?rest_route=\/wp\/v2\/types\/post"}],"author":[{"embeddable":true,"href":"https:\/\/akdenizolaygazetesi.com\/index.php?rest_route=\/wp\/v2\/users\/2"}],"replies":[{"embeddable":true,"href":"https:\/\/akdenizolaygazetesi.com\/index.php?rest_route=%2Fwp%2Fv2%2Fcomments&post=10440"}],"version-history":[{"count":1,"href":"https:\/\/akdenizolaygazetesi.com\/index.php?rest_route=\/wp\/v2\/posts\/10440\/revisions"}],"predecessor-version":[{"id":10442,"href":"https:\/\/akdenizolaygazetesi.com\/index.php?rest_route=\/wp\/v2\/posts\/10440\/revisions\/10442"}],"wp:featuredmedia":[{"embeddable":true,"href":"https:\/\/akdenizolaygazetesi.com\/index.php?rest_route=\/wp\/v2\/media\/10441"}],"wp:attachment":[{"href":"https:\/\/akdenizolaygazetesi.com\/index.php?rest_route=%2Fwp%2Fv2%2Fmedia&parent=10440"}],"wp:term":[{"taxonomy":"category","embeddable":true,"href":"https:\/\/akdenizolaygazetesi.com\/index.php?rest_route=%2Fwp%2Fv2%2Fcategories&post=10440"},{"taxonomy":"post_tag","embeddable":true,"href":"https:\/\/akdenizolaygazetesi.com\/index.php?rest_route=%2Fwp%2Fv2%2Ftags&post=10440"}],"curies":[{"name":"wp","href":"https:\/\/api.w.org\/{rel}","templated":true}]}}