{"id":10443,"date":"2021-02-03T15:04:08","date_gmt":"2021-02-03T12:04:08","guid":{"rendered":"http:\/\/akdenizolaygazetesi.com\/?p=10443"},"modified":"2021-02-03T15:04:08","modified_gmt":"2021-02-03T12:04:08","slug":"gultaktan-kadin-emegi-diyarina-ziyaret","status":"publish","type":"post","link":"https:\/\/akdenizolaygazetesi.com\/?p=10443","title":{"rendered":"G\u00dcLTAK\u2019TAN KADIN EME\u011e\u0130 D\u0130YARI\u2019NA Z\u0130YARET"},"content":{"rendered":"<p>Ba\u015fkan G\u00fcltak, \u00fcrettikleri \u00fcr\u00fcnler ile kent ve \u00fclkeye katma de\u011fer sa\u011flayan kad\u0131n kooperatiflerinin yer ald\u0131\u011f\u0131 Kad\u0131n Eme\u011fi Diyar\u0131\u2019n\u0131 ziyaret etti. <\/p>\n<p>Vatanda\u015flara seslenen Ba\u015fkan G\u00fcltak, \u201cBuraya verece\u011finiz t\u00fcm paralar kad\u0131nlara ve engellilerimize gidecek. Verdi\u011finiz paray\u0131 kutsal bir yolda harcam\u0131\u015f olacaks\u0131n\u0131z. Sizlerin verece\u011fi destek onlar\u0131n daha \u00e7ok b\u00fcy\u00fcmesini sa\u011flayacak\u201d dedi.<\/p>\n<p>Akdeniz Belediye Ba\u015fkan\u0131 M. Mustafa G\u00fcltak, kad\u0131nlar\u0131n \u00fcretim noktas\u0131nda ekonomik hayata kat\u0131lmas\u0131nda \u00f6nemli rol oynayan Kad\u0131n Eme\u011fi Diyar\u0131\u2019n\u0131 ziyaret etti. Kad\u0131n kooperatiflerinin yetkilileri, ba\u015fkan yard\u0131mc\u0131lar\u0131 ve birim m\u00fcd\u00fcrlerinin de e\u015flik etti\u011fi ziyarette Ba\u015fkan G\u00fcltak, kooperatif\u00e7ili\u011fe b\u00fcy\u00fck \u00f6nem verdi\u011finin alt\u0131n\u0131 \u00e7izdi.<\/p>\n<p>\u201cMaddi manevi olarak bu kooperatiflerimizin yan\u0131nda olmaya devam edece\u011fiz\u201d <\/p>\n<p>Kad\u0131n Eme\u011fi Diyar\u0131\u2019n\u0131n bulundu\u011fu Bah\u00e7eler Caddesi ile Kuva-i Milliye Caddesi\u2019nin kesi\u015fti\u011fi yeri \u015fehrin kalbi olarak niteleyen Ba\u015fkan G\u00fcltak, yapt\u0131\u011f\u0131 konu\u015fmada, \u201cAkdeniz\u2019in en \u00f6nemli noktalar\u0131ndan bir tanesindeyiz. Yaya olarak insanlar\u0131n \u00e7ok fazla kulland\u0131\u011f\u0131 bir alan. G\u00fcnl\u00fck \u00e7ok fazla insan\u0131n ge\u00e7ti\u011fi bir yer. Biz, \u2018Akdeniz Belediyesi olarak kad\u0131nlar\u0131m\u0131z\u0131n ve engellilerimizin yan\u0131nday\u0131z\u2019 dedik.  Dolay\u0131s\u0131yla siz hemen prosed\u00fcrleri tamamlay\u0131n; maddi manevi olarak biz bu kooperatiflerin yan\u0131nda olaca\u011f\u0131z diye s\u00f6yledik. Bizler h\u0131zl\u0131 bir \u015fekilde bu kooperatiflerin kurulmas\u0131nda yard\u0131mc\u0131 olduk. Burada bir\u00e7ok ba\u015fkan\u0131m\u0131z\u0131n ve ekip arkada\u015flar\u0131m\u0131z\u0131n emekleri var. Kooperatifler kuruldu. Daha sonra kooperatiflerle ilgili projelerle alakal\u0131 olarak toplant\u0131lar yap\u0131ld\u0131 ve \u00fcr\u00fcnler elde etmeye ba\u015flad\u0131k. Bunlar\u0131n hepsi g\u00fczel de \u2018Bu \u00fcr\u00fcnler nerede pazarlanacak\u2019 dedik. Burada g\u00f6rd\u00fc\u011f\u00fcn\u00fcz, y\u0131llarca kapal\u0131 kalan yeri faaliyete ge\u00e7irdik. 3 tane kooperatifimizi yan yana getirdik ve birbirlerine destek olarak bu \u00fcr\u00fcnleri satmas\u0131 noktas\u0131nda g\u00fczel bir yer olu\u015fturdu\u011fumuza inan\u0131yorum\u201d diye konu\u015ftu.<\/p>\n<p>\u201cKad\u0131nlar\u0131 \u00e7ok \u00f6nemsiyoruz\u201d<\/p>\n<p>Akdeniz\u2019in 3 tane kooperatifi oldu\u011funa i\u015faret eden Ba\u015fkan G\u00fcltak; \u201cKooperatiflerimiz \u00fcretiyorlar ve \u00fcrettiklerini halka satacak \u00e7ok kaliteli \u00fcr\u00fcnleri de var. Buradan t\u00fcm Mezitli, Yeni\u015fehir, Toroslar, Tarsus, Erdemli ve Silifke\u2019ye gelen herkese sesleniyorum. \u00c7\u00fcnk\u00fc buras\u0131 bir\u00e7ok insan\u0131n ge\u00e7ti\u011fi bir alan. \u00dcr\u00fcnler \u00e7ok kaliteli. \u00dcr\u00fcnleri bizzat test ettim. Kolonya, sal\u00e7a, dezenfektan; akl\u0131n\u0131za ne gelirse var. Buraya verece\u011finiz t\u00fcm paralar inan\u0131n kad\u0131nlar\u0131m\u0131za ve engellilerimize gidecek. Sadece \u00fcr\u00fcn\u00fcn kaliteli olmas\u0131 \u00f6nemli de\u011fil. Verdi\u011finiz paray\u0131 da kutsal bir yolda harcam\u0131\u015f olacaks\u0131n\u0131z. Sizlerin kooperatiflere verece\u011finiz destek, onlar\u0131n daha \u00e7ok b\u00fcy\u00fcmelerine, daha \u00e7ok kad\u0131n ve engelliye ula\u015fmas\u0131n\u0131 sa\u011flayacak\u201d \u015feklinde konu\u015ftu. Ba\u015fkan G\u00fcltak; t\u00fcm Mersin halk\u0131n\u0131 kooperatiflerden al\u0131\u015fveri\u015f yapmalar\u0131 \u00e7a\u011fr\u0131s\u0131nda bulundu.<\/p>\n","protected":false},"excerpt":{"rendered":"<p>Ba\u015fkan G\u00fcltak, \u00fcrettikleri \u00fcr\u00fcnler ile kent ve \u00fclkeye katma de\u011fer sa\u011flayan kad\u0131n kooperatiflerinin yer ald\u0131\u011f\u0131 Kad\u0131n Eme\u011fi Diyar\u0131\u2019n\u0131 ziyaret etti. Vatanda\u015flara seslenen Ba\u015fkan G\u00fcltak, \u201cBuraya verece\u011finiz t\u00fcm paralar kad\u0131nlara ve &hellip; <a href=\"https:\/\/akdenizolaygazetesi.com\/?p=10443\" class=\"more-link\">Devam\u0131n\u0131 Oku&#8230;<\/a><\/p>\n","protected":false},"author":2,"featured_media":10446,"comment_status":"open","ping_status":"open","sticky":false,"template":"","format":"standard","meta":[],"categories":[34,1,2,3,5],"tags":[],"_links":{"self":[{"href":"https:\/\/akdenizolaygazetesi.com\/index.php?rest_route=\/wp\/v2\/posts\/10443"}],"collection":[{"href":"https:\/\/akdenizolaygazetesi.com\/index.php?rest_route=\/wp\/v2\/posts"}],"about":[{"href":"https:\/\/akdenizolaygazetesi.com\/index.php?rest_route=\/wp\/v2\/types\/post"}],"author":[{"embeddable":true,"href":"https:\/\/akdenizolaygazetesi.com\/index.php?rest_route=\/wp\/v2\/users\/2"}],"replies":[{"embeddable":true,"href":"https:\/\/akdenizolaygazetesi.com\/index.php?rest_route=%2Fwp%2Fv2%2Fcomments&post=10443"}],"version-history":[{"count":1,"href":"https:\/\/akdenizolaygazetesi.com\/index.php?rest_route=\/wp\/v2\/posts\/10443\/revisions"}],"predecessor-version":[{"id":10447,"href":"https:\/\/akdenizolaygazetesi.com\/index.php?rest_route=\/wp\/v2\/posts\/10443\/revisions\/10447"}],"wp:featuredmedia":[{"embeddable":true,"href":"https:\/\/akdenizolaygazetesi.com\/index.php?rest_route=\/wp\/v2\/media\/10446"}],"wp:attachment":[{"href":"https:\/\/akdenizolaygazetesi.com\/index.php?rest_route=%2Fwp%2Fv2%2Fmedia&parent=10443"}],"wp:term":[{"taxonomy":"category","embeddable":true,"href":"https:\/\/akdenizolaygazetesi.com\/index.php?rest_route=%2Fwp%2Fv2%2Fcategories&post=10443"},{"taxonomy":"post_tag","embeddable":true,"href":"https:\/\/akdenizolaygazetesi.com\/index.php?rest_route=%2Fwp%2Fv2%2Ftags&post=10443"}],"curies":[{"name":"wp","href":"https:\/\/api.w.org\/{rel}","templated":true}]}}