{"id":10448,"date":"2021-02-03T15:19:01","date_gmt":"2021-02-03T12:19:01","guid":{"rendered":"http:\/\/akdenizolaygazetesi.com\/?p=10448"},"modified":"2021-02-03T15:19:01","modified_gmt":"2021-02-03T12:19:01","slug":"akdeniz-belediyesi-milli-futbolcu-sinan-tanisin-adini-ailesinin-yasadigi-mahalledeki-parka-verdi","status":"publish","type":"post","link":"https:\/\/akdenizolaygazetesi.com\/?p=10448","title":{"rendered":"AKDEN\u0130Z BELED\u0130YES\u0130, M\u0130LL\u0130 FUTBOLCU S\u0130NAN TANI\u015e\u2019IN ADINI, A\u0130LES\u0130N\u0130N YA\u015eADI\u011eI MAHALLEDEK\u0130 PARKA VERD\u0130"},"content":{"rendered":"<p>Ba\u015fkan G\u00fcltak; Akdeniz Belediye Meclisi taraf\u0131ndan, 1997 y\u0131l\u0131nda ya\u015fanan elim bir trafik kazas\u0131<br \/>\nsonucu, 21 ya\u015f\u0131nda hayat\u0131n\u0131 kaybeden Mersinli Milli Futbolcu Sinan Tan\u0131\u015f\u2019\u0131n ad\u0131n\u0131n verildi\u011fi park\u0131<br \/>\nziyaret ederek, Tan\u0131\u015f Ailesi ile bulu\u015ftu.<\/p>\n<p>Akdeniz Belediye Meclisi; Galatasaray Futbol Kul\u00fcb\u00fc\u2019ne transfer g\u00f6r\u00fc\u015fmeleri yapmak i\u00e7in \u00e7\u0131kt\u0131\u011f\u0131<br \/>\nyolda ge\u00e7irdi\u011fi elim bir trafik kazas\u0131nda ya\u015fam\u0131n\u0131 yitiren Mersinli Milli Sporcu Sinan Tan\u0131\u015f\u2019\u0131n<br \/>\nad\u0131n\u0131, Hamidiye Mahallesi\u2019nde bulunan bir parka verdi. Akdeniz Belediye Ba\u015fkan M. Mustafa<br \/>\nG\u00fcltak, Hamidiye Mahallesi\u2019nde bulunan ve Milli Sporcu Sinan Tan\u0131\u015f Park\u0131&#8217;n\u0131 ve Tan\u0131\u015f Ailesini;<br \/>\nAkdeniz Belediye Meclis \u00fcyesi Ayd\u0131n Demirci ile birlikte ziyaret etti.<\/p>\n<p>Tan\u0131\u015f Ailesi\u2019nden Akdeniz Belediyesi\u2019ne te\u015fekk\u00fcr<\/p>\n<p>Bulu\u015fmaya, merhum Milli Sporcu Sinan Tan\u0131\u015f\u2019\u0131n babas\u0131 Selahattin, annesi Fatma, erkek karde\u015fi<br \/>\nSava\u015f ile k\u0131z karde\u015fleri Senem ve Seden kat\u0131ld\u0131. Tan\u0131\u015f Ailesi, evlerinin hemen yan\u0131nda bulunan bir<br \/>\nparka o\u011fullar\u0131n\u0131n isminin verilmesinden dolay\u0131 te\u015fekk\u00fcrlerini iletti. Sinan Tan\u0131\u015f\u2019\u0131n babas\u0131<br \/>\nSelahattin Tan\u0131\u015f, yapt\u0131\u011f\u0131 duygu dolu konu\u015fmas\u0131nda, \u201cBu park\u0131m\u0131za o\u011flumun ad\u0131n\u0131n verilmesini<br \/>\ni\u00e7eren \u00f6nergeyi veren Meclis \u00fcyesi Say\u0131n Ayd\u0131n Demirci\u2019ye, bu anlamda deste\u011fini esirgemeyen<br \/>\nSay\u0131n Ba\u015fkan\u0131m\u0131z Mustafa G\u00fcltak ve t\u00fcm Meclis \u00fcyelerine te\u015fekk\u00fcr ediyorum\u201d dedi. Sinan Tan\u0131\u015f\u2019\u0131n<br \/>\nkarde\u015fi Sava\u015f Tan\u0131\u015f da, evlerinin yak\u0131n\u0131nda bulunan bir parka a\u011fabeyinin ad\u0131n\u0131n verilmesinin<br \/>\nkendileri i\u00e7in bir s\u00fcrpriz oldu\u011funu dile getirdi. Tan\u0131\u015f Ailesi olarak, eme\u011fi ge\u00e7en herkese te\u015fekk\u00fcr ediyoruz.<\/p>\n<p>G\u00fcltak; \u201cMilli Futbolcumuz Sinan Tan\u0131\u015f\u2019\u0131n ad\u0131n\u0131 gelece\u011fe ta\u015f\u0131d\u0131k\u201d<\/p>\n<p>Tan\u0131\u015f Ailesi\u2019nin fertleriyle ile bir araya gelen Ba\u015fkan G\u00fcltak, Milli Sporcu Sinan Tan\u0131\u015f\u2019\u0131n ad\u0131n\u0131<br \/>\ngelece\u011fe ta\u015f\u0131yacak olan park\u0131 da ziyaret etti. Park\u0131n i\u00e7inde bulunan tek katl\u0131 bir yap\u0131y\u0131 inceleyen<br \/>\nBa\u015fkan G\u00fcltak; yap\u0131y\u0131, Milli sporcunun hat\u0131ras\u0131n\u0131 ya\u015fatacak, kupalar, madalyalar, foto\u011fraflar ve<br \/>\n\u00f6zel e\u015fyalar\u0131n\u0131n yer alaca\u011f\u0131 bir m\u00fczeye d\u00f6n\u00fc\u015ft\u00fcreceklerini de s\u00f6yledi. Ba\u015fkan G\u00fcltak; \u201cMeclis<br \/>\n\u00fcyemiz Ayd\u0131n Demirci, Meclis\u2019e \u00f6nerge vermi\u015fti.T\u00fcm Meclis \u00fcyeleri olarak uygun g\u00f6rd\u00fck ve park\u0131m\u0131z\u0131n ad\u0131n\u0131, \u2018Sinan Tan\u0131\u015f Park\u0131\u2019 olarak<br \/>\nde\u011fi\u015ftirdik. Sinan karde\u015fimize Allah\u2019tan rahmet diliyorum. Uzun s\u00fcre futbolla u\u011fra\u015ft\u0131, Milli<br \/>\nTak\u0131mlara kadar y\u00fckselip ter d\u00f6kt\u00fc. Hem ailesini hem de Mersin\u2019i gururland\u0131rd\u0131. Biz de Sinan<br \/>\nkarde\u015fimizin ad\u0131n\u0131 ya\u015fatmak ve ailemizi sevindirmek ad\u0131na park\u0131m\u0131za O\u2019nun ad\u0131n\u0131 verdik\u201d diye<br \/>\nkonu\u015ftu. <\/p>\n<p>Ba\u015fkan G\u00fcltak, Sinan Tan\u0131\u015f\u2019\u0131n ad\u0131n\u0131n verildi\u011fi parkta tespit etti\u011fi baz\u0131 eksikliklerin<br \/>\ngiderilmesi; \u00e7ocuk oyun gruplar\u0131, park\u0131n zemini ve peyzaj\u0131n\u0131n yenilenmesi i\u00e7in de ilgili birime<br \/>\ntalimat verdi.<\/p>\n<p>Bu anlaml\u0131 teklifi Akdeniz Belediye Meclis \u00dcyesi Ayd\u0131n Demirci, meclis g\u00fcndemine getirmi\u015fti.<\/p>\n<p>Akdeniz Belediye Meclisi\u2019nin; 15 Ekim 2020 tarihindeki oturumunda, Belediye Meclis \u00fcyesi Ayd\u0131n<br \/>\nDemirci taraf\u0131ndan; Hamidiye Mahallesi, 4203 Sokakta bulunan Erguvan Park\u0131\u2019na; Mersin \u0130dman<br \/>\nYurdu, Gaziantepspor ve Milli Tak\u0131m formalar\u0131n\u0131 giyen Milli Sporcu Sinan Tan\u0131\u015f\u2019\u0131n ad\u0131n\u0131n verilmesi<br \/>\ni\u00e7in \u00f6nerge vermi\u015fti. Komisyonlardan oybirli\u011fiyle ge\u00e7en \u00f6nerge, Meclis \u00fcyelerinin de oybirli\u011fiyle<br \/>\nkabul edilmi\u015fti.<\/p>\n<p>Sinan Tan\u0131\u015f Kimdir?<\/p>\n<p>Mersin \u0130dman Yurdu&#8217;nun (M\u0130Y) altyap\u0131s\u0131nda yeti\u015fen Milli Sporcu Sinan Tan\u0131\u015f; 1991-1996 y\u0131llar\u0131<br \/>\naras\u0131nda 5 y\u0131l boyunca k\u0131rm\u0131z\u0131 lacivert-formay\u0131 giydi. Gaziantepspor ve Milli Tak\u0131m formalar\u0131n\u0131 da<br \/>\nta\u015f\u0131yan Sinan Tan\u0131\u015f, Galatasaray Futbol Tak\u0131m\u0131\u2019na transfer g\u00f6r\u00fc\u015fmeleri amac\u0131yla 4 Temmuz 1997<br \/>\ny\u0131l\u0131nda yola \u00e7\u0131km\u0131\u015f, ancak Mersin- Tarsus yolunda elim bir trafik kazas\u0131nda, hen\u00fcz 21 ya\u015f\u0131nda iken<br \/>\nhayat\u0131n\u0131 kaybetmi\u015fti.<\/p>\n","protected":false},"excerpt":{"rendered":"<p>Ba\u015fkan G\u00fcltak; Akdeniz Belediye Meclisi taraf\u0131ndan, 1997 y\u0131l\u0131nda ya\u015fanan elim bir trafik kazas\u0131 sonucu, 21 ya\u015f\u0131nda hayat\u0131n\u0131 kaybeden Mersinli Milli Futbolcu Sinan Tan\u0131\u015f\u2019\u0131n ad\u0131n\u0131n verildi\u011fi park\u0131 ziyaret ederek, Tan\u0131\u015f Ailesi &hellip; <a href=\"https:\/\/akdenizolaygazetesi.com\/?p=10448\" class=\"more-link\">Devam\u0131n\u0131 Oku&#8230;<\/a><\/p>\n","protected":false},"author":2,"featured_media":10450,"comment_status":"open","ping_status":"open","sticky":false,"template":"","format":"standard","meta":[],"categories":[34,1,2,3,5,10],"tags":[],"_links":{"self":[{"href":"https:\/\/akdenizolaygazetesi.com\/index.php?rest_route=\/wp\/v2\/posts\/10448"}],"collection":[{"href":"https:\/\/akdenizolaygazetesi.com\/index.php?rest_route=\/wp\/v2\/posts"}],"about":[{"href":"https:\/\/akdenizolaygazetesi.com\/index.php?rest_route=\/wp\/v2\/types\/post"}],"author":[{"embeddable":true,"href":"https:\/\/akdenizolaygazetesi.com\/index.php?rest_route=\/wp\/v2\/users\/2"}],"replies":[{"embeddable":true,"href":"https:\/\/akdenizolaygazetesi.com\/index.php?rest_route=%2Fwp%2Fv2%2Fcomments&post=10448"}],"version-history":[{"count":1,"href":"https:\/\/akdenizolaygazetesi.com\/index.php?rest_route=\/wp\/v2\/posts\/10448\/revisions"}],"predecessor-version":[{"id":10451,"href":"https:\/\/akdenizolaygazetesi.com\/index.php?rest_route=\/wp\/v2\/posts\/10448\/revisions\/10451"}],"wp:featuredmedia":[{"embeddable":true,"href":"https:\/\/akdenizolaygazetesi.com\/index.php?rest_route=\/wp\/v2\/media\/10450"}],"wp:attachment":[{"href":"https:\/\/akdenizolaygazetesi.com\/index.php?rest_route=%2Fwp%2Fv2%2Fmedia&parent=10448"}],"wp:term":[{"taxonomy":"category","embeddable":true,"href":"https:\/\/akdenizolaygazetesi.com\/index.php?rest_route=%2Fwp%2Fv2%2Fcategories&post=10448"},{"taxonomy":"post_tag","embeddable":true,"href":"https:\/\/akdenizolaygazetesi.com\/index.php?rest_route=%2Fwp%2Fv2%2Ftags&post=10448"}],"curies":[{"name":"wp","href":"https:\/\/api.w.org\/{rel}","templated":true}]}}