{"id":10452,"date":"2021-02-03T15:25:14","date_gmt":"2021-02-03T12:25:14","guid":{"rendered":"http:\/\/akdenizolaygazetesi.com\/?p=10452"},"modified":"2021-02-03T15:25:14","modified_gmt":"2021-02-03T12:25:14","slug":"toroslar-saglikli-ve-planli-buyuyor","status":"publish","type":"post","link":"https:\/\/akdenizolaygazetesi.com\/?p=10452","title":{"rendered":"TOROSLAR, SA\u011eLIKLI VE PLANLI B\u00dcY\u00dcYOR"},"content":{"rendered":"<p>Toroslar Belediye Ba\u015fkan\u0131 Ats\u0131z Af\u015f\u0131n Y\u0131lmaz, Toroslar&#8217;\u0131n 1\/1000 \u00f6l\u00e7ekli \u0130mar Planlar\u0131 ile il\u00e7enin kalk\u0131naca\u011f\u0131n\u0131, sekt\u00f6rel geli\u015fmenin sa\u011flanaca\u011f\u0131n\u0131 ve bunun paralelinde de istihdam\u0131n artaca\u011f\u0131n\u0131 s\u00f6yledi.<\/p>\n<p>Toroslar Belediye Meclisi&#8217;nin \u015eubat Ay\u0131 toplant\u0131s\u0131nda, Toroslar&#8217;\u0131n sa\u011fl\u0131kl\u0131 ve planl\u0131 bir \u015fekilde b\u00fcy\u00fcmesi amac\u0131yla \u00e7al\u0131\u015ft\u0131klar\u0131n\u0131 belirten Ba\u015fkan Y\u0131lmaz; &#8220;Hem\u015fehrilerimize fayda sa\u011flamas\u0131 ve geli\u015fim potansiyeli y\u00fcksek olan il\u00e7emizin daha da de\u011ferlenmesi amac\u0131yla \u00e7al\u0131\u015fmalar yap\u0131yoruz. Planlar\u0131m\u0131z\u0131 da buna g\u00f6re haz\u0131rlad\u0131k&#8221; dedi.<\/p>\n<p>&#8220;Sosyal Sorumluluk Projelerine \u00d6nem Veriyoruz&#8221;<\/p>\n<p>Sosyal sorumluluk projeleriyle vatanda\u015f\u0131n takdirini kazan Toroslar Belediye Ba\u015fkan\u0131 Ats\u0131z Af\u015f\u0131n Y\u0131lmaz, 15-27 \u015eubat 2021 tarihleri aras\u0131nda Bulgaristan\u2019da ger\u00e7ekle\u015fecek olan &#8216;Ebeveynlerin Siber Zorbal\u0131kla M\u00fccadele E\u011fitimi\u2019 adl\u0131 proje \u00e7al\u0131\u015fmalar\u0131na kat\u0131lacak. Across Atlantic Development (AAD) kurulu\u015fu taraf\u0131ndan y\u00fcr\u00fct\u00fclen ve Avrupa Birli\u011fi Erasmus taraf\u0131ndan desteklenen proje kapsam\u0131nda Ba\u015fkan Y\u0131lmaz&#8217;a meclis \u00fcyeleri de e\u015flik edecek.<\/p>\n<p>&#8220;T\u00fcrkiye&#8217;den Kat\u0131lan Tek Yerel Y\u00f6netimiz&#8221;<\/p>\n<p>Ba\u015fkan Y\u0131lmaz, Bulgaristan&#8217;a T\u00fcrkiye&#8217;den kat\u0131lan tek yerel y\u00f6netim olduklar\u0131na dikkat \u00e7ekerek, siber zorbal\u0131k tehdidine kar\u015f\u0131 teknolojinin bilin\u00e7li kullan\u0131m\u0131n\u0131n yayg\u0131nla\u015ft\u0131r\u0131lmas\u0131n\u0131 hedeflediklerini s\u00f6yledi. \u00c7ocuklar\u0131n ve gen\u00e7lerin ki\u015fisel geli\u015fimlerine \u00f6nem verdiklerini belirten Ba\u015fkan Y\u0131lmaz; &#8220;Salg\u0131n s\u00fcrecinde \u00e7ocuklar\u0131m\u0131z ne yaz\u0131k ki sanal ortamda daha fazla vakit ge\u00e7irmeye ba\u015flad\u0131. Alan\u0131nda uzman ki\u015filerin yapt\u0131\u011f\u0131 ara\u015ft\u0131rmalara g\u00f6re siber zorbal\u0131k riski de artt\u0131. Biz bu konunun \u00f6neminin fark\u0131nday\u0131z. Ve yap\u0131lacak \u00e7al\u0131\u015fmalara her zaman destek vermeye haz\u0131r\u0131z. Bu vesileyle Toroslar Belediyesi olarak Bulgaristan&#8217;da ger\u00e7ekle\u015fecek olan &#8216;Ebeveynlerin Siber Zorbal\u0131kla M\u00fccadele E\u011fitimi\u2019 adl\u0131 projenin \u00e7al\u0131\u015fmalar\u0131na kat\u0131laca\u011f\u0131z&#8221; dedi.<\/p>\n<p>&#8220;Toroslar, H\u0131zla Geli\u015fen Bir \u0130l\u00e7e&#8221;<\/p>\n<p>Kurumlar aras\u0131 diyalog halinde \u00e7al\u0131\u015fan belediye, vatanda\u015flar\u0131n da ihtiyac\u0131 do\u011frultusunda  Mersin \u0130l M\u00fcft\u00fcl\u00fc\u011f\u00fc&#8217;ne Cami ve Kuran Kursu yap\u0131lmak \u00fczere Karaisal\u0131 Mahallesi&#8217;nde yer tahsisinde bulundu. Konu, meclis \u00fcyeleri taraf\u0131ndan oy birli\u011fiyle kabul edildi. Toplant\u0131da, \u00c7apar ve Arpa\u00e7sakarlar Mahalleleri&#8217;nde bulunan muhtelif ada ve parseller ile ilgili 1\/1000 \u00f6l\u00e7ekli Uygulama \u0130mar Planlar\u0131 da g\u00f6r\u00fc\u015f\u00fcld\u00fc. Toroslardaki 3, 4 ve 8. Etap 1\/1000 \u00f6l\u00e7ekli Revizyon Uygulama \u0130mar Planlar\u0131na ili\u015fkin t\u00fcm komisyonlara bir ay ek s\u00fcre verilmesi oy birli\u011fiyle kabul edildi. Toroslar&#8217;\u0131n h\u0131zla geli\u015fen bir il\u00e7e oldu\u011funa dikkat \u00e7eken Ba\u015fkan Y\u0131lmaz; &#8220;Yat\u0131r\u0131mc\u0131lar\u0131n da g\u00f6zdesi haline gelen il\u00e7emiz, bir\u00e7ok a\u00e7\u0131dan da avantajl\u0131 bir konumda. \u0130l\u00e7emizde kurulan yeni yerle\u015fim alanlar\u0131yla Mersin, Toroslar&#8217;a do\u011fru geli\u015fiyor. Toroslar\u0131m\u0131za fayda sa\u011flayacak olan bu planlarla il\u00e7emiz daha da g\u00fczelle\u015fecek ve de\u011fer kazanacak&#8221; dedi. \u015eubat ay\u0131 meclis toplant\u0131s\u0131n\u0131n ikinci birle\u015fiminin, 05 \u015eubat Cuma g\u00fcn\u00fc saat 14.00&#8217;da yap\u0131lmas\u0131 kararla\u015ft\u0131r\u0131l\u0131rken, Mart ay\u0131nda yap\u0131lacak olan meclis toplant\u0131  g\u00fcn\u00fc ise  02 Mart Sal\u0131 saat 14.00 olarak belirlendi.<\/p>\n","protected":false},"excerpt":{"rendered":"<p>Toroslar Belediye Ba\u015fkan\u0131 Ats\u0131z Af\u015f\u0131n Y\u0131lmaz, Toroslar&#8217;\u0131n 1\/1000 \u00f6l\u00e7ekli \u0130mar Planlar\u0131 ile il\u00e7enin kalk\u0131naca\u011f\u0131n\u0131, sekt\u00f6rel geli\u015fmenin sa\u011flanaca\u011f\u0131n\u0131 ve bunun paralelinde de istihdam\u0131n artaca\u011f\u0131n\u0131 s\u00f6yledi. Toroslar Belediye Meclisi&#8217;nin \u015eubat Ay\u0131 toplant\u0131s\u0131nda, &hellip; <a href=\"https:\/\/akdenizolaygazetesi.com\/?p=10452\" class=\"more-link\">Devam\u0131n\u0131 Oku&#8230;<\/a><\/p>\n","protected":false},"author":2,"featured_media":10453,"comment_status":"open","ping_status":"open","sticky":false,"template":"","format":"standard","meta":[],"categories":[34,1,2,3,5],"tags":[],"_links":{"self":[{"href":"https:\/\/akdenizolaygazetesi.com\/index.php?rest_route=\/wp\/v2\/posts\/10452"}],"collection":[{"href":"https:\/\/akdenizolaygazetesi.com\/index.php?rest_route=\/wp\/v2\/posts"}],"about":[{"href":"https:\/\/akdenizolaygazetesi.com\/index.php?rest_route=\/wp\/v2\/types\/post"}],"author":[{"embeddable":true,"href":"https:\/\/akdenizolaygazetesi.com\/index.php?rest_route=\/wp\/v2\/users\/2"}],"replies":[{"embeddable":true,"href":"https:\/\/akdenizolaygazetesi.com\/index.php?rest_route=%2Fwp%2Fv2%2Fcomments&post=10452"}],"version-history":[{"count":1,"href":"https:\/\/akdenizolaygazetesi.com\/index.php?rest_route=\/wp\/v2\/posts\/10452\/revisions"}],"predecessor-version":[{"id":10454,"href":"https:\/\/akdenizolaygazetesi.com\/index.php?rest_route=\/wp\/v2\/posts\/10452\/revisions\/10454"}],"wp:featuredmedia":[{"embeddable":true,"href":"https:\/\/akdenizolaygazetesi.com\/index.php?rest_route=\/wp\/v2\/media\/10453"}],"wp:attachment":[{"href":"https:\/\/akdenizolaygazetesi.com\/index.php?rest_route=%2Fwp%2Fv2%2Fmedia&parent=10452"}],"wp:term":[{"taxonomy":"category","embeddable":true,"href":"https:\/\/akdenizolaygazetesi.com\/index.php?rest_route=%2Fwp%2Fv2%2Fcategories&post=10452"},{"taxonomy":"post_tag","embeddable":true,"href":"https:\/\/akdenizolaygazetesi.com\/index.php?rest_route=%2Fwp%2Fv2%2Ftags&post=10452"}],"curies":[{"name":"wp","href":"https:\/\/api.w.org\/{rel}","templated":true}]}}