{"id":10455,"date":"2021-02-03T17:29:58","date_gmt":"2021-02-03T14:29:58","guid":{"rendered":"http:\/\/akdenizolaygazetesi.com\/?p=10455"},"modified":"2021-02-03T17:29:58","modified_gmt":"2021-02-03T14:29:58","slug":"bogazici-ogrencilerine-yapilan-muamele-yasalara-aykiridir","status":"publish","type":"post","link":"https:\/\/akdenizolaygazetesi.com\/?p=10455","title":{"rendered":"\u201cBO\u011eAZ\u0130\u00c7\u0130 \u00d6\u011eRENC\u0130LER\u0130NE YAPILAN MUAMELE YASALARA AYKIRIDIR\u201d"},"content":{"rendered":"<p>Mersin Barosu Ba\u015fkan\u0131 Bilgin Ye\u015filbo\u011faz ile birlikte 35 baro ba\u015fkan\u0131 yapt\u0131\u011f\u0131 ortak yaz\u0131l\u0131 a\u00e7\u0131klamada, Prof. Dr. Melih Bulu&#8217;nun rekt\u00f6r olarak atanmas\u0131 sonras\u0131 demokratik protesto haklar\u0131n\u0131 kullanan Bo\u011fazi\u00e7i \u00f6\u011frencilerine yap\u0131lan muamelelerin demokratik hukuk devletinde asla yeri olmad\u0131\u011f\u0131na vurgu yaparak, \u201cAnayasa\u2019ya, A\u0130HS\u2019ye, A\u0130HM\u2019nin ve AYM\u2019nin yerle\u015fik i\u00e7tihatlar\u0131na ve yasalara ayk\u0131r\u0131d\u0131r. Su\u00e7 olu\u015fturmayan demokratik haklar\u0131n\u0131 kullanan vatanda\u015flara kar\u015f\u0131 her t\u00fcrl\u00fc bask\u0131n\u0131n son bulmas\u0131n\u0131 talep ediyoruz&#8221; ifadesine yer verdi.<br \/>\nMersin Barosu Ba\u015fkan\u0131 Bilgin Ye\u015filbo\u011faz ile birlikte 35 baro ba\u015fkan\u0131 yapt\u0131\u011f\u0131 a\u00e7\u0131klamada \u015fu ifadelere yer verdi:<\/p>\n<p>\u201cT\u00fcrkiye Cumhuriyeti Anayasas\u0131n\u0131n 34. maddesinde \u201cHerkes, \u00f6nceden izin almadan, silahs\u0131z ve sald\u0131r\u0131s\u0131z toplant\u0131 ve g\u00f6steri y\u00fcr\u00fcy\u00fc\u015f\u00fc d\u00fczenleme hakk\u0131na sahiptir.\u201d \u015eeklinde v\u00fccut bulan anayasal hakk\u0131n hukuki dayanak olmadan k\u0131s\u0131tlanmas\u0131n\u0131n ve akabinde kolluk taraf\u0131ndan yine herhangi yasal bir dayanak olmaks\u0131z\u0131n keyfi \u015fekilde talimatlar verilip ard\u0131ndan g\u00f6zalt\u0131na alma i\u015flemlerinin yap\u0131lmas\u0131n\u0131n, demokratik hukuk devleti olgusunun i\u015fledi\u011fi ve yerle\u015fti\u011fi \u00fclkelerde asla yeri yoktur.<br \/>\n\u0130fade \u00f6zg\u00fcrl\u00fc\u011f\u00fc ve toplant\u0131 ve g\u00f6steri y\u00fcr\u00fcy\u00fc\u015fleri ile ilgili olarak A\u0130HS\u2019nin 10. ve 11. maddelerinin uygulanmas\u0131na ili\u015fkin A\u0130HM\u2019nin bir\u00e7ok i\u00e7tihad\u0131nda; her kanun d\u0131\u015f\u0131 durumun toplant\u0131 ve g\u00f6steri \u00f6zg\u00fcrl\u00fc\u011f\u00fcne m\u00fcdahale gerek\u00e7esi olamayaca\u011f\u0131 ve bu m\u00fcdahaleyi hakl\u0131 g\u00f6stermeyece\u011fi, toplant\u0131 d\u00fczenleme \u00f6zg\u00fcrl\u00fc\u011f\u00fcn\u00fcn demokratik toplumlarda korunmas\u0131 gereken temel haklardan oldu\u011fu; bir toplumu toplum yapan de\u011ferlerden oldu\u011fu ve bu nedenle de bu hakk\u0131 s\u0131n\u0131rlamaya y\u00f6nelik m\u00fcdahalelerin \u00e7ok dar yorumlanmas\u0131 gerekti\u011fi; bu t\u00fcr toplant\u0131larda gerekli ho\u015fg\u00f6r\u00fcn\u00fcn g\u00f6sterilmesi, toplanma \u00f6zg\u00fcrl\u00fc\u011f\u00fc ve bu \u00f6zg\u00fcrl\u00fck \u00e7er\u00e7evesinde d\u00fc\u015f\u00fcncelerini ifade etme hakk\u0131n\u0131n,  demokratik toplumun temel \u00f6zelliklerini te\u015fkil etti\u011fi; \u015fiddete te\u015fvik ya da demokratik ilkelerin reddi d\u0131\u015f\u0131nda \u2013baz\u0131 g\u00f6r\u00fc\u015fler ya da kullan\u0131lan ifadeler resmi mercilerin g\u00f6z\u00fcnde ne kadar sars\u0131c\u0131 ve kabul edilemez g\u00f6r\u00fcnebilse de\u2013 koruyucu tedbir niteli\u011finde olan radikal \u00f6nlemlerin toplanma ve ifade \u00f6zg\u00fcrl\u00fc\u011f\u00fcn\u00fc ortadan kald\u0131rmaya y\u00f6nelik olarak kullan\u0131lmas\u0131n\u0131n demokrasiye zarar vermekte oldu\u011fu; hukukun \u00fcst\u00fcnl\u00fc\u011f\u00fcne dayanan demokratik toplumlarda bar\u0131\u015f\u00e7\u0131l y\u00f6ntemlerle toplanma \u00f6zg\u00fcrl\u00fc\u011f\u00fcn\u00fcn uygulanmas\u0131n\u0131n \u00f6nemi vurgulanm\u0131\u015ft\u0131r.<\/p>\n<p>TBMM Kamu Denet\u00e7ili\u011fi Kurumu, 2020 7598 no\u2019lu ba\u015fvuruya 16. 12. 20020 tarihinde 2020789615-S2098197 say\u0131 numaras\u0131 ile verdi\u011fi yan\u0131tta \u201c22 Haziran 2020 tarihinde baro ba\u015fkanlar\u0131na y\u00f6nelik ger\u00e7ekle\u015ftirilen kolluk m\u00fcdahalesinin, \u201ctoplant\u0131 ve ifadeyi a\u00e7\u0131klama \u00f6zg\u00fcrl\u00fc\u011f\u00fcn\u00fcn\u201d ihlaline yol a\u00e7t\u0131\u011f\u0131 iddias\u0131 a\u00e7\u0131s\u0131ndan ba\u015fvurunun kabul\u00fcne karar vermi\u015ftir.<br \/>\nA\u0130H S\u00f6zle\u015fmesi\u2019nin 46. maddesi ve Anayasa\u2019n\u0131n 90. ve 138. maddeleri uyar\u0131nca bu kararlara uyulmas\u0131 zorunludur.<br \/>\nBu ba\u011flamda Bo\u011fazi\u00e7i \u00f6\u011frencilerine yap\u0131lan muameleler, Anayasa\u2019ya, A\u0130HS\u2019ne, A\u0130HM\u2019nin ve AYM\u2019nin yerle\u015fik i\u00e7tihatlar\u0131na ve yasalara ayk\u0131r\u0131d\u0131r.<br \/>\nGe\u00e7mi\u015fte oldu\u011fu gibi bug\u00fcn de kimden gelirse gelsin hukuka ayk\u0131r\u0131 t\u00fcm i\u015flem ve eylemlerin kar\u015f\u0131s\u0131nday\u0131z. Su\u00e7 olu\u015fturmayan demokratik haklar\u0131n\u0131 kullanan vatanda\u015flara kar\u015f\u0131 her t\u00fcrl\u00fc bask\u0131n\u0131n son bulmas\u0131n\u0131, Yunus Emre\u2019yi, Hac\u0131 Bekta\u015f\u2019\u0131, Mevlana\u2019y\u0131 yeti\u015ftiren, ho\u015fg\u00f6r\u00fcn\u00fcn ve h\u00fcmanizmin anavatan\u0131 olan \u00fclkemizde bu gelenekleri y\u0131kan ve bunlara kar\u015f\u0131tl\u0131k olu\u015fturan t\u00fcm s\u00f6ylem ve davran\u0131\u015flar\u0131n terk edilerek \u00fclkemizin ayd\u0131nl\u0131k yar\u0131nlarda karde\u015f\u00e7e ya\u015famas\u0131 \u00fclk\u00fcs\u00fcn\u00fc herkesin sahiplenmesini talep ediyoruz.\u201d <\/p>\n","protected":false},"excerpt":{"rendered":"<p>Mersin Barosu Ba\u015fkan\u0131 Bilgin Ye\u015filbo\u011faz ile birlikte 35 baro ba\u015fkan\u0131 yapt\u0131\u011f\u0131 ortak yaz\u0131l\u0131 a\u00e7\u0131klamada, Prof. Dr. Melih Bulu&#8217;nun rekt\u00f6r olarak atanmas\u0131 sonras\u0131 demokratik protesto haklar\u0131n\u0131 kullanan Bo\u011fazi\u00e7i \u00f6\u011frencilerine yap\u0131lan muamelelerin &hellip; <a href=\"https:\/\/akdenizolaygazetesi.com\/?p=10455\" class=\"more-link\">Devam\u0131n\u0131 Oku&#8230;<\/a><\/p>\n","protected":false},"author":2,"featured_media":10456,"comment_status":"open","ping_status":"open","sticky":false,"template":"","format":"standard","meta":[],"categories":[34,1,2,3,6],"tags":[],"_links":{"self":[{"href":"https:\/\/akdenizolaygazetesi.com\/index.php?rest_route=\/wp\/v2\/posts\/10455"}],"collection":[{"href":"https:\/\/akdenizolaygazetesi.com\/index.php?rest_route=\/wp\/v2\/posts"}],"about":[{"href":"https:\/\/akdenizolaygazetesi.com\/index.php?rest_route=\/wp\/v2\/types\/post"}],"author":[{"embeddable":true,"href":"https:\/\/akdenizolaygazetesi.com\/index.php?rest_route=\/wp\/v2\/users\/2"}],"replies":[{"embeddable":true,"href":"https:\/\/akdenizolaygazetesi.com\/index.php?rest_route=%2Fwp%2Fv2%2Fcomments&post=10455"}],"version-history":[{"count":1,"href":"https:\/\/akdenizolaygazetesi.com\/index.php?rest_route=\/wp\/v2\/posts\/10455\/revisions"}],"predecessor-version":[{"id":10457,"href":"https:\/\/akdenizolaygazetesi.com\/index.php?rest_route=\/wp\/v2\/posts\/10455\/revisions\/10457"}],"wp:featuredmedia":[{"embeddable":true,"href":"https:\/\/akdenizolaygazetesi.com\/index.php?rest_route=\/wp\/v2\/media\/10456"}],"wp:attachment":[{"href":"https:\/\/akdenizolaygazetesi.com\/index.php?rest_route=%2Fwp%2Fv2%2Fmedia&parent=10455"}],"wp:term":[{"taxonomy":"category","embeddable":true,"href":"https:\/\/akdenizolaygazetesi.com\/index.php?rest_route=%2Fwp%2Fv2%2Fcategories&post=10455"},{"taxonomy":"post_tag","embeddable":true,"href":"https:\/\/akdenizolaygazetesi.com\/index.php?rest_route=%2Fwp%2Fv2%2Ftags&post=10455"}],"curies":[{"name":"wp","href":"https:\/\/api.w.org\/{rel}","templated":true}]}}