{"id":10458,"date":"2021-02-03T17:34:39","date_gmt":"2021-02-03T14:34:39","guid":{"rendered":"http:\/\/akdenizolaygazetesi.com\/?p=10458"},"modified":"2021-02-03T17:34:39","modified_gmt":"2021-02-03T14:34:39","slug":"coklu-baro-hatasindan-donmeyi-dusunmekte-misiniz","status":"publish","type":"post","link":"https:\/\/akdenizolaygazetesi.com\/?p=10458","title":{"rendered":"\u201c\u00c7oklu Baro hatas\u0131ndan d\u00f6nmeyi d\u00fc\u015f\u00fcnmekte misiniz?\u201d"},"content":{"rendered":"<p>\u00c7oklu Baro teklifinin kabul edilmesi sonras\u0131nda \u0130stanbul, Ankara ve \u0130zmir\u2019de kurulmak istenen h\u00fck\u00fcmete yak\u0131n yeni barolara kaydolmalar\u0131 i\u00e7in avukatlara bask\u0131 yap\u0131ld\u0131\u011f\u0131 iddialar\u0131 sonras\u0131 CHP konuyu Meclise ta\u015f\u0131d\u0131.<br \/>\nCHP Mersin Milletvekili Alpay Antmen, Adalet Bakan\u0131 Abd\u00fclhamit G\u00fcl taraf\u0131ndan yan\u0131tlanmas\u0131 istemiyle verdi\u011fi soru \u00f6nergesinde ba\u015fta kamu avukatlar\u0131 olmak \u00fczere b\u00fct\u00fcn avukatlara \u0130stanbul, Ankara ve \u0130zmir\u2019de bask\u0131 yap\u0131ld\u0131\u011f\u0131n\u0131 bildiklerini ifade ederek \u201cBir FET\u00d6 Projesi olan, D\u00fcnyada \u00f6rne\u011fi olmayan ve kamuda ikilik yaratan \u00c7oklu Baro hatas\u0131ndan d\u00f6nmeyi d\u00fc\u015f\u00fcnmekte misiniz?\u201d diye sordu.<\/p>\n<p>Konuyla ilgili Ankara Barosu taraf\u0131ndan yap\u0131lan a\u00e7\u0131klamaya da yer veren Antmen, kamuda \u00e7al\u0131\u015fan avukatlara, Ankara\u2019da ikinci baro kurulabilmesi i\u00e7in imza vermeleri y\u00f6n\u00fcnde bask\u0131 yap\u0131ld\u0131\u011f\u0131 iddialar\u0131 \u00fczerine baronun, t\u00fcm bakanl\u0131klara Bilgi Edinme Yasas\u0131 kapsam\u0131nda yaz\u0131 yazd\u0131\u011f\u0131 ve Kamu Denet\u00e7ili\u011fi\u2019ne inceleme yap\u0131lmas\u0131 i\u00e7in ba\u015fvuru yapt\u0131\u011f\u0131n\u0131 da belirtti.<\/p>\n<p>CHP\u2019li vekilin \u00f6nergesinde yer alan sorular \u015funlar;<br \/>\n\u2013 Kamuoyunda \u00c7oklu Baro Teklifi olarak bilinen yasa teklifinin kabul edilmesi sonras\u0131nda kamu avukatlar\u0131 ba\u015fta olmak \u00fczere avukatlara iktidara yak\u0131n kurulmak istenen barolara \u00fcye olunmas\u0131 y\u00f6n\u00fcnde bask\u0131 yap\u0131ld\u0131\u011f\u0131 iddialar\u0131 s\u0131k\u00e7a dile getirilmi\u015ftir. \u00d6nergenin yan\u0131tland\u0131\u011f\u0131 tarih itibariyle; Ankara, \u0130stanbul ve \u0130zmir\u2019de mevcut barolardan ayr\u0131larak yeni kurulmaya \u00e7al\u0131\u015f\u0131lan baroya giderek \u00fcye olan avukatlar\u0131n say\u0131s\u0131 ka\u00e7t\u0131r? Bunlar\u0131n ka\u00e7\u0131 kamu ka\u00e7\u0131 serbest avukatt\u0131r?<\/p>\n<p>\u2013 \u0130stanbul, Ankara ve \u0130zmir\u2019de avukatlara bask\u0131 yap\u0131ld\u0131\u011f\u0131na y\u00f6nelik bakanl\u0131\u011f\u0131n\u0131za gelen iddia, bilgi ve \u015fikayet say\u0131s\u0131 ka\u00e7t\u0131r? Bu iddia, bilgi ve \u015fikayetler sonucunda ne t\u00fcr giri\u015fimlerde bulunulmu\u015ftur?<br \/>\n\u2013 Kamu avukatlar\u0131na bask\u0131 yap\u0131larak yeni kurulmaya \u00e7al\u0131\u015f\u0131lan barolara \u00fcye olmalar\u0131 y\u00f6n\u00fcndeki iddialar\u0131 nas\u0131l de\u011ferlendiriyorsunuz? Hangi bakanl\u0131k veya kurumlarda avukatlara bask\u0131 yap\u0131lmaktad\u0131r? Bu bask\u0131y\u0131 yapan kim ya da kimlerdir?<br \/>\n\u2013 Avukatlara bahsi ge\u00e7en konuyla ilgili bask\u0131 yap\u0131lmas\u0131n\u0131 \u00f6nlemek ad\u0131na ne t\u00fcr \u00f6nlemler almaktas\u0131n\u0131z?<br \/>\n-Bir FET\u00d6 Projesi olan, D\u00fcnyada \u00f6rne\u011fi olmayan ve kamuda ikilik yaratan \u00c7oklu Baro hatas\u0131ndan d\u00f6nmeyi d\u00fc\u015f\u00fcnmekte misiniz? <\/p>\n","protected":false},"excerpt":{"rendered":"<p>\u00c7oklu Baro teklifinin kabul edilmesi sonras\u0131nda \u0130stanbul, Ankara ve \u0130zmir\u2019de kurulmak istenen h\u00fck\u00fcmete yak\u0131n yeni barolara kaydolmalar\u0131 i\u00e7in avukatlara bask\u0131 yap\u0131ld\u0131\u011f\u0131 iddialar\u0131 sonras\u0131 CHP konuyu Meclise ta\u015f\u0131d\u0131. CHP Mersin Milletvekili &hellip; <a href=\"https:\/\/akdenizolaygazetesi.com\/?p=10458\" class=\"more-link\">Devam\u0131n\u0131 Oku&#8230;<\/a><\/p>\n","protected":false},"author":2,"featured_media":10459,"comment_status":"open","ping_status":"open","sticky":false,"template":"","format":"standard","meta":[],"categories":[34,1,2,3,6],"tags":[],"_links":{"self":[{"href":"https:\/\/akdenizolaygazetesi.com\/index.php?rest_route=\/wp\/v2\/posts\/10458"}],"collection":[{"href":"https:\/\/akdenizolaygazetesi.com\/index.php?rest_route=\/wp\/v2\/posts"}],"about":[{"href":"https:\/\/akdenizolaygazetesi.com\/index.php?rest_route=\/wp\/v2\/types\/post"}],"author":[{"embeddable":true,"href":"https:\/\/akdenizolaygazetesi.com\/index.php?rest_route=\/wp\/v2\/users\/2"}],"replies":[{"embeddable":true,"href":"https:\/\/akdenizolaygazetesi.com\/index.php?rest_route=%2Fwp%2Fv2%2Fcomments&post=10458"}],"version-history":[{"count":1,"href":"https:\/\/akdenizolaygazetesi.com\/index.php?rest_route=\/wp\/v2\/posts\/10458\/revisions"}],"predecessor-version":[{"id":10460,"href":"https:\/\/akdenizolaygazetesi.com\/index.php?rest_route=\/wp\/v2\/posts\/10458\/revisions\/10460"}],"wp:featuredmedia":[{"embeddable":true,"href":"https:\/\/akdenizolaygazetesi.com\/index.php?rest_route=\/wp\/v2\/media\/10459"}],"wp:attachment":[{"href":"https:\/\/akdenizolaygazetesi.com\/index.php?rest_route=%2Fwp%2Fv2%2Fmedia&parent=10458"}],"wp:term":[{"taxonomy":"category","embeddable":true,"href":"https:\/\/akdenizolaygazetesi.com\/index.php?rest_route=%2Fwp%2Fv2%2Fcategories&post=10458"},{"taxonomy":"post_tag","embeddable":true,"href":"https:\/\/akdenizolaygazetesi.com\/index.php?rest_route=%2Fwp%2Fv2%2Ftags&post=10458"}],"curies":[{"name":"wp","href":"https:\/\/api.w.org\/{rel}","templated":true}]}}