{"id":1046,"date":"2020-11-04T18:21:38","date_gmt":"2020-11-04T15:21:38","guid":{"rendered":"http:\/\/mersinekonomipolitikagazetesi.com\/?p=1046"},"modified":"2020-11-04T18:21:38","modified_gmt":"2020-11-04T15:21:38","slug":"mac-bitti-saha-karisti","status":"publish","type":"post","link":"https:\/\/akdenizolaygazetesi.com\/?p=1046","title":{"rendered":"Ma\u00e7 bitti, saha kar\u0131\u015ft\u0131"},"content":{"rendered":"<p>Mersin&#8217;de oynanan Mersin \u0130dmanyurdu, Kuvayi Milliyespor U16 ma\u00e7\u0131n\u0131n ard\u0131ndan saha kar\u0131\u015ft\u0131, oyuncular birbirlerine sald\u0131rd\u0131. Karakolda biten olaylarda, iki taraf da ikna edilerek, birbirlerinden \u015fikayetlerini geri \u00e7ektiler.<\/p>\n<p>Mersin&#8217;in merkez Toroslar il\u00e7esinde bulunan suni \u00e7imde oynanan U16 Ligi Play-off kar\u015f\u0131la\u015fmas\u0131nda Mersin \u0130dmanyurdu, Kuvayi Milliyespor&#8217;u 3-1 ma\u011flup etti. Ma\u00e7\u0131n ard\u0131ndan saha i\u00e7inde sevin\u00e7 ya\u015fayan Mersin \u0130dmanyurdulu oyuncular ile rakip oyuncular ve antren\u00f6rler aras\u0131nda s\u00f6zl\u00fc at\u0131\u015fma ya\u015fand\u0131. S\u00f6zl\u00fc at\u0131\u015fmayla ba\u015flayan olaylar yerini kavgaya b\u0131rak\u0131nca bir anda saha kar\u0131\u015ft\u0131. Amat\u00f6r kameraya yans\u0131yan g\u00f6r\u00fcnt\u00fclerde her iki tak\u0131m\u0131n baz\u0131 oyuncular\u0131 ve antren\u00f6rleri birbirine vururken, kavgay\u0131 \u00e7evredeki spor severler, oyuncular ve g\u00f6revliler ay\u0131rd\u0131. Olaylar\u0131n ard\u0131ndan her iki taraf da birbirinden \u015fikayet\u00e7i olunca olay karakola ta\u015f\u0131nd\u0131. Karakolda her iki taraf da ikna edilerek, \u015fikayetlerini geri \u00e7ekti.<\/p>\n","protected":false},"excerpt":{"rendered":"<p>Mersin&#8217;de oynanan Mersin \u0130dmanyurdu, Kuvayi Milliyespor U16 ma\u00e7\u0131n\u0131n ard\u0131ndan saha kar\u0131\u015ft\u0131, oyuncular birbirlerine sald\u0131rd\u0131. Karakolda biten olaylarda, iki taraf da ikna edilerek, birbirlerinden \u015fikayetlerini geri \u00e7ektiler. Mersin&#8217;in merkez Toroslar il\u00e7esinde &hellip; <a href=\"https:\/\/akdenizolaygazetesi.com\/?p=1046\" class=\"more-link\">Devam\u0131n\u0131 Oku&#8230;<\/a><\/p>\n","protected":false},"author":1,"featured_media":0,"comment_status":"open","ping_status":"open","sticky":false,"template":"","format":"standard","meta":[],"categories":[],"tags":[],"_links":{"self":[{"href":"https:\/\/akdenizolaygazetesi.com\/index.php?rest_route=\/wp\/v2\/posts\/1046"}],"collection":[{"href":"https:\/\/akdenizolaygazetesi.com\/index.php?rest_route=\/wp\/v2\/posts"}],"about":[{"href":"https:\/\/akdenizolaygazetesi.com\/index.php?rest_route=\/wp\/v2\/types\/post"}],"author":[{"embeddable":true,"href":"https:\/\/akdenizolaygazetesi.com\/index.php?rest_route=\/wp\/v2\/users\/1"}],"replies":[{"embeddable":true,"href":"https:\/\/akdenizolaygazetesi.com\/index.php?rest_route=%2Fwp%2Fv2%2Fcomments&post=1046"}],"version-history":[{"count":0,"href":"https:\/\/akdenizolaygazetesi.com\/index.php?rest_route=\/wp\/v2\/posts\/1046\/revisions"}],"wp:attachment":[{"href":"https:\/\/akdenizolaygazetesi.com\/index.php?rest_route=%2Fwp%2Fv2%2Fmedia&parent=1046"}],"wp:term":[{"taxonomy":"category","embeddable":true,"href":"https:\/\/akdenizolaygazetesi.com\/index.php?rest_route=%2Fwp%2Fv2%2Fcategories&post=1046"},{"taxonomy":"post_tag","embeddable":true,"href":"https:\/\/akdenizolaygazetesi.com\/index.php?rest_route=%2Fwp%2Fv2%2Ftags&post=1046"}],"curies":[{"name":"wp","href":"https:\/\/api.w.org\/{rel}","templated":true}]}}