{"id":10461,"date":"2021-02-03T17:40:14","date_gmt":"2021-02-03T14:40:14","guid":{"rendered":"http:\/\/akdenizolaygazetesi.com\/?p=10461"},"modified":"2021-02-03T17:40:14","modified_gmt":"2021-02-03T14:40:14","slug":"sanayi-sitesi-otobanin-kuzeyine-yapilmali","status":"publish","type":"post","link":"https:\/\/akdenizolaygazetesi.com\/?p=10461","title":{"rendered":"\u2018SANAY\u0130 S\u0130TES\u0130 OTOBANIN KUZEY\u0130NE YAPILMALI\u2019"},"content":{"rendered":"<p>\u201cMezitli K\u00fc\u00e7\u00fck Sanayi Sitesi\u2019nin ayn\u0131 b\u00f6lgenin Otoban kuzeyinde bulunan tar\u0131m d\u0131\u015f\u0131 ve orman vasf\u0131n\u0131 yitirmi\u015f alanlara yap\u0131lmas\u0131 kentimizin yarar\u0131na olacakt\u0131r.\u201d<\/p>\n<p>Mezitli il\u00e7esinde tar\u0131m alanlar\u0131n\u0131 kapsayan sahada K\u00fc\u00e7\u00fck Sanayi Sitesi\u2019nin yap\u0131lmas\u0131n\u0131n planlanmas\u0131 \u00fczerine a\u00e7\u0131klama yapan Mersin Sanayicileri ve \u0130\u015f \u0130nsanlar\u0131 Derne\u011fi Y\u00f6netimi, g\u00fcndemi i\u015fgal eden ve tart\u0131\u015fmalara neden olan Mezitli K\u00fc\u00e7\u00fck Sanayi Sitesi\u2019nin tar\u0131m alanlar\u0131na yap\u0131lmas\u0131n\u0131n planlanmas\u0131na kar\u015f\u0131 \u00e7\u0131kt\u0131klar\u0131n\u0131 belirtti.<br \/>\nTar\u0131msal \u00fcretimde \u00fclkemizin g\u00f6zbebe\u011fi olan Mersin&#8217;de tar\u0131m alanlar\u0131n\u0131 korunmas\u0131 gerekti\u011fini, ya\u015fam\u0131n ve sa\u011fl\u0131\u011f\u0131n g\u00fcvencesi olan tar\u0131m i\u00e7in ekilebilir alanlara sahip \u00e7\u0131k\u0131lmas\u0131 gerekti\u011fini savunan MES\u0130AD Y\u00f6netimi, &#8220;Sanayi \u00fcretimi asla vazge\u00e7ilmeyecek bir unsurdur Ancak her \u00fcretim planlamas\u0131 do\u011faya, ye\u015fil alanlara ve insan sa\u011fl\u0131\u011f\u0131na uygun olmal\u0131d\u0131r. Kentimizin g\u00f6be\u011finde yap\u0131lmas\u0131 planlanan Polipropilen tesislerinin yerine kar\u015f\u0131 kentin m\u00fccadelesi s\u00fcrerken, K\u00fc\u00e7\u00fck Sanayi Sitesi acil kamula\u015ft\u0131rma karar\u0131 ile limon bah\u00e7elerinin ortas\u0131na yap\u0131lmamal\u0131d\u0131r. Bak\u0131m onar\u0131m ama\u00e7l\u0131 K\u00fc\u00e7\u00fck Sanayi Sitesi\u2019nin yap\u0131lmas\u0131na kar\u015f\u0131 de\u011filiz. Ancak se\u00e7ilen alana kar\u015f\u0131y\u0131z. Bahsi ge\u00e7en K\u00fc\u00e7\u00fck Sanayi Sitesi\u2019nin ayn\u0131 b\u00f6lgenin Otoban kuzeyinde bulunan tar\u0131m d\u0131\u015f\u0131 ve orman vasf\u0131n\u0131 yitirmi\u015f alanlara yap\u0131lmas\u0131 kentimizin yarar\u0131na olacakt\u0131r. Yetkililerin gerekli ad\u0131mlar\u0131 ataca\u011f\u0131n\u0131 umuyoruz.&#8221; a\u00e7\u0131klamas\u0131n\u0131 yapt\u0131.<\/p>\n<p>\u201cKONU\u015eAN YOK&#8230;!\u201d<\/p>\n<p>Mezitli Davultepe Mahallesi s\u0131n\u0131rlar\u0131 i\u00e7erisinde K\u00fc\u00e7\u00fck Sanayi Sitesi yap\u0131lmas\u0131na y\u00f6nelik Mersin B\u00fcy\u00fck\u015fehir Belediye Meclisi&#8217;nden t\u00fcm siyasi partilerin oy birli\u011fi ile ge\u00e7mesi sonras\u0131 Mersin&#8217;deki tart\u0131\u015fmalar b\u00fcy\u00fcrken, Mersin\u2019li Mimar Abdullah Y\u0131lmaz ise kente kar\u015f\u0131 al\u0131nan kararlar ve kararlar\u0131n  akt\u00f6rleri ortada diyerek al\u0131nan karak tepki g\u00f6sterdi ve \u201cKararlarda tek ger\u00e7ek kentsel rant olmad\u0131\u011f\u0131, kamuoyu yarar\u0131 olmad\u0131\u011f\u0131d\u0131r. S\u00f6z\u00fcn bitti\u011fi yerdeyiz.\u201d dedi.<\/p>\n","protected":false},"excerpt":{"rendered":"<p>\u201cMezitli K\u00fc\u00e7\u00fck Sanayi Sitesi\u2019nin ayn\u0131 b\u00f6lgenin Otoban kuzeyinde bulunan tar\u0131m d\u0131\u015f\u0131 ve orman vasf\u0131n\u0131 yitirmi\u015f alanlara yap\u0131lmas\u0131 kentimizin yarar\u0131na olacakt\u0131r.\u201d Mezitli il\u00e7esinde tar\u0131m alanlar\u0131n\u0131 kapsayan sahada K\u00fc\u00e7\u00fck Sanayi Sitesi\u2019nin yap\u0131lmas\u0131n\u0131n &hellip; <a href=\"https:\/\/akdenizolaygazetesi.com\/?p=10461\" class=\"more-link\">Devam\u0131n\u0131 Oku&#8230;<\/a><\/p>\n","protected":false},"author":2,"featured_media":10462,"comment_status":"open","ping_status":"open","sticky":false,"template":"","format":"standard","meta":[],"categories":[34,1,2,3,5],"tags":[],"_links":{"self":[{"href":"https:\/\/akdenizolaygazetesi.com\/index.php?rest_route=\/wp\/v2\/posts\/10461"}],"collection":[{"href":"https:\/\/akdenizolaygazetesi.com\/index.php?rest_route=\/wp\/v2\/posts"}],"about":[{"href":"https:\/\/akdenizolaygazetesi.com\/index.php?rest_route=\/wp\/v2\/types\/post"}],"author":[{"embeddable":true,"href":"https:\/\/akdenizolaygazetesi.com\/index.php?rest_route=\/wp\/v2\/users\/2"}],"replies":[{"embeddable":true,"href":"https:\/\/akdenizolaygazetesi.com\/index.php?rest_route=%2Fwp%2Fv2%2Fcomments&post=10461"}],"version-history":[{"count":1,"href":"https:\/\/akdenizolaygazetesi.com\/index.php?rest_route=\/wp\/v2\/posts\/10461\/revisions"}],"predecessor-version":[{"id":10463,"href":"https:\/\/akdenizolaygazetesi.com\/index.php?rest_route=\/wp\/v2\/posts\/10461\/revisions\/10463"}],"wp:featuredmedia":[{"embeddable":true,"href":"https:\/\/akdenizolaygazetesi.com\/index.php?rest_route=\/wp\/v2\/media\/10462"}],"wp:attachment":[{"href":"https:\/\/akdenizolaygazetesi.com\/index.php?rest_route=%2Fwp%2Fv2%2Fmedia&parent=10461"}],"wp:term":[{"taxonomy":"category","embeddable":true,"href":"https:\/\/akdenizolaygazetesi.com\/index.php?rest_route=%2Fwp%2Fv2%2Fcategories&post=10461"},{"taxonomy":"post_tag","embeddable":true,"href":"https:\/\/akdenizolaygazetesi.com\/index.php?rest_route=%2Fwp%2Fv2%2Ftags&post=10461"}],"curies":[{"name":"wp","href":"https:\/\/api.w.org\/{rel}","templated":true}]}}