{"id":10468,"date":"2021-02-04T11:29:07","date_gmt":"2021-02-04T08:29:07","guid":{"rendered":"http:\/\/akdenizolaygazetesi.com\/?p=10468"},"modified":"2021-02-04T11:29:07","modified_gmt":"2021-02-04T08:29:07","slug":"meskinin-icmesuyu-terfi-birimlerine-sistematik-saldirilar","status":"publish","type":"post","link":"https:\/\/akdenizolaygazetesi.com\/?p=10468","title":{"rendered":"MESK\u0130\u2019N\u0130N \u0130\u00c7MESUYU TERF\u0130 B\u0130R\u0130MLER\u0130NE S\u0130STEMAT\u0130K SALDIRILAR"},"content":{"rendered":"<p>1 \u015eubat\u2019ta Mersin B\u00fcy\u00fck\u015fehir Belediyesi ana hizmet binas\u0131 olan Ta\u015f Bina\u2019ya yap\u0131lan sald\u0131r\u0131 sonras\u0131 MESK\u0130\u2019nin i\u00e7mesuyu terfi birimleri de hedef al\u0131nd\u0131. K\u0131zkalesi ve Kocahasanl\u0131 i\u00e7mesuyu terfi merkezine yap\u0131lan sald\u0131r\u0131lar\u0131n ard\u0131ndan bu kez Kumkuyu Azimli mevkiindeki i\u00e7mesuyu terfi birimi hedef oldu. B\u00f6lge halk\u0131 sald\u0131r\u0131lara tepki g\u00f6sterirken, MESK\u0130 ekiplerinin m\u00fcdahalesiyle vatanda\u015flar\u0131 susuz b\u0131rakmad\u0131.<\/p>\n<p>Mersin B\u00fcy\u00fck\u015fehir Belediyesi ana hizmet binas\u0131 olan Ta\u015f Bina\u2019ya 1 \u015eubat\u2019ta yap\u0131lan sald\u0131r\u0131 sonras\u0131 bu kez de MESK\u0130\u2019nin i\u00e7mesuyu terfi birimleri hedef al\u0131nd\u0131. B\u00fcy\u00fck\u015fehir Belediyesi Mersin Su ve Kanalizasyon \u0130daresi (MESK\u0130) Genel M\u00fcd\u00fcrl\u00fc\u011f\u00fc\u2019ne ait Erdemli\u2019de bulunan K\u0131zkalesi ve Kocahasanl\u0131 i\u00e7mesuyu terfi birimine 2 \u015eubat\u2019ta ak\u015fam\u00fcst\u00fc saatlerinde kimli\u011fi hen\u00fcz belirlenemeyen ki\u015fi ya da ki\u015filerce bir sald\u0131r\u0131 d\u00fczenlendi. 3 \u015eubat\u2019ta ise Kumkuyu Azimli mevkiindeki i\u00e7mesuyu terfi birimine benzer bir sald\u0131r\u0131 ger\u00e7ekle\u015fti. Sald\u0131rganlar taraf\u0131ndan depolar\u0131n kap\u0131lar\u0131 k\u0131r\u0131larak i\u00e7eriye girildi ve cihazlar ile motorlar ciddi \u015fekilde tahrip edildi. \u201cSald\u0131r\u0131lar sistematik mi?\u201d sorusu ak\u0131llara gelirken, konuyla ilgili emniyet g\u00fc\u00e7lerinin soru\u015fturmas\u0131 ise devam ediyor.<\/p>\n<p>Ekiplerin h\u0131zl\u0131 m\u00fcdahalesi sayesinde vatanda\u015flar su kesintisini hissetmedi<\/p>\n<p>K\u0131zkalesi ve Kocahasanl\u0131 b\u00f6lgelerinin su ihtiyac\u0131n\u0131 kar\u015f\u0131layan depolara y\u00f6nelik d\u00fczenlenen sald\u0131r\u0131da, otomasyon sistemleri ve cihazlar\u0131n tahrip olmas\u0131, \u015falterlerin s\u00f6k\u00fclmesi, kablolar\u0131n kesilmesi dolay\u0131s\u0131yla ar\u0131za meydana geldi. \u0130\u00e7mesuyu terfi merkezinden su alan mahallelerde, bu ar\u0131zadan dolay\u0131 su kesintisi ya\u015fand\u0131. Durumu hemen fark eden MESK\u0130 teknik ekipleri, k\u0131r\u0131lan ve hasar g\u00f6ren cihazlara an\u0131nda m\u00fcdahalede bulunarak, kesinti problemine k\u0131sa s\u00fcrede son verdi. Ekiplerin h\u0131zl\u0131 ve etkin \u00e7al\u0131\u015fmalar\u0131 sayesinde b\u00f6lgede ya\u015fayan binlerce vatanda\u015f susuz b\u0131rak\u0131lmad\u0131.<\/p>\n<p>Vatanda\u015flardan sald\u0131r\u0131lara tepki<\/p>\n<p>K\u0131zkalesi Mahalle Muhtar\u0131 Murat Kale, terfi istasyonlar\u0131na y\u00f6nelik sald\u0131r\u0131y\u0131 k\u0131nad\u0131\u011f\u0131n\u0131 belirterek, \u201cK\u0131zkalesi i\u00e7mesuyu deposunda \u015falterleri, kablolar\u0131 koparm\u0131\u015flar. Bunu biz hemen bildirdik, sa\u011f olsun MESK\u0130 personeli geldi, olaya m\u00fcdahale etti. \u00c7ok k\u0131sa bir su kesintisi ya\u015fad\u0131k. Ben MESK\u0130 \u00e7al\u0131\u015fanlar\u0131na ve personellerine \u00e7ok te\u015fekk\u00fcr ediyorum. Bu olay\u0131 k\u0131sa bir s\u00fcrede \u00e7\u00f6zd\u00fcler. Bunlar\u0131 yapanlar\u0131 da buradan lanetliyorum\u201d dedi.<\/p>\n<p>Kocahasanl\u0131 Mahalle Muhtar\u0131 Adem Arslan da i\u00e7mesuyu terfi merkezine yap\u0131lan sald\u0131r\u0131ya an\u0131nda m\u00fcdahale eden MESK\u0130 \u00e7al\u0131\u015fanlar\u0131na te\u015fekk\u00fcr ederek, \u015funlar\u0131 s\u00f6yledi:<\/p>\n<p>\u201cEn k\u0131sa zamanda geldiler, m\u00fcdahale yapt\u0131lar. B\u00f6yle bir \u015feyin yap\u0131lmas\u0131n\u0131 da \u015fiddetle k\u0131n\u0131yorum. Her ne olursa olsun bu vatanda\u015f\u0131n paras\u0131yla, eme\u011fiyle olan bir \u015fey, ortak bir mal\u0131m\u0131z. \u015eiddetle k\u0131n\u0131yorum, muhtarl\u0131k olarak, halk olarak. Her \u015feye ra\u011fmen en k\u0131sa s\u00fcrede sular\u0131m\u0131z\u0131n akmas\u0131 sa\u011fland\u0131. Mahallem ad\u0131na, \u015fahs\u0131m ad\u0131na Mersin B\u00fcy\u00fck\u015fehir Belediye Ba\u015fkan\u0131m\u0131z Say\u0131n Vahap Se\u00e7er\u2019e ve ekibine te\u015fekk\u00fcr ederim. Fazla bir ma\u011fduriyet ya\u015famad\u0131k. B\u00f6yle bir olay\u0131n bir daha ya\u015fanmamas\u0131 i\u00e7in olay\u0131 \u015fiddetle k\u0131n\u0131yorum. \u0130yi bir \u015fey de\u011fil, bize yak\u0131\u015fmayan bir \u015fey.\u201d<\/p>\n<p>\u201cNas\u0131l oldu\u011funu bilmeden, hissetmeden sorun \u00e7\u00f6z\u00fcld\u00fc\u201d<\/p>\n<p>K\u0131zkalesi Mahallesi sakinlerinden H\u00fcseyin K\u0131l\u0131\u00e7 da 21 y\u0131ld\u0131r mahallede esnaf oldu\u011funu vurgulayarak, su s\u0131k\u0131nt\u0131s\u0131 ya\u015famad\u0131klar\u0131n\u0131 s\u00f6yledi. K\u0131l\u0131\u00e7, \u201cElektrik \u015falterlerine h\u0131zl\u0131 bir \u015fekilde m\u00fcdahale etti ekiplerimiz. Bizim ruhumuz bile duymad\u0131. Sonras\u0131nda biz \u00f6\u011frendik b\u00f6yle bir sald\u0131r\u0131 oldu\u011funu ve bunu da sosyal medya \u00fczerinden kendi \u015fahs\u0131m ve ailem ad\u0131na k\u0131nad\u0131k. Nas\u0131l oldu\u011funu bilmeden, hissetmeden sorun \u00e7\u00f6z\u00fcld\u00fc. Bu neden oluyor; ekiplerin h\u0131zl\u0131 \u00e7al\u0131\u015fmas\u0131, 7\/24 \u00e7al\u0131\u015fmas\u0131, herkesin g\u00f6revini lay\u0131\u011f\u0131yla yapmas\u0131, i\u015finin ba\u015f\u0131nda olmas\u0131. \u0130\u015fte bu. Bu oldu\u011fu zaman hi\u00e7bir s\u0131k\u0131nt\u0131 ya\u015famaz vatanda\u015f. Bu oldu\u011fu zaman biz de hissetmeyiz. Bu oldu\u011fu zaman kim olursa olsun her zaman yan\u0131nday\u0131z\u201d dedi.<\/p>\n","protected":false},"excerpt":{"rendered":"<p>1 \u015eubat\u2019ta Mersin B\u00fcy\u00fck\u015fehir Belediyesi ana hizmet binas\u0131 olan Ta\u015f Bina\u2019ya yap\u0131lan sald\u0131r\u0131 sonras\u0131 MESK\u0130\u2019nin i\u00e7mesuyu terfi birimleri de hedef al\u0131nd\u0131. K\u0131zkalesi ve Kocahasanl\u0131 i\u00e7mesuyu terfi merkezine yap\u0131lan sald\u0131r\u0131lar\u0131n ard\u0131ndan &hellip; <a href=\"https:\/\/akdenizolaygazetesi.com\/?p=10468\" class=\"more-link\">Devam\u0131n\u0131 Oku&#8230;<\/a><\/p>\n","protected":false},"author":2,"featured_media":10469,"comment_status":"open","ping_status":"open","sticky":false,"template":"","format":"standard","meta":[],"categories":[34,1,2,3,5],"tags":[],"_links":{"self":[{"href":"https:\/\/akdenizolaygazetesi.com\/index.php?rest_route=\/wp\/v2\/posts\/10468"}],"collection":[{"href":"https:\/\/akdenizolaygazetesi.com\/index.php?rest_route=\/wp\/v2\/posts"}],"about":[{"href":"https:\/\/akdenizolaygazetesi.com\/index.php?rest_route=\/wp\/v2\/types\/post"}],"author":[{"embeddable":true,"href":"https:\/\/akdenizolaygazetesi.com\/index.php?rest_route=\/wp\/v2\/users\/2"}],"replies":[{"embeddable":true,"href":"https:\/\/akdenizolaygazetesi.com\/index.php?rest_route=%2Fwp%2Fv2%2Fcomments&post=10468"}],"version-history":[{"count":1,"href":"https:\/\/akdenizolaygazetesi.com\/index.php?rest_route=\/wp\/v2\/posts\/10468\/revisions"}],"predecessor-version":[{"id":10470,"href":"https:\/\/akdenizolaygazetesi.com\/index.php?rest_route=\/wp\/v2\/posts\/10468\/revisions\/10470"}],"wp:featuredmedia":[{"embeddable":true,"href":"https:\/\/akdenizolaygazetesi.com\/index.php?rest_route=\/wp\/v2\/media\/10469"}],"wp:attachment":[{"href":"https:\/\/akdenizolaygazetesi.com\/index.php?rest_route=%2Fwp%2Fv2%2Fmedia&parent=10468"}],"wp:term":[{"taxonomy":"category","embeddable":true,"href":"https:\/\/akdenizolaygazetesi.com\/index.php?rest_route=%2Fwp%2Fv2%2Fcategories&post=10468"},{"taxonomy":"post_tag","embeddable":true,"href":"https:\/\/akdenizolaygazetesi.com\/index.php?rest_route=%2Fwp%2Fv2%2Ftags&post=10468"}],"curies":[{"name":"wp","href":"https:\/\/api.w.org\/{rel}","templated":true}]}}