{"id":10471,"date":"2021-02-04T11:32:18","date_gmt":"2021-02-04T08:32:18","guid":{"rendered":"http:\/\/akdenizolaygazetesi.com\/?p=10471"},"modified":"2021-02-04T11:32:18","modified_gmt":"2021-02-04T08:32:18","slug":"buyuksehir-personeli-once-egitim-aldi-sonra-tatbikata-katildi","status":"publish","type":"post","link":"https:\/\/akdenizolaygazetesi.com\/?p=10471","title":{"rendered":"B\u00dcY\u00dcK\u015eEH\u0130R PERSONEL\u0130 \u00d6NCE E\u011e\u0130T\u0130M ALDI, SONRA TATB\u0130KATA KATILDI"},"content":{"rendered":"<p>Mersin B\u00fcy\u00fck\u015fehir Belediyesi\u2019nde t\u00fcm daire ba\u015fkanl\u0131klar\u0131nda olu\u015fturulan Acil Durum Ekip \u00fcyelerine, acil durum e\u011fitimi verildi. Kongre ve Sergi Saray\u0131\u2019nda 135 Acil Durum Ekip \u00fcyesinin kat\u0131ld\u0131\u011f\u0131 e\u011fitimin ard\u0131ndan acil durum tatbikat\u0131 ger\u00e7ekle\u015ftirildi. B\u00fcy\u00fck\u015fehir Belediyesi\u2019nin farkl\u0131 birimlerinde farkl\u0131 zamanlarda yap\u0131lan arama-kurtarma, tahliye acil durum tatbikatlar\u0131na toplam 333 personel kat\u0131ld\u0131.<\/p>\n<p>Mersin B\u00fcy\u00fck\u015fehir Belediyesi, personele y\u00f6nelik e\u011fitim programlar\u0131na devam ediyor. B\u00fcy\u00fck\u015fehir b\u00fcnyesinde olu\u015fturulan Acil Durum Ekip \u00fcyelerine ve personele y\u00f6nelik, acil durumlar kar\u015f\u0131s\u0131nda g\u00fcvenli tahliye ve al\u0131nabilecek \u00f6nlemler hakk\u0131nda e\u011fitim verildi.  B\u00fcy\u00fck\u015fehir Belediyesi\u2019nin 7 farkl\u0131 biriminde yap\u0131lan acil durum tatbikatlar\u0131na 333 personel kat\u0131l\u0131m sa\u011flad\u0131.<\/p>\n<p>E\u011fitim, Kongre ve Sergi Saray\u0131\u2019nda Engelliler ve Sa\u011fl\u0131k Hizmetleri Dairesi Ba\u015fkanl\u0131\u011f\u0131 \u0130\u015f Sa\u011fl\u0131\u011f\u0131 ve G\u00fcvenli\u011fi \u015eube M\u00fcd\u00fcrl\u00fc\u011f\u00fc taraf\u0131ndan 6331 say\u0131l\u0131 \u0130\u015f Sa\u011fl\u0131\u011f\u0131 ve G\u00fcvenli\u011fi Yasas\u0131 ve ISO 45001 \u0130\u015f Sa\u011fl\u0131\u011f\u0131 ve G\u00fcvenli\u011fi Y\u00f6netim Sistemi kapsam\u0131nda yap\u0131ld\u0131. Acil Durum Ekip \u00fcyesi 135 personel, yap\u0131lan e\u011fitimin ard\u0131ndan acil durumlarda arama-kurtarma, tahliye tatbikat\u0131na kat\u0131ld\u0131.<\/p>\n<p>333 personel tatbikata kat\u0131ld\u0131<\/p>\n<p>\u0130\u015f Sa\u011fl\u0131\u011f\u0131 ve G\u00fcvenli\u011fi \u015eube M\u00fcd\u00fcrl\u00fc\u011f\u00fc koordinesinde B\u00fcy\u00fck\u015fehir Belediyesi\u2019nin 7 farkl\u0131 biriminde yap\u0131lan program kapsam\u0131nda ise \u0130tfaiye Dairesi Ba\u015fkanl\u0131\u011f\u0131 E\u011fitim \u015eubesi taraf\u0131ndan acil durumlarda arama-kurtarma, tahliye ve ilkyard\u0131m durumunda olu\u015fabilecek tehlikeler ve bu tehlikeler kar\u015f\u0131s\u0131nda al\u0131nacak tedbirler anlat\u0131larak personel bilin\u00e7lendirildi.<\/p>\n<p>A\u015fhane\u2019de 23, Makine \u0130kmal Sahas\u0131\u2019nda 85, Kongre ve Sergi Saray\u0131\u2019nda 60, Fidanl\u0131k\u2019ta 49, Mersin Hal Kompleksi\u2019nde 49, Yol Asfalt \u015eantiyesinde 27, Macit \u00d6zcan Spor Kompleksi\u2019nde 40 olmak \u00fczere toplam 333 personel arama-kurtarma, tahliye acil durum tatbikat\u0131na kat\u0131ld\u0131.<\/p>\n","protected":false},"excerpt":{"rendered":"<p>Mersin B\u00fcy\u00fck\u015fehir Belediyesi\u2019nde t\u00fcm daire ba\u015fkanl\u0131klar\u0131nda olu\u015fturulan Acil Durum Ekip \u00fcyelerine, acil durum e\u011fitimi verildi. Kongre ve Sergi Saray\u0131\u2019nda 135 Acil Durum Ekip \u00fcyesinin kat\u0131ld\u0131\u011f\u0131 e\u011fitimin ard\u0131ndan acil durum tatbikat\u0131 &hellip; <a href=\"https:\/\/akdenizolaygazetesi.com\/?p=10471\" class=\"more-link\">Devam\u0131n\u0131 Oku&#8230;<\/a><\/p>\n","protected":false},"author":2,"featured_media":10472,"comment_status":"open","ping_status":"open","sticky":false,"template":"","format":"standard","meta":[],"categories":[34,1,2,3,5],"tags":[],"_links":{"self":[{"href":"https:\/\/akdenizolaygazetesi.com\/index.php?rest_route=\/wp\/v2\/posts\/10471"}],"collection":[{"href":"https:\/\/akdenizolaygazetesi.com\/index.php?rest_route=\/wp\/v2\/posts"}],"about":[{"href":"https:\/\/akdenizolaygazetesi.com\/index.php?rest_route=\/wp\/v2\/types\/post"}],"author":[{"embeddable":true,"href":"https:\/\/akdenizolaygazetesi.com\/index.php?rest_route=\/wp\/v2\/users\/2"}],"replies":[{"embeddable":true,"href":"https:\/\/akdenizolaygazetesi.com\/index.php?rest_route=%2Fwp%2Fv2%2Fcomments&post=10471"}],"version-history":[{"count":1,"href":"https:\/\/akdenizolaygazetesi.com\/index.php?rest_route=\/wp\/v2\/posts\/10471\/revisions"}],"predecessor-version":[{"id":10473,"href":"https:\/\/akdenizolaygazetesi.com\/index.php?rest_route=\/wp\/v2\/posts\/10471\/revisions\/10473"}],"wp:featuredmedia":[{"embeddable":true,"href":"https:\/\/akdenizolaygazetesi.com\/index.php?rest_route=\/wp\/v2\/media\/10472"}],"wp:attachment":[{"href":"https:\/\/akdenizolaygazetesi.com\/index.php?rest_route=%2Fwp%2Fv2%2Fmedia&parent=10471"}],"wp:term":[{"taxonomy":"category","embeddable":true,"href":"https:\/\/akdenizolaygazetesi.com\/index.php?rest_route=%2Fwp%2Fv2%2Fcategories&post=10471"},{"taxonomy":"post_tag","embeddable":true,"href":"https:\/\/akdenizolaygazetesi.com\/index.php?rest_route=%2Fwp%2Fv2%2Ftags&post=10471"}],"curies":[{"name":"wp","href":"https:\/\/api.w.org\/{rel}","templated":true}]}}