{"id":10479,"date":"2021-02-04T14:12:51","date_gmt":"2021-02-04T11:12:51","guid":{"rendered":"http:\/\/akdenizolaygazetesi.com\/?p=10479"},"modified":"2021-02-04T14:12:51","modified_gmt":"2021-02-04T11:12:51","slug":"mersin-muftulugunden-anlamli-proje-kis-bayrami","status":"publish","type":"post","link":"https:\/\/akdenizolaygazetesi.com\/?p=10479","title":{"rendered":"MERS\u0130N M\u00dcFT\u00dcL\u00dc\u011e\u00dcNDEN ANLAMLI PROJE    \u201cKI\u015e BAYRAMI\u201d"},"content":{"rendered":"<p>TDV Mersin Kad\u0131n Kollar\u0131 ve \u0130l\u00e7e M\u00fcft\u00fcl\u00fcklerinin\u00e7al\u0131\u015fmalar\u0131yla yetim ve ihtiya\u00e7 sahibi \u00e7ocuklar\u0131 sevindirmek amac\u0131na y\u00f6nelik hayata ge\u00e7irilen \u201cK\u0131\u015f Bayram\u0131\u201d projesi kapsam\u0131nda Mersin\u2019in karde\u015f \u015fehri Tunceli\u2019deki \u00e7ocuklar unutulmad\u0131. <\/p>\n<p>PROJE HAYIRSEVERLER\u0130N KATKILARIYLA GER\u00c7EKLE\u015eT\u0130R\u0130LD\u0130<\/p>\n<p>Mersin M\u00fcft\u00fcl\u00fc\u011f\u00fc yapt\u0131\u011f\u0131 a\u00e7\u0131klamada projenin hay\u0131rseverlerin katk\u0131s\u0131yla ger\u00e7ekle\u015ftirildi\u011fini belirterek a\u00e7\u0131klamas\u0131nda \u015fu c\u00fcmleleri kulland\u0131: \u201cK\u0131\u015f Bayram\u0131\u201d projesi kapsam\u0131nda hay\u0131rseverlerin katk\u0131lar\u0131yla temin edilen bot ve montlar\u0131n bir k\u0131sm\u0131 \u0130limizin karde\u015f \u015fehri Tunceli\u2019deki ihtiya\u00e7 sahibi \u00e7ocuklar\u0131m\u0131za hediye edilmek \u00fczere g\u00f6nderildi.\u2019\u2019<\/p>\n<p>ARALIK AYINDA DA \u2018\u0130LMEK \u0130LMEK \u0130Y\u0130L\u0130K\u2019 PROJES\u0130 KAPSAMINDA YARDIM G\u00d6NDER\u0130LM\u0130\u015eT\u0130<\/p>\n<p>Aral\u0131k ay\u0131nda da \u201c\u0130lmek \u0130lmek \u0130yilik\u201d projesi kapsam\u0131nda TDV Mersin Kad\u0131n Kollar\u0131 ve Mersin Aile ve Dini Rehberlik B\u00fcrosu ve \u0130l\u00e7e M\u00fcft\u00fcl\u00fcklerinin de katk\u0131lar\u0131yla Tunceli\u2019deki \u00e7ocuklara atk\u0131, bere, eldiven ve  muhtelif \u00f6rg\u00fc k\u0131yafetlerin bulundu\u011fu 21 yard\u0131m kolisi g\u00f6nderilmi\u015fti. <\/p>\n","protected":false},"excerpt":{"rendered":"<p>TDV Mersin Kad\u0131n Kollar\u0131 ve \u0130l\u00e7e M\u00fcft\u00fcl\u00fcklerinin\u00e7al\u0131\u015fmalar\u0131yla yetim ve ihtiya\u00e7 sahibi \u00e7ocuklar\u0131 sevindirmek amac\u0131na y\u00f6nelik hayata ge\u00e7irilen \u201cK\u0131\u015f Bayram\u0131\u201d projesi kapsam\u0131nda Mersin\u2019in karde\u015f \u015fehri Tunceli\u2019deki \u00e7ocuklar unutulmad\u0131. PROJE HAYIRSEVERLER\u0130N KATKILARIYLA &hellip; <a href=\"https:\/\/akdenizolaygazetesi.com\/?p=10479\" class=\"more-link\">Devam\u0131n\u0131 Oku&#8230;<\/a><\/p>\n","protected":false},"author":2,"featured_media":10480,"comment_status":"open","ping_status":"open","sticky":false,"template":"","format":"standard","meta":[],"categories":[34,1,2,3,5],"tags":[],"_links":{"self":[{"href":"https:\/\/akdenizolaygazetesi.com\/index.php?rest_route=\/wp\/v2\/posts\/10479"}],"collection":[{"href":"https:\/\/akdenizolaygazetesi.com\/index.php?rest_route=\/wp\/v2\/posts"}],"about":[{"href":"https:\/\/akdenizolaygazetesi.com\/index.php?rest_route=\/wp\/v2\/types\/post"}],"author":[{"embeddable":true,"href":"https:\/\/akdenizolaygazetesi.com\/index.php?rest_route=\/wp\/v2\/users\/2"}],"replies":[{"embeddable":true,"href":"https:\/\/akdenizolaygazetesi.com\/index.php?rest_route=%2Fwp%2Fv2%2Fcomments&post=10479"}],"version-history":[{"count":1,"href":"https:\/\/akdenizolaygazetesi.com\/index.php?rest_route=\/wp\/v2\/posts\/10479\/revisions"}],"predecessor-version":[{"id":10481,"href":"https:\/\/akdenizolaygazetesi.com\/index.php?rest_route=\/wp\/v2\/posts\/10479\/revisions\/10481"}],"wp:featuredmedia":[{"embeddable":true,"href":"https:\/\/akdenizolaygazetesi.com\/index.php?rest_route=\/wp\/v2\/media\/10480"}],"wp:attachment":[{"href":"https:\/\/akdenizolaygazetesi.com\/index.php?rest_route=%2Fwp%2Fv2%2Fmedia&parent=10479"}],"wp:term":[{"taxonomy":"category","embeddable":true,"href":"https:\/\/akdenizolaygazetesi.com\/index.php?rest_route=%2Fwp%2Fv2%2Fcategories&post=10479"},{"taxonomy":"post_tag","embeddable":true,"href":"https:\/\/akdenizolaygazetesi.com\/index.php?rest_route=%2Fwp%2Fv2%2Ftags&post=10479"}],"curies":[{"name":"wp","href":"https:\/\/api.w.org\/{rel}","templated":true}]}}