{"id":1048,"date":"2020-11-04T18:21:38","date_gmt":"2020-11-04T15:21:38","guid":{"rendered":"http:\/\/mersinekonomipolitikagazetesi.com\/?p=1048"},"modified":"2020-11-04T18:21:38","modified_gmt":"2020-11-04T15:21:38","slug":"sahafcilar-yok-olmaya-mahkum-ediliyor","status":"publish","type":"post","link":"https:\/\/akdenizolaygazetesi.com\/?p=1048","title":{"rendered":"SAHAF\u00c7ILAR YOK OLMAYA MAHKUM ED\u0130L\u0130YOR"},"content":{"rendered":"<p>G\u00fcn ge\u00e7tik\u00e7e g\u00f6rd\u00fckleri ra\u011fbetin azalmas\u0131ndan rahats\u0131zl\u0131k duyan sahaflar di\u011fer yandan her g\u00fcn biraz daha pahal\u0131la\u015fan ya\u015fam ko\u015fullar\u0131nda ayakta durmaya \u00e7al\u0131\u015f\u0131yor.<\/p>\n<p>Sahaflar\u0131n bir \u00e7o\u011fu, mesle\u011fi sadece sevdikleri i\u00e7in yap\u0131yor. Ancak i\u00e7inde bulundu\u011fumuz ya\u015fam ko\u015fullar\u0131nda zorluklarla ayakta durmaya \u00e7al\u0131\u015fan sahaf\u00e7\u0131lar, zaten okuma oran\u0131n\u0131n d\u00fc\u015f\u00fck oldu\u011fu \u00fclkemizde, kitap ma\u011fazalar\u0131n\u0131n ve internet \u00fczerinden kitap sat\u0131mlar\u0131n\u0131n \u00e7o\u011falmas\u0131 ile neredeyse yok olmaya mahkum olmu\u015f durumda.<\/p>\n<p>Mersin sanat soka\u011f\u0131nda on alt\u0131 y\u0131ld\u0131r sahafl\u0131k yapan Nadire Karadil&#8217;de, yok olma e\u015fi\u011fine gelmi\u015f eski sahaflardan. Sahaf d\u00fckkan\u0131na gitti\u011fimizde kar\u015f\u0131la\u015ft\u0131\u011f\u0131m\u0131z durum ise, bu mesle\u011fin yok olmaya y\u00fcz tuttu\u011funu adeta g\u00f6zler \u00f6n\u00fcne seriyor. Mali \u015eube polislerinin korsan kitap\u00e7\u0131l\u0131k ad\u0131 alt\u0131nda kesti\u011fi para cezas\u0131 dudak u\u00e7uklatan t\u00fcrden. Nadire Karadil konu ile ilgili a\u00e7\u0131klamas\u0131nda; &#8221;Polisler bana, korsan kitap sat\u0131yorsunuz ihbar var ceza kesmek zorunday\u0131z diyerek y\u00fckl\u00fc miktarda ceza kestiler. O da yetmedi d\u00fckkan sahibim d\u00fckkan\u0131 bo\u015faltmam\u0131 istedi, her \u015fey \u00fcst\u00fcste geldi, zaten \u00e7ok zor \u015fartlarda bu i\u015fi y\u00fcr\u00fctmeye \u00e7al\u0131\u015f\u0131yoruz. Bir de bu t\u00fcr sorunlarla kar\u015f\u0131la\u015f\u0131nca art\u0131k kapatmaktan ba\u015fka bir \u00e7are kalm\u0131yor. Ne yapaca\u011f\u0131m\u0131 bilmiyorum. Mersin&#8217;de fazla sahaf yok, ayr\u0131ca biz sahaflar korsan de\u011fil ikinci el kitap i\u015findeyiz daha \u00e7ok, paha bi\u00e7ilemez de\u011ferleri biz ucuz yoldan insanlara ula\u015ft\u0131r\u0131yoruz. Kitap ma\u011fazalar\u0131 i\u015fimizi yeterince d\u00fc\u015f\u00fcrd\u00fc zaten.Bunun yan\u0131 s\u0131ra insanlar art\u0131k internet \u00fczerinden sipari\u015f veriyor . Sahaf\u0131n \u00f6nemini yeterince d\u00fc\u015f\u00fcrd\u00fcler. Bu mesle\u011fi sevdi\u011fim i\u00e7in yap\u0131yorum. Kitaplar benim ya\u015fam\u0131m ve al\u0131\u015fm\u0131\u015f\u0131m bir kere, istesem de b\u0131rakamam ama \u015fu \u015fartlarda soruyorsan devam edecekmisiniz diye, hay\u0131r derim. \u00c7\u00fcnk\u00fc heryerden s\u0131k\u0131\u015ft\u0131r\u0131l\u0131yoruz.&#8221; ifadelerinde bulundu.<\/p>\n<p>DEVLET\u0130M\u0130Z\u0130N B\u0130ZE DESTEK OLMASI GEREK\u0130RD\u0130<br \/>\nKaradil a\u00e7\u0131klamas\u0131na;&#8221;Devletin K\u00fclt\u00fcr miraslar\u0131na bizi de dahil edip destek olmas\u0131 gerekirdi. Biz insanlara binevi k\u00fclt\u00fcr da\u011f\u0131t\u0131yoruz,\u00a0 buna duyars\u0131z kalmak ge\u00e7mi\u015fimize olan sayg\u0131m\u0131z\u0131 yitirmi\u015f oldu\u011fumuzun g\u00f6stergesidir.&#8221;\u015feklinde son verdi.<\/p>\n","protected":false},"excerpt":{"rendered":"<p>G\u00fcn ge\u00e7tik\u00e7e g\u00f6rd\u00fckleri ra\u011fbetin azalmas\u0131ndan rahats\u0131zl\u0131k duyan sahaflar di\u011fer yandan her g\u00fcn biraz daha pahal\u0131la\u015fan ya\u015fam ko\u015fullar\u0131nda ayakta durmaya \u00e7al\u0131\u015f\u0131yor. Sahaflar\u0131n bir \u00e7o\u011fu, mesle\u011fi sadece sevdikleri i\u00e7in yap\u0131yor. Ancak i\u00e7inde &hellip; <a href=\"https:\/\/akdenizolaygazetesi.com\/?p=1048\" class=\"more-link\">Devam\u0131n\u0131 Oku&#8230;<\/a><\/p>\n","protected":false},"author":1,"featured_media":0,"comment_status":"open","ping_status":"open","sticky":false,"template":"","format":"standard","meta":[],"categories":[],"tags":[],"_links":{"self":[{"href":"https:\/\/akdenizolaygazetesi.com\/index.php?rest_route=\/wp\/v2\/posts\/1048"}],"collection":[{"href":"https:\/\/akdenizolaygazetesi.com\/index.php?rest_route=\/wp\/v2\/posts"}],"about":[{"href":"https:\/\/akdenizolaygazetesi.com\/index.php?rest_route=\/wp\/v2\/types\/post"}],"author":[{"embeddable":true,"href":"https:\/\/akdenizolaygazetesi.com\/index.php?rest_route=\/wp\/v2\/users\/1"}],"replies":[{"embeddable":true,"href":"https:\/\/akdenizolaygazetesi.com\/index.php?rest_route=%2Fwp%2Fv2%2Fcomments&post=1048"}],"version-history":[{"count":0,"href":"https:\/\/akdenizolaygazetesi.com\/index.php?rest_route=\/wp\/v2\/posts\/1048\/revisions"}],"wp:attachment":[{"href":"https:\/\/akdenizolaygazetesi.com\/index.php?rest_route=%2Fwp%2Fv2%2Fmedia&parent=1048"}],"wp:term":[{"taxonomy":"category","embeddable":true,"href":"https:\/\/akdenizolaygazetesi.com\/index.php?rest_route=%2Fwp%2Fv2%2Fcategories&post=1048"},{"taxonomy":"post_tag","embeddable":true,"href":"https:\/\/akdenizolaygazetesi.com\/index.php?rest_route=%2Fwp%2Fv2%2Ftags&post=1048"}],"curies":[{"name":"wp","href":"https:\/\/api.w.org\/{rel}","templated":true}]}}