{"id":10482,"date":"2021-02-04T14:16:40","date_gmt":"2021-02-04T11:16:40","guid":{"rendered":"http:\/\/akdenizolaygazetesi.com\/?p=10482"},"modified":"2021-02-04T14:16:40","modified_gmt":"2021-02-04T11:16:40","slug":"kayyum-rektor-atamalarinin-karsisindayiz","status":"publish","type":"post","link":"https:\/\/akdenizolaygazetesi.com\/?p=10482","title":{"rendered":"\u201cKAYYUM REKT\u00d6R ATAMALARININ KAR\u015eISINDAYIZ\u2019\u2019"},"content":{"rendered":"<p>T\u00fcrk M\u00fchendis ve Mimar Odalar\u0131 Birli\u011fi (TMMOB) Mersin \u0130l Kordinasyon Kurulu yapt\u0131\u011f\u0131 bas\u0131n a\u00e7\u0131klamas\u0131 ile Bo\u011fazi\u00e7i \u00d6\u011frencilerine destek vererek yap\u0131lan g\u00f6steri ve eylemlere polisin m\u00fcdahale etmesine tepki g\u00f6sterdi.<\/p>\n<p>\u201c\u00dcN\u0130VERS\u0130TELER, B\u0130L\u0130M \u00dcRETMEK \u0130\u00c7\u0130N VAR OLAN B\u0130L\u0130M YUVALARIDIR\u2019\u2019<\/p>\n<p>Yap\u0131lan a\u00e7\u0131klamada, \u00dcniversitelerin bilim, teknoloji ve d\u00fc\u015f\u00fcnce \u00fcretmek i\u00e7in var olmas\u0131 gereken bilim yuvalar\u0131oldu\u011fu belirtilerek, birlikte y\u00f6netme ve birlikte \u00fcretme k\u00fclt\u00fcr\u00fcn\u00fc \u00fcniversitelere hakim k\u0131lmak isteyen akademisyenler ve \u00f6\u011frenciler son d\u00f6nemde siyasi iktidar\u0131n hedefi haline geldi\u011fi ifade edildi.<\/p>\n<p>A\u00e7\u0131klamada \u015fu c\u00fcmleler kullan\u0131ld\u0131:<\/p>\n<p>\u201c\u0130ktidar, \u00f6zellikle siyaseten ba\u015f edemedi\u011fi her konuyu provokasyonla toplumun dini ve milli hassasiyetleri \u00fczerinden manip\u00fcle ederek, de\u011fi\u015fik toplum kesimlerini birbirine kar\u015f\u0131k\u0131\u015fk\u0131rtarak kar\u0131\u015f\u0131kl\u0131k \u00e7\u0131kar\u0131p, bask\u0131 ile \u00e7\u00f6zme yolunu tercih etmektedir. Yak\u0131n d\u00f6nemde Bar\u0131\u015f \u0130\u00e7in Akademisyenler bildirisine imza atan akademisyenlerin ihrac\u0131yla ya\u015fan\u0131lan bask\u0131c\u0131 ve fa\u015fist uygulamalar 2 Ocak 2021 tarihinde Bo\u011fazi\u00e7i\u00dcniversitesine kayyum olarak atama ile gelen Prof. Dr. Melih Bulu i\u00e7in \u00f6\u011frencilerin bu durumu kabul etmemeleri ile ba\u015flayan s\u00fcre\u00e7te art\u0131k tarif edilemez boyutlara ula\u015fm\u0131\u015ft\u0131r. Tek talebi \u2018Kayyum Rekt\u00f6r \u0130stemiyoruz\u2019 olan \u00f6\u011frencilerin ve akademisyenlerin bu s\u00fcre zarf\u0131nda her g\u00fcn \u00dcniversitelerinde bu hakl\u0131 talebi dillendirmi\u015flerdir. D\u00fc\u015f\u00fcnce ve tepkilerini g\u00f6stermek i\u00e7in anayasal hak olan toplant\u0131 ve g\u00f6steri y\u00fcr\u00fcy\u00fc\u015f\u00fc hakk\u0131n\u0131 kullanan 159 \u00f6\u011frenci kamp\u00fcslerinde yerlerde s\u00fcr\u00fcklenerek polis taraf\u0131ndan orant\u0131s\u0131z g\u00fc\u00e7 kullan\u0131larak g\u00f6zalt\u0131na al\u0131nmalar\u0131 ile \u00fcniversitelere uygulanan bask\u0131 bir kez daha g\u00f6zler \u00f6n\u00fcne serilmi\u015ftir.\u2019\u2019<\/p>\n<p>\u2018\u2019HER T\u00dcRL\u00dc \u00d6TEK\u0130LE\u015eT\u0130R\u0130C\u0130 VE HOMOFOB\u0130K S\u00d6YLEM\u0130N KAR\u015eISINDAYIZ\u2019\u2019<\/p>\n<p>A\u00e7\u0131klaman\u0131n devam\u0131nda, \u00fcniversite kamp\u00fcs\u00fc \u00f6n\u00fcnde y\u00fcr\u00fcmekte olan \u00f6\u011frencilere bir polis amirinin \u201ca\u015fa\u011f\u0131 bak terbiyesiz\u201d diye ba\u011f\u0131rarak ba\u015flat\u0131lan sald\u0131r\u0131 ve g\u00f6zalt\u0131 yap\u0131lmas\u0131na tepki g\u00f6sterildi. <\/p>\n<p>A\u00e7\u0131klaman\u0131n devam\u0131nda \u015fu c\u00fcmleler kullan\u0131ld\u0131: \u201cBizden ter\u00f6rist senden Rekt\u00f6r olmaz.\u2019 diyen \u00f6\u011frencilere operasyon yap\u0131l\u0131rken \u00e7at\u0131lara keskin ni\u015fanc\u0131lar yerle\u015ftirilmesi, operasyonun pl\u00e2nl\u0131 yap\u0131ld\u0131\u011f\u0131n\u0131n ve \u00fclkemizin g\u00f6zde \u00fcniversiterinden biri olan Bo\u011fazi\u00e7i \u00dcniversitesi\u2019nin yanda\u015fla\u015ft\u0131r\u0131lmas\u0131, \u00f6\u011frencilerinin ve akademisyenlerinin itibars\u0131zla\u015ft\u0131r\u0131lmas\u0131n\u0131 ama\u00e7lad\u0131\u011f\u0131n\u0131 g\u00f6stermektedir. Bizler adalete susam\u0131\u015f, demokrasiye g\u00fcveni ve inanc\u0131 tam T\u00fcrkiye Cumhuriyeti\u2019nin her bir vatanda\u015f\u0131 olarak; kayyum rekt\u00f6r atamalar\u0131n\u0131n kar\u015f\u0131s\u0131nday\u0131z. Her rengi e\u015fit g\u00f6renLGBT\u0130+ bireylerin temel hak ve \u00f6zg\u00fcrl\u00fcklerini yok sayan ve ya\u015fam haklar\u0131n\u0131 tehdit edenlerin kar\u015f\u0131s\u0131nday\u0131z. Kolluk g\u00fc\u00e7lerinin hakl\u0131 taleplerini ile getiren emek\u00e7i ve \u00f6\u011frencilere uygulad\u0131\u011f\u0131 \u015fiddetin kar\u015f\u0131s\u0131nday\u0131z. Medyan\u0131n i\u015fledi\u011fi nefret su\u00e7unun kar\u015f\u0131s\u0131nday\u0131z. Siyasi iktidar\u0131n ayr\u0131\u015ft\u0131r\u0131c\u0131, \u00f6tekile\u015ftiricive homofobik s\u00f6ylemlerinin kar\u015f\u0131s\u0131nday\u0131z. \u00dcniversiteleri aile \u015firketi gibi e\u015f dost ve akraba ile doldurarak liyakat ve bilimi yok sayanlar\u0131n kar\u015f\u0131s\u0131nday\u0131z. Zulme ses \u00e7\u0131karmayanlar\u0131n kar\u015f\u0131s\u0131nday\u0131z. Kad\u0131na y\u00f6nelik \u015fiddet uygulayanlara, \u00e7ocuk istismarc\u0131lar\u0131na, madende g\u00f6\u00e7\u00fck alt\u0131nda can veren emek\u00e7ilerin katil patronlar\u0131na, r\u00fc\u015fvet \u00e7etelerine, halk\u0131 soyup so\u011fana \u00e7eviren yanda\u015flara, \u00f6\u011frenci yurdunda k\u0131z \u00e7ocuklar\u0131n\u0131n yanarak \u00f6lmesine sebep olanlara ve daha nicelerine engel olmaya g\u00fcc\u00fc yetmeyen devlet \u015fimdi g\u00fcc\u00fcn\u00fc demokrasi isteyen Bo\u011fazi\u00e7i\u00dcniversitesi \u00f6\u011frencileri \u00fczerinde s\u0131namaktad\u0131r. SINAMASIN! Bizler, herkesikorku da\u011f\u0131n\u0131n tepesinde oturan siyasi g\u00fc\u00e7 sahiplerinden korkmayan ve demokrasi isteyen \u00f6\u011frencilerimize sahip \u00e7\u0131kmaya \u00e7a\u011f\u0131r\u0131yoruz. Sald\u0131r\u0131 ve g\u00f6zalt\u0131lar\u0131 k\u0131n\u0131yor, \u00f6\u011frencilerin derhal serbest b\u0131rak\u0131lmalar\u0131n\u0131 talep ediyoruz. Ayr\u0131ca antidemokratik y\u00f6ntemlerle Bo\u011fazi\u00e7i \u00dcniversitesi\u2019nde Rekt\u00f6rl\u00fc\u011fe atanan Prof. Dr. Melih Bulu\u2019nunonurlu bir davran\u0131\u015f sergileyerek rekt\u00f6rl\u00fckten istifa etmesini; \u00f6\u011frenci ve akademisyenleri istemi do\u011frultusunda yap\u0131lacak se\u00e7imle rekt\u00f6r belirlenmesini en demokratik yol olarak g\u00f6r\u00fcyoruz. \u0130ktidar\u0131 \u00f6\u011frencileri hakl\u0131 demokratik taleplerini yerine getirmeye davet ediyoruz. Sevgili \u00f6\u011frenciler, sizlerle beraber a\u015fa\u011f\u0131 bakm\u0131yoruz, ba\u015f e\u011fmiyoruz, diz \u00e7\u00f6km\u00fcyoruz.\u201d<\/p>\n","protected":false},"excerpt":{"rendered":"<p>T\u00fcrk M\u00fchendis ve Mimar Odalar\u0131 Birli\u011fi (TMMOB) Mersin \u0130l Kordinasyon Kurulu yapt\u0131\u011f\u0131 bas\u0131n a\u00e7\u0131klamas\u0131 ile Bo\u011fazi\u00e7i \u00d6\u011frencilerine destek vererek yap\u0131lan g\u00f6steri ve eylemlere polisin m\u00fcdahale etmesine tepki g\u00f6sterdi. \u201c\u00dcN\u0130VERS\u0130TELER, B\u0130L\u0130M &hellip; <a href=\"https:\/\/akdenizolaygazetesi.com\/?p=10482\" class=\"more-link\">Devam\u0131n\u0131 Oku&#8230;<\/a><\/p>\n","protected":false},"author":2,"featured_media":10483,"comment_status":"open","ping_status":"open","sticky":false,"template":"","format":"standard","meta":[],"categories":[34,1,2,3,5,6],"tags":[],"_links":{"self":[{"href":"https:\/\/akdenizolaygazetesi.com\/index.php?rest_route=\/wp\/v2\/posts\/10482"}],"collection":[{"href":"https:\/\/akdenizolaygazetesi.com\/index.php?rest_route=\/wp\/v2\/posts"}],"about":[{"href":"https:\/\/akdenizolaygazetesi.com\/index.php?rest_route=\/wp\/v2\/types\/post"}],"author":[{"embeddable":true,"href":"https:\/\/akdenizolaygazetesi.com\/index.php?rest_route=\/wp\/v2\/users\/2"}],"replies":[{"embeddable":true,"href":"https:\/\/akdenizolaygazetesi.com\/index.php?rest_route=%2Fwp%2Fv2%2Fcomments&post=10482"}],"version-history":[{"count":1,"href":"https:\/\/akdenizolaygazetesi.com\/index.php?rest_route=\/wp\/v2\/posts\/10482\/revisions"}],"predecessor-version":[{"id":10484,"href":"https:\/\/akdenizolaygazetesi.com\/index.php?rest_route=\/wp\/v2\/posts\/10482\/revisions\/10484"}],"wp:featuredmedia":[{"embeddable":true,"href":"https:\/\/akdenizolaygazetesi.com\/index.php?rest_route=\/wp\/v2\/media\/10483"}],"wp:attachment":[{"href":"https:\/\/akdenizolaygazetesi.com\/index.php?rest_route=%2Fwp%2Fv2%2Fmedia&parent=10482"}],"wp:term":[{"taxonomy":"category","embeddable":true,"href":"https:\/\/akdenizolaygazetesi.com\/index.php?rest_route=%2Fwp%2Fv2%2Fcategories&post=10482"},{"taxonomy":"post_tag","embeddable":true,"href":"https:\/\/akdenizolaygazetesi.com\/index.php?rest_route=%2Fwp%2Fv2%2Ftags&post=10482"}],"curies":[{"name":"wp","href":"https:\/\/api.w.org\/{rel}","templated":true}]}}