{"id":10486,"date":"2021-02-04T14:32:25","date_gmt":"2021-02-04T11:32:25","guid":{"rendered":"http:\/\/akdenizolaygazetesi.com\/?p=10486"},"modified":"2021-02-04T14:32:25","modified_gmt":"2021-02-04T11:32:25","slug":"gulnar-belediyesi-yol-bakim-ve-onarim-calismalarina-devam-ediyor","status":"publish","type":"post","link":"https:\/\/akdenizolaygazetesi.com\/?p=10486","title":{"rendered":"G\u00dcLNAR BELED\u0130YES\u0130, YOL BAKIM VE ONARIM \u00c7ALI\u015eMALARINA DEVAM ED\u0130YOR"},"content":{"rendered":"<p>\u00c7al\u0131\u015fmalar kapsam\u0131nda ekipler Hac\u0131p\u0131nar ve Saray Mahallelerinde Stabilize yol yap\u0131m, yol geni\u015fletme<br \/>\nve \u015farampol a\u00e7ma \u00e7al\u0131\u015fmas\u0131 yapt\u0131.<\/p>\n<p>G\u00fclnar Belediyesi yol yap\u0131m i\u015flerine dair yapt\u0131\u011f\u0131 planlamaya g\u00f6re il\u00e7edeki \u00e7al\u0131\u015fmalar\u0131n\u0131 ula\u015f\u0131m, yol<br \/>\n\u015fartlar\u0131 se\u00e7eneklerini g\u00f6z \u00f6n\u00fcne alarak, \u00f6ncelikleri belirliyor. Belirlenen mahallelerde tamamlanan<br \/>\n\u00e7al\u0131\u015fmalar ard\u0131ndan aral\u0131ks\u0131z olarak bir ba\u015fka mahalle ile devam ediyor.<\/p>\n<p>G\u00fclnar Belediye Ba\u015fkan\u0131 Alpaslan \u00dcn\u00fcvar, merkez ve k\u0131rsal ayr\u0131m\u0131 yapmadan vatanda\u015flar\u0131n<br \/>\nya\u015fam standartlar\u0131n\u0131 y\u00fckseltmek i\u00e7in durmadan, y\u0131lmadan \u00e7al\u0131\u015fmaya devam ettiklerini s\u00f6yleyerek, &#8221;<br \/>\nMevsimsel \u015fartlardan dolay\u0131 ula\u015f\u0131m sorunu ya\u015fayan vatanda\u015flar\u0131m\u0131z\u0131n ma\u011fduriyetini gidermek<br \/>\namac\u0131yla ilgili yerlerde inceleme yapt\u0131ktan sonra stabilize yol yap\u0131m \u00e7al\u0131\u015fmalar\u0131n\u0131 ba\u015flatt\u0131k. \u0130l\u00e7emizde<br \/>\nyol yap\u0131m, onar\u0131m ve kilitli parke yap\u0131m\u0131 olarak ger\u00e7ekten \u00f6nemli bir yol kat ettik. il\u00e7emizin baz\u0131<br \/>\nb\u00f6lgelerinde de belirlenen program dahilinde sokak i\u00e7lerini de stabilize ederek vatanda\u015flar\u0131m\u0131z\u0131n<br \/>\nrahat bir nefes almas\u0131n\u0131 sa\u011fl\u0131yoruz. Vatanda\u015flar\u0131m\u0131za en iyi \u015fekilde hizmet etmek ve vatanda\u015flar\u0131m\u0131z\u0131n<br \/>\ndaha modern daha g\u00fcvenli imk\u00e2nlarda ula\u015f\u0131m sa\u011flayabilmesi i\u00e7in \u00e7al\u0131\u015fmalar\u0131m\u0131z il\u00e7e merkezi ve k\u0131rsal<br \/>\nmahalle ayr\u0131m\u0131 yapmadan programl\u0131 bir \u015fekilde devam edecek\u201d dedi.<\/p>\n","protected":false},"excerpt":{"rendered":"<p>\u00c7al\u0131\u015fmalar kapsam\u0131nda ekipler Hac\u0131p\u0131nar ve Saray Mahallelerinde Stabilize yol yap\u0131m, yol geni\u015fletme ve \u015farampol a\u00e7ma \u00e7al\u0131\u015fmas\u0131 yapt\u0131. G\u00fclnar Belediyesi yol yap\u0131m i\u015flerine dair yapt\u0131\u011f\u0131 planlamaya g\u00f6re il\u00e7edeki \u00e7al\u0131\u015fmalar\u0131n\u0131 ula\u015f\u0131m, yol &hellip; <a href=\"https:\/\/akdenizolaygazetesi.com\/?p=10486\" class=\"more-link\">Devam\u0131n\u0131 Oku&#8230;<\/a><\/p>\n","protected":false},"author":2,"featured_media":10487,"comment_status":"open","ping_status":"open","sticky":false,"template":"","format":"standard","meta":[],"categories":[34,1,2,3,5],"tags":[],"_links":{"self":[{"href":"https:\/\/akdenizolaygazetesi.com\/index.php?rest_route=\/wp\/v2\/posts\/10486"}],"collection":[{"href":"https:\/\/akdenizolaygazetesi.com\/index.php?rest_route=\/wp\/v2\/posts"}],"about":[{"href":"https:\/\/akdenizolaygazetesi.com\/index.php?rest_route=\/wp\/v2\/types\/post"}],"author":[{"embeddable":true,"href":"https:\/\/akdenizolaygazetesi.com\/index.php?rest_route=\/wp\/v2\/users\/2"}],"replies":[{"embeddable":true,"href":"https:\/\/akdenizolaygazetesi.com\/index.php?rest_route=%2Fwp%2Fv2%2Fcomments&post=10486"}],"version-history":[{"count":1,"href":"https:\/\/akdenizolaygazetesi.com\/index.php?rest_route=\/wp\/v2\/posts\/10486\/revisions"}],"predecessor-version":[{"id":10488,"href":"https:\/\/akdenizolaygazetesi.com\/index.php?rest_route=\/wp\/v2\/posts\/10486\/revisions\/10488"}],"wp:featuredmedia":[{"embeddable":true,"href":"https:\/\/akdenizolaygazetesi.com\/index.php?rest_route=\/wp\/v2\/media\/10487"}],"wp:attachment":[{"href":"https:\/\/akdenizolaygazetesi.com\/index.php?rest_route=%2Fwp%2Fv2%2Fmedia&parent=10486"}],"wp:term":[{"taxonomy":"category","embeddable":true,"href":"https:\/\/akdenizolaygazetesi.com\/index.php?rest_route=%2Fwp%2Fv2%2Fcategories&post=10486"},{"taxonomy":"post_tag","embeddable":true,"href":"https:\/\/akdenizolaygazetesi.com\/index.php?rest_route=%2Fwp%2Fv2%2Ftags&post=10486"}],"curies":[{"name":"wp","href":"https:\/\/api.w.org\/{rel}","templated":true}]}}