{"id":10489,"date":"2021-02-04T15:17:58","date_gmt":"2021-02-04T12:17:58","guid":{"rendered":"http:\/\/akdenizolaygazetesi.com\/?p=10489"},"modified":"2021-02-04T15:17:58","modified_gmt":"2021-02-04T12:17:58","slug":"toroslar-belediyesinden-dunya-kanser-gununde-anlamli-calisma","status":"publish","type":"post","link":"https:\/\/akdenizolaygazetesi.com\/?p=10489","title":{"rendered":"TOROSLAR BELED\u0130YES\u0130&#8217;NDEN &#8216;D\u00dcNYA KANSER G\u00dcN\u00dc&#8217;NDE&#8217; ANLAMLI \u00c7ALI\u015eMA"},"content":{"rendered":"<p>&#8220;Toroslar&#8217;da Mahalle Muhtarlar\u0131, Esnaf ve Vatanda\u015flar Kanserle M\u00fccadelede Tek Ses Oldu&#8221;<\/p>\n<p>Toroslar Belediyesi, 4 \u015eubat D\u00fcnya Kanser G\u00fcn\u00fc&#8217;nde haz\u0131rlad\u0131\u011f\u0131 sosyal sorumluluk \u00e7al\u0131\u015fmas\u0131yla erken te\u015fhisin \u00f6nemine dikkat \u00e7ekti.<\/p>\n<p> Toroslar Belediyesi&#8217;nin sosyal medya hesaplar\u0131nda yay\u0131nlad\u0131\u011f\u0131 fark\u0131ndal\u0131k \u00e7al\u0131\u015fmas\u0131na; mahalle muhtarlar\u0131, esnaf  ve vatanda\u015flar da destek verdi. Her ya\u015f grubundan ve meslekten vatanda\u015f\u0131n yer ald\u0131\u011f\u0131 videoda, kanserle m\u00fccadelede umudun en b\u00fcy\u00fck ila\u00e7 oldu\u011funa vurgu yap\u0131ld\u0131.<\/p>\n<p>&#8220;Haydi Gelin Hep Beraber Bu Konuda Fark\u0131ndal\u0131k Olu\u015ftural\u0131m&#8221;<\/p>\n<p>Sosyal sorumluluk projelerinin yan\u0131 s\u0131ra toplum sa\u011fl\u0131\u011f\u0131n\u0131 korumak ad\u0131na da T\u00fcrkiye&#8217;de \u00f6rnek \u00e7al\u0131\u015fmalara imza atan Toroslar Belediye Ba\u015fkan\u0131 Ats\u0131z Af\u015f\u0131n Y\u0131lmaz, kansere kar\u015f\u0131 fark\u0131ndal\u0131k olu\u015fturmak amac\u0131yla \u00e7a\u011fr\u0131da bulundu.<\/p>\n<p>&#8220;Erken te\u015fhis, kanser tedavisinde ilk ve en \u00f6nemli ad\u0131md\u0131r&#8221; diyen Ba\u015fkan Y\u0131lmaz; &#8220;Kanserden de\u011fil ge\u00e7 kalmaktan kork. Haydi gelin hep beraber bu konuda fark\u0131ndal\u0131k olu\u015ftural\u0131m. Umut en b\u00fcy\u00fck ila\u00e7t\u0131r&#8221; dedi.<\/p>\n<p>Ba\u015fkan Y\u0131lmaz, \u00f6nlenebilir bir hastal\u0131k t\u00fcr\u00fc olan kansere kar\u015f\u0131 toplumsal bilinci art\u0131rmak amac\u0131yla haz\u0131rlad\u0131klar\u0131 fark\u0131ndal\u0131k \u00e7al\u0131\u015fmas\u0131na destek veren hem\u015fehrilerine te\u015fekk\u00fcr etti.<\/p>\n<p>&#8220;Asla Yaln\u0131z De\u011filsiniz&#8221;<\/p>\n<p>Toroslar Belediyesi&#8217;nin kanserle m\u00fccadele \u00e7al\u0131\u015fmas\u0131nda yer alan vatanda\u015flar da; &#8220;Bu sava\u015fta herkes beraber, kanser tek. Kararl\u0131y\u0131m ve yapaca\u011f\u0131m. Sa\u011fl\u0131kl\u0131 ve dengeli beslenin, d\u00fczenli fiziksel aktivite yap\u0131n, kanser taramalar\u0131n\u0131z\u0131 ihmal etmeyin. Hep birlikte el ele, umut dolu yar\u0131nlara. Sevdiklerinizden ve hayattan kopmamak i\u00e7in m\u00fccadeleyi b\u0131rakmay\u0131n&#8221; ifadeleriyle hem erken te\u015fhisin \u00f6nemine dikkat \u00e7ektiler hem de bu hastal\u0131\u011fa yakalananlara g\u00fc\u00e7 verdiler.<\/p>\n","protected":false},"excerpt":{"rendered":"<p>&#8220;Toroslar&#8217;da Mahalle Muhtarlar\u0131, Esnaf ve Vatanda\u015flar Kanserle M\u00fccadelede Tek Ses Oldu&#8221; Toroslar Belediyesi, 4 \u015eubat D\u00fcnya Kanser G\u00fcn\u00fc&#8217;nde haz\u0131rlad\u0131\u011f\u0131 sosyal sorumluluk \u00e7al\u0131\u015fmas\u0131yla erken te\u015fhisin \u00f6nemine dikkat \u00e7ekti. Toroslar Belediyesi&#8217;nin sosyal &hellip; <a href=\"https:\/\/akdenizolaygazetesi.com\/?p=10489\" class=\"more-link\">Devam\u0131n\u0131 Oku&#8230;<\/a><\/p>\n","protected":false},"author":2,"featured_media":10490,"comment_status":"open","ping_status":"open","sticky":false,"template":"","format":"standard","meta":[],"categories":[34,1,2,3,5,9],"tags":[],"_links":{"self":[{"href":"https:\/\/akdenizolaygazetesi.com\/index.php?rest_route=\/wp\/v2\/posts\/10489"}],"collection":[{"href":"https:\/\/akdenizolaygazetesi.com\/index.php?rest_route=\/wp\/v2\/posts"}],"about":[{"href":"https:\/\/akdenizolaygazetesi.com\/index.php?rest_route=\/wp\/v2\/types\/post"}],"author":[{"embeddable":true,"href":"https:\/\/akdenizolaygazetesi.com\/index.php?rest_route=\/wp\/v2\/users\/2"}],"replies":[{"embeddable":true,"href":"https:\/\/akdenizolaygazetesi.com\/index.php?rest_route=%2Fwp%2Fv2%2Fcomments&post=10489"}],"version-history":[{"count":1,"href":"https:\/\/akdenizolaygazetesi.com\/index.php?rest_route=\/wp\/v2\/posts\/10489\/revisions"}],"predecessor-version":[{"id":10491,"href":"https:\/\/akdenizolaygazetesi.com\/index.php?rest_route=\/wp\/v2\/posts\/10489\/revisions\/10491"}],"wp:featuredmedia":[{"embeddable":true,"href":"https:\/\/akdenizolaygazetesi.com\/index.php?rest_route=\/wp\/v2\/media\/10490"}],"wp:attachment":[{"href":"https:\/\/akdenizolaygazetesi.com\/index.php?rest_route=%2Fwp%2Fv2%2Fmedia&parent=10489"}],"wp:term":[{"taxonomy":"category","embeddable":true,"href":"https:\/\/akdenizolaygazetesi.com\/index.php?rest_route=%2Fwp%2Fv2%2Fcategories&post=10489"},{"taxonomy":"post_tag","embeddable":true,"href":"https:\/\/akdenizolaygazetesi.com\/index.php?rest_route=%2Fwp%2Fv2%2Ftags&post=10489"}],"curies":[{"name":"wp","href":"https:\/\/api.w.org\/{rel}","templated":true}]}}