{"id":10492,"date":"2021-02-04T15:55:40","date_gmt":"2021-02-04T12:55:40","guid":{"rendered":"http:\/\/akdenizolaygazetesi.com\/?p=10492"},"modified":"2021-02-04T15:55:40","modified_gmt":"2021-02-04T12:55:40","slug":"covid-19-ve-mutasyonlarina-karsi-panik-yapma-onlem-al","status":"publish","type":"post","link":"https:\/\/akdenizolaygazetesi.com\/?p=10492","title":{"rendered":"COV\u0130D-19 VE MUTASYONLARINA KAR\u015eI PAN\u0130K YAPMA \u00d6NLEM AL"},"content":{"rendered":"<p>COV\u0130D-19 VE MUTASYONLARINA KAR\u015eI <\/p>\n<p>PAN\u0130K YAPMA \u00d6NLEM AL<\/p>\n<p>COV\u0130D-19 mutasyonu ve Toros Devlet Hastanesi\u2019ndeki kayboldu\u011fu s\u00f6ylenen a\u015f\u0131lar ile ilgili Mersin Tabip Odas\u0131, SES \u015eube E\u015f Ba\u015fkan\u0131 Dr. Zeki Sinan Do\u011fan, Emek ve Demokrasi Platformu bile\u015fenlerinin kat\u0131l\u0131m\u0131yla Tabip Odas\u0131 Mersin \u015eube Ba\u015fkan\u0131 Dr. Mehmet Antmen taraf\u0131ndan bir bas\u0131n a\u00e7\u0131klamas\u0131 yap\u0131ld\u0131.<\/p>\n<p>\u201cETK\u0130L\u0130 B\u0130R VAKA TAK\u0130B\u0130 PLANI \u0130LE ETK\u0130N VE HIZLI VER\u0130 \u00dcRET\u0130LMES\u0130, PAYLA\u015eILMASI EN \u00d6NEML\u0130 \u00d6NLEMLERD\u0130R\u2019\u2019<\/p>\n<p>Dr. Antmen a\u00e7\u0131klamas\u0131nda, COV\u0130D-19 pandemisi \u0130ngiltere, Brezilya ve G\u00fcney Afrika\u2019daki mutasyonlarla yeni bir a\u015famaya geldi\u011fini belirterek Mersin Tabip Odas\u0131 olarak s\u00fcrecin ba\u015f\u0131ndan bu yana izlenen yanl\u0131\u015f sa\u011fl\u0131k politikalar\u0131na yenilerinin de eklendi\u011fini \u00fcz\u00fclerek izlediklerini ifade etti.<\/p>\n<p>Antmen, a\u00e7\u0131klamas\u0131nda \u015fu c\u00fcmleleri kulland\u0131: \u201cHalk\u0131n do\u011fru bilgilendirilmesi a\u00e7\u0131s\u0131ndan biz \u00fczerimize d\u00fc\u015feni yap\u0131yoruz ve gerek bas\u0131ndaki gerekse de sosyal medyadaki yanl\u0131\u015f tart\u0131\u015fmalara son verilerek bilimsel ger\u00e7ekler \u00fczerinden s\u00fcrecin y\u00f6netilebilmesi i\u00e7in gerekli uyar\u0131lar\u0131 yapmakla kendimizi g\u00f6revli hissediyoruz. Klinik Mikrobiyoloji ve Enfeksiyon Hastal\u0131klar\u0131 Derne\u011fi, Klinik Mikrobiyoloji Uzmanl\u0131k Derne\u011fi ve Halk Sa\u011fl\u0131\u011f\u0131 Uzmanl\u0131k Derneklerinin yay\u0131nlad\u0131\u011f\u0131 uzman g\u00f6r\u00fc\u015flerini i\u00e7eren g\u00fcncel bilgi notuna g\u00f6re; Vir\u00fcsler, \u00f6zellikle de koronavir\u00fcsler, \u00e7o\u011falmas\u0131 ve yay\u0131lmas\u0131 s\u0131ras\u0131nda ortama g\u00f6re de\u011fi\u015fim g\u00f6stermektedir. Bunu mutasyon olarak adland\u0131rmaktay\u0131z. Mutasyonlar\u0131n \u00e7o\u011funun anlaml\u0131 bir etkisi olmamakla birlikte, baz\u0131 mutasyonlar bula\u015ft\u0131r\u0131c\u0131l\u0131\u011f\u0131n artmas\u0131 gibi vir\u00fcse avantajlar sa\u011flayabilir. Bu \u015fekilde avantajl\u0131 hale gelen vir\u00fcs toplumda yay\u0131lmaya devam eder ve bask\u0131n hale gelmesi kolayla\u015fabilir. \u015eu anda COV\u0130D-19 mutasyonlar\u0131n\u0131n d\u00fcnyada yay\u0131lmakta oldu\u011fu ve k\u00fcresel bir tehdit olu\u015fturdu\u011fu g\u00f6r\u00fclmektedir. Bu nedenlerle, risk olu\u015fturan mutasyonlara y\u00f6nelik tedbirler al\u0131nmas\u0131 gerekmektedir. \u00d6ncelikle mevcut ve ortaya \u00e7\u0131kabilecek yeni de\u011fi\u015fime u\u011fram\u0131\u015f vir\u00fcslerin izi s\u00fcr\u00fclmeli ve yay\u0131lmalar\u0131n\u0131 engellemek i\u00e7in uygulanmakta olan \u00f6nlemler s\u0131k\u0131la\u015ft\u0131r\u0131lmal\u0131d\u0131r. \u015eu ana kadar \u00fc\u00e7 farkl\u0131 de\u011fi\u015fimin ki buna varyant denilmekte, vir\u00fcs\u00fcn mevcut yay\u0131l\u0131m durumda art\u0131\u015fa neden olarak risk olu\u015fturdu\u011fu kabul edilmektedir. \u00dc\u00e7 varyant da COV\u0130D-19\u2019un evrimle\u015fme h\u0131z\u0131ndan beklenenin \u00f6tesinde daha fazla mutasyon biriktirmi\u015f olmalar\u0131 ile de dikkat \u00e7ekmektedir. Bu varyantlar\u0131n riskleri nedir? Ba\u015fl\u0131ca risk bula\u015f\u0131c\u0131l\u0131\u011f\u0131n artm\u0131\u015f olmas\u0131d\u0131r. Avrupa Hastal\u0131k Kontrol Merkezi, bu varyantlar\u0131n topluma girme ve yay\u0131lma olas\u0131l\u0131\u011f\u0131n\u0131 \u201c\u00e7ok y\u00fcksek\u201d olarak de\u011ferlendirmektedir. Bula\u015f\u0131c\u0131l\u0131\u011f\u0131n artmas\u0131 ile ileri ya\u015ftakiler veya e\u015flik eden hastal\u0131klar\u0131 bulunanlar ba\u015fta olmak \u00fczere t\u00fcm ya\u015f gruplar\u0131nda hastaneye yat\u0131\u015flar ve \u00f6l\u00fcm h\u0131zlar\u0131 artabilir. Farkl\u0131 d\u00fczeylerde de olsa her \u00fc\u00e7 varyant\u0131n da do\u011fal ya da a\u015f\u0131lama sonras\u0131 edinilen vir\u00fcs\u00fc \u00f6ld\u00fcren antikorlar\u0131n etkilerinden ka\u00e7abilme \u00f6zellikleri nedeniyle, yeniden enfeksiyon geli\u015fmesi ve a\u015f\u0131laman\u0131n etkinli\u011finin d\u00fc\u015fmesi a\u00e7\u0131s\u0131ndan da kayg\u0131 vericidir. Her \u00fc\u00e7 varyant\u0131n da ilk ortaya \u00e7\u0131kt\u0131klar\u0131 yerlerde h\u0131zla bask\u0131n hale gelmi\u015f ve artm\u0131\u015f vaka h\u0131zlar\u0131 ile ili\u015fkilendirilmi\u015f olmalar\u0131 bu varyantlar\u0131n k\u0131sa bir s\u00fcre i\u00e7inde t\u00fcm d\u00fcnyaya yay\u0131larak bask\u0131n hale gelmelerinin y\u00fcksek bir olas\u0131l\u0131k oldu\u011funa i\u015faret etmektedir. Di\u011fer taraftan \u00fclkemizde de varyantlar\u0131n varl\u0131\u011f\u0131 saptanm\u0131\u015f ve yerel yay\u0131l\u0131m\u0131n\u0131n oldu\u011fu g\u00f6zlenmi\u015ftir. Bu nedenle bir an \u00f6nce \u00e7ok say\u0131da insan\u0131n a\u015f\u0131lanmas\u0131 sa\u011flan\u0131ncaya dek yay\u0131l\u0131mlar\u0131n\u0131 \u00f6nlemek ve sa\u011fl\u0131k sistemi \u00fczerindeki bask\u0131y\u0131 rahatlatmak i\u00e7in daha s\u0131k\u0131 tedbirlere ihtiya\u00e7 vard\u0131r. Varyantlar\u0131n yay\u0131lma tehdidine kar\u015f\u0131 hangi \u00f6nlemler al\u0131nabilir? Varyantlar\u0131n ortaya \u00e7\u0131kmas\u0131n\u0131n en \u00f6nemli sebebi, vir\u00fcs\u00fcn insanlar aras\u0131nda \u00e7o\u011falarak dola\u015fmas\u0131d\u0131r. Toplumda enfeksiyonlar\u0131n yay\u0131l\u0131m\u0131 ne kadar az olursa varyantlar\u0131n da yay\u0131lma olas\u0131l\u0131\u011f\u0131 o kadar azalmaktad\u0131r. Bu nedenle her bir COVID-19 vakas\u0131n\u0131n engellenmesi kritik \u00f6nemdedir. A\u015f\u0131lama ve k\u0131s\u0131tlama tedbirlerinin yan\u0131 s\u0131ra enfeksiyon geli\u015fen veya temasl\u0131 ki\u015filerin aktif takibinin yap\u0131lmas\u0131 varyant vir\u00fcse kar\u015f\u0131 en etkili \u00f6nlemlerdir. Halk sa\u011fl\u0131\u011f\u0131 \u00f6nlemlerine uyumun her zamankinden daha fazla \u00f6nemli oldu\u011fu vurgulanmal\u0131d\u0131r: Do\u011fru maske kullan\u0131m\u0131, fiziksel mesafe, el hijyeni kurallar\u0131na uyum, kapal\u0131 alanda 15 dakikadan fazla \u00e7ok ki\u015fiyle bulunmama, m\u00fcmk\u00fcn oldu\u011funca evde kalma, gereksiz seyahatleri erteleme, kapal\u0131 ortamlar\u0131n iyi havaland\u0131r\u0131lmas\u0131, \u00f6nerilen izolasyon ve karantina s\u00fcrelerine mutlak uyumun sa\u011flanmas\u0131, a\u015f\u0131 \u00e7al\u0131\u015fmalar\u0131, klinik hasta izlemine ve tedaviye katk\u0131da bulunabilecek yakla\u015f\u0131mlar\u0131n yan\u0131 s\u0131ra s\u00fcrd\u00fcr\u00fclebilir ve etkili bir vaka takibi plan\u0131 ile \u00fclke \u015fartlar\u0131na uygun do\u011fru, etkin ve h\u0131zl\u0131 veri \u00fcretilmesi ve payla\u015f\u0131lmas\u0131 en \u00f6nemli \u00f6nlemlerdir. \u00dclkeye giri\u015fte test uygulamas\u0131 ve \u00f6zellikle riskli \u00fclkelerden giri\u015fleri takiben ek olarak 10 g\u00fcnl\u00fck karantina ve test tekrar\u0131 ile negatiflik aranmas\u0131, \u015fehirleraras\u0131 ula\u015f\u0131m\u0131n \u00f6zellikle varyant saptanan iller i\u00e7in zorunlu nedenler d\u0131\u015f\u0131nda k\u0131s\u0131tlanmas\u0131 ve s\u0131k\u0131 takibi, COVID-19\u2019un toplumdaki yay\u0131lma h\u0131z\u0131, bula\u015fma dinamikleri ve hastal\u0131k \u015fiddetindeki olas\u0131 de\u011fi\u015fikliklerin \u015fehir baz\u0131nda yak\u0131n izlem ile erken fark edebilmesini sa\u011flayacak sistemlerin kurulmas\u0131 da di\u011fer \u00f6nemli \u00f6nlemler aras\u0131ndad\u0131r.\u2019\u2019<\/p>\n<p>\u201cTEDB\u0130RLER B\u0130RDENB\u0130RE DE\u011e\u0130L, KADEMEL\u0130 OLARAK KALDIRILMALI\u2019\u2019<\/p>\n<p>Tabip Odas\u0131 Ba\u015fkan\u0131 Antmen a\u00e7\u0131klamas\u0131n\u0131n devam\u0131nda, toplumda a\u015f\u0131lanm\u0131\u015fl\u0131k ve ba\u011f\u0131\u015f\u0131kl\u0131k oranlar\u0131n\u0131n hen\u00fcz yeterli d\u00fczeylerde olmamas\u0131ndan dolay\u0131 uygulanmakta olan s\u0131k\u0131 k\u0131s\u0131tlama tedbirlerinin gev\u015fetilmesi konusunda son derece temkinli olunmas\u0131 gerekti\u011finin alt\u0131n\u0131 \u00e7izdi.<\/p>\n<p>Antmen, a\u00e7\u0131klamas\u0131n\u0131n devam\u0131nda \u015fu c\u00fcmleleri kulland\u0131: \u201cTedbirlerin Haziran 2020\u2019deki gibi birdenbire kald\u0131r\u0131lmas\u0131 yerine kademeli ve yerel dinamikleri g\u00f6zeten bir gev\u015feme politikas\u0131n\u0131n hayata ge\u00e7irilmesi mutasyonlar\u0131n ve do\u011fal olarak enfeksiyonun yay\u0131l\u0131m\u0131n\u0131 engelleyecek, hastal\u0131k olu\u015fumu ve kay\u0131plar\u0131 ya\u015famam\u0131z\u0131n \u00f6n\u00fcne ge\u00e7ecektir. A\u015f\u0131n\u0131n bu denli \u00f6nemli bir korunma arac\u0131 oldu\u011fu ve pandeminingeriletilmesindeki \u00f6nemi ortada iken, \u00fclkemizde h\u00e2l\u00e2 iki milyon civar\u0131nda a\u015f\u0131n\u0131n yap\u0131lm\u0131\u015f olmas\u0131 ve ihtiyac\u0131m\u0131z olan 130 milyon doz a\u015f\u0131n\u0131n sadece 13 milyonunun \u00fclkemize getirilmi\u015f olmas\u0131 tam bir ba\u015far\u0131s\u0131zl\u0131k \u00f6rne\u011fidir. 11 Aral\u0131kta\u00fclkemizde olaca\u011f\u0131 s\u00f6ylenen a\u015f\u0131lar zaman\u0131nda gelmi\u015f olsayd\u0131 M. Ya\u015far Karabacak gibi pek \u00e7ok meslekta\u015f\u0131m\u0131z \u015fu an bizlerle olacakt\u0131. Bunun yan\u0131 s\u0131ra son bir haftad\u0131r bas\u0131nda yer alan Toros Devlet Hastanesi\u2019nde a\u015f\u0131 kay\u0131plar\u0131 da bug\u00fcne de\u011fin pandemiyi y\u00f6netemeyen Sa\u011fl\u0131k Bakanl\u0131\u011f\u0131\u2019n\u0131n a\u015f\u0131y\u0131 da adaletli ve g\u00fcvenilir bi\u00e7imde uygulayamad\u0131\u011f\u0131n\u0131n da bir \u00f6rne\u011fi olmu\u015ftur. A\u015f\u0131 uygulamalar\u0131 s\u0131ras\u0131nda \u00f6ncelikli grupta yer almayan ve ya\u015f olarak da hen\u00fcz s\u0131ras\u0131 gelmeyen siyasilerin herkesten \u00f6nce a\u015f\u0131lar\u0131n\u0131 yapt\u0131rma \u00f6rneklerinin bol ya\u015fand\u0131\u011f\u0131 \u00fclkemizde bu a\u015f\u0131 kay\u0131plar\u0131 her kesimde ciddi bir ku\u015fku uyand\u0131rmaktad\u0131r. Bu konunun a\u00e7\u0131\u011fa \u00e7\u0131kar\u0131lmas\u0131 i\u00e7in Sa\u011fl\u0131k M\u00fcd\u00fcrl\u00fc\u011f\u00fcn\u00fc g\u00f6reve davet ediyor, bu i\u015fin takip\u00e7isi olaca\u011f\u0131m\u0131z\u0131 t\u00fcm kamuoyunun bilgilerine sunuyoruz.\u2019\u2019<\/p>\n","protected":false},"excerpt":{"rendered":"<p>COV\u0130D-19 VE MUTASYONLARINA KAR\u015eI PAN\u0130K YAPMA \u00d6NLEM AL COV\u0130D-19 mutasyonu ve Toros Devlet Hastanesi\u2019ndeki kayboldu\u011fu s\u00f6ylenen a\u015f\u0131lar ile ilgili Mersin Tabip Odas\u0131, SES \u015eube E\u015f Ba\u015fkan\u0131 Dr. Zeki Sinan Do\u011fan, &hellip; <a href=\"https:\/\/akdenizolaygazetesi.com\/?p=10492\" class=\"more-link\">Devam\u0131n\u0131 Oku&#8230;<\/a><\/p>\n","protected":false},"author":2,"featured_media":10493,"comment_status":"open","ping_status":"open","sticky":false,"template":"","format":"standard","meta":[],"categories":[34,1,2,5,9],"tags":[],"_links":{"self":[{"href":"https:\/\/akdenizolaygazetesi.com\/index.php?rest_route=\/wp\/v2\/posts\/10492"}],"collection":[{"href":"https:\/\/akdenizolaygazetesi.com\/index.php?rest_route=\/wp\/v2\/posts"}],"about":[{"href":"https:\/\/akdenizolaygazetesi.com\/index.php?rest_route=\/wp\/v2\/types\/post"}],"author":[{"embeddable":true,"href":"https:\/\/akdenizolaygazetesi.com\/index.php?rest_route=\/wp\/v2\/users\/2"}],"replies":[{"embeddable":true,"href":"https:\/\/akdenizolaygazetesi.com\/index.php?rest_route=%2Fwp%2Fv2%2Fcomments&post=10492"}],"version-history":[{"count":1,"href":"https:\/\/akdenizolaygazetesi.com\/index.php?rest_route=\/wp\/v2\/posts\/10492\/revisions"}],"predecessor-version":[{"id":10494,"href":"https:\/\/akdenizolaygazetesi.com\/index.php?rest_route=\/wp\/v2\/posts\/10492\/revisions\/10494"}],"wp:featuredmedia":[{"embeddable":true,"href":"https:\/\/akdenizolaygazetesi.com\/index.php?rest_route=\/wp\/v2\/media\/10493"}],"wp:attachment":[{"href":"https:\/\/akdenizolaygazetesi.com\/index.php?rest_route=%2Fwp%2Fv2%2Fmedia&parent=10492"}],"wp:term":[{"taxonomy":"category","embeddable":true,"href":"https:\/\/akdenizolaygazetesi.com\/index.php?rest_route=%2Fwp%2Fv2%2Fcategories&post=10492"},{"taxonomy":"post_tag","embeddable":true,"href":"https:\/\/akdenizolaygazetesi.com\/index.php?rest_route=%2Fwp%2Fv2%2Ftags&post=10492"}],"curies":[{"name":"wp","href":"https:\/\/api.w.org\/{rel}","templated":true}]}}