{"id":10495,"date":"2021-02-04T16:50:04","date_gmt":"2021-02-04T13:50:04","guid":{"rendered":"http:\/\/akdenizolaygazetesi.com\/?p=10495"},"modified":"2021-02-04T16:50:04","modified_gmt":"2021-02-04T13:50:04","slug":"baro-baskani-bilgin-yesilbogaz-anayasa-degisikligi-talebinde-iyi-niyet-korunmalidir","status":"publish","type":"post","link":"https:\/\/akdenizolaygazetesi.com\/?p=10495","title":{"rendered":"BARO BA\u015eKANI B\u0130LG\u0130N YE\u015e\u0130LBO\u011eAZ:     ANAYASA DE\u011e\u0130\u015e\u0130KL\u0130\u011e\u0130 TALEB\u0130NDE \u0130Y\u0130 N\u0130YET KORUNMALIDIR"},"content":{"rendered":"<p>Mersin Barosu Ba\u015fkan\u0131 Bilgin Ye\u015filbo\u011faz, hukuk devletinin, demokrasinin, din ve vicdan \u00f6zg\u00fcrl\u00fc\u011f\u00fcn\u00fcn teminat\u0131 olan \u2018laiklik\u2019 ilkesinin Anayasaya girerek, Cumhuriyetin temel nitelikleri aras\u0131nda yer almas\u0131n\u0131n 84. y\u0131ld\u00f6n\u00fcm\u00fc nedeniyle yaz\u0131l\u0131 a\u00e7\u0131klama yapt\u0131.<\/p>\n<p>\u201cHUKUK\u00c7ULAR\u2019IN G\u00d6R\u00dc\u015e\u00dcN\u00dc ALMADAN,TOPLUMSAL UZLA\u015eMA SA\u011eLANMADAN ANAYA DE\u011e\u0130\u015e\u0130KL\u0130\u011e\u0130 \u0130\u00c7\u0130N HAREKETE GE\u00c7MEK, ANAYASANIN K\u0130\u015e\u0130EL \u00c7IKARLAR \u0130\u00c7\u0130N YAPILACAK \u0130STENMES\u0130 D\u00dc\u015e\u00dcNCES\u0130N\u0130 DO\u011eURMU\u015eTUR\u2019\u2019<\/p>\n<p>Ye\u015filbo\u011faz, a\u00e7\u0131klamas\u0131nda siyasi iradenin g\u00fcndeme getirdi\u011fi Anayasa de\u011fi\u015fikli\u011fini de\u011ferlendirerek Anayasa de\u011fi\u015fikli\u011fi talebinde iyi niyetin korunmas\u0131n\u0131 vurgulad\u0131.<\/p>\n<p>Mersin Baro Ba\u015fkan\u0131, a\u00e7\u0131klamas\u0131nda \u015fu c\u00fcmleleri kulland\u0131:  \u201c1924 Anayasas\u0131\u2019nda 5 \u015eubat 1937 tarihinde yap\u0131lan de\u011fi\u015fiklikle kabul edilen laiklik ilkesi, 1961 ve 1982 Anayasalar\u0131nda devletin de\u011fi\u015ftirilemez temel nitelikleri aras\u0131nda yer alm\u0131\u015ft\u0131r.  Ancak g\u00fcn\u00fcm\u00fczde Anayasa\u2019n\u0131n de\u011fi\u015ftirilemez h\u00fck\u00fcmleri, \u00fclkenin b\u00fct\u00fcnl\u00fc\u011f\u00fcn\u00fc, ulusun birli\u011fini, Cumhuriyet\u2019in kurulu\u015f ilkelerini, kuvvetler ayr\u0131l\u0131\u011f\u0131n\u0131, parlamenter rejimi ve laikli\u011fi g\u00fcvence alt\u0131na alan h\u00fck\u00fcmler tek tek ortadan kald\u0131r\u0131lmaktad\u0131r. Ayr\u0131ca siyasi iradenin kendini merkez olarak g\u00f6rerek gelen gelir anlay\u0131\u015f\u0131 ile anayasa de\u011fi\u015fikli\u011fini gidece\u011fini belirtmesi, toplumun t\u00fcm kesimiyle g\u00f6r\u00fc\u015fmeden, hukuk\u00e7ular\u0131n g\u00f6r\u00fc\u015f\u00fcn\u00fc almadan, toplumsal uzla\u015fma sa\u011flanmadan Anayasa de\u011fi\u015fikli\u011fi i\u00e7in harekete ge\u00e7ebilece\u011fi y\u00f6n\u00fcndeki a\u00e7\u0131klamas\u0131, Anayasa de\u011fi\u015fikli\u011finin toplum yarar\u0131 g\u00f6zetilerek de\u011fil, ki\u015fisel \u00e7\u0131karlar i\u00e7in yap\u0131lacak istenmesi d\u00fc\u015f\u00fcncesini do\u011furmu\u015ftur. Yarg\u0131 reformu ve Anayasa de\u011fi\u015fikli\u011fi talebinde \u00f6ncelikle iyi niyet ve samimiyet korunmal\u0131d\u0131r. Laikli\u011fin sa\u011flad\u0131\u011f\u0131 \u00f6zg\u00fcr, e\u015fit ve bar\u0131\u015f i\u00e7inde ya\u015fam herkese laz\u0131m. Atat\u00fcrk\u2019\u00fcn kurdu\u011fu modern T\u00fcrkiye Cumhuriyeti Devleti\u2019nin niteliklerinin de\u011fi\u015ftirilmesine, laiklik ilkesinin zedelenmesine, hukuk\u00e7ular ve ayd\u0131n insanlar asla izin vermeyecektir. Laikli\u011fin 84. y\u0131l\u0131 kutlu olsun, daim olsun. T\u00fcrkiye Cumhuriyeti Devleti\u2019ni kurarken, laikli\u011fi temel ilke yapan Mustafa Kemal Atat\u00fcrk\u2019\u00fc sayg\u0131yla, \u015f\u00fckranla ve rahmetle an\u0131yorum.\u2019\u2019<\/p>\n","protected":false},"excerpt":{"rendered":"<p>Mersin Barosu Ba\u015fkan\u0131 Bilgin Ye\u015filbo\u011faz, hukuk devletinin, demokrasinin, din ve vicdan \u00f6zg\u00fcrl\u00fc\u011f\u00fcn\u00fcn teminat\u0131 olan \u2018laiklik\u2019 ilkesinin Anayasaya girerek, Cumhuriyetin temel nitelikleri aras\u0131nda yer almas\u0131n\u0131n 84. y\u0131ld\u00f6n\u00fcm\u00fc nedeniyle yaz\u0131l\u0131 a\u00e7\u0131klama yapt\u0131. &hellip; <a href=\"https:\/\/akdenizolaygazetesi.com\/?p=10495\" class=\"more-link\">Devam\u0131n\u0131 Oku&#8230;<\/a><\/p>\n","protected":false},"author":2,"featured_media":10497,"comment_status":"open","ping_status":"open","sticky":false,"template":"","format":"standard","meta":[],"categories":[34,1,2,3,5,6],"tags":[],"_links":{"self":[{"href":"https:\/\/akdenizolaygazetesi.com\/index.php?rest_route=\/wp\/v2\/posts\/10495"}],"collection":[{"href":"https:\/\/akdenizolaygazetesi.com\/index.php?rest_route=\/wp\/v2\/posts"}],"about":[{"href":"https:\/\/akdenizolaygazetesi.com\/index.php?rest_route=\/wp\/v2\/types\/post"}],"author":[{"embeddable":true,"href":"https:\/\/akdenizolaygazetesi.com\/index.php?rest_route=\/wp\/v2\/users\/2"}],"replies":[{"embeddable":true,"href":"https:\/\/akdenizolaygazetesi.com\/index.php?rest_route=%2Fwp%2Fv2%2Fcomments&post=10495"}],"version-history":[{"count":1,"href":"https:\/\/akdenizolaygazetesi.com\/index.php?rest_route=\/wp\/v2\/posts\/10495\/revisions"}],"predecessor-version":[{"id":10498,"href":"https:\/\/akdenizolaygazetesi.com\/index.php?rest_route=\/wp\/v2\/posts\/10495\/revisions\/10498"}],"wp:featuredmedia":[{"embeddable":true,"href":"https:\/\/akdenizolaygazetesi.com\/index.php?rest_route=\/wp\/v2\/media\/10497"}],"wp:attachment":[{"href":"https:\/\/akdenizolaygazetesi.com\/index.php?rest_route=%2Fwp%2Fv2%2Fmedia&parent=10495"}],"wp:term":[{"taxonomy":"category","embeddable":true,"href":"https:\/\/akdenizolaygazetesi.com\/index.php?rest_route=%2Fwp%2Fv2%2Fcategories&post=10495"},{"taxonomy":"post_tag","embeddable":true,"href":"https:\/\/akdenizolaygazetesi.com\/index.php?rest_route=%2Fwp%2Fv2%2Ftags&post=10495"}],"curies":[{"name":"wp","href":"https:\/\/api.w.org\/{rel}","templated":true}]}}