{"id":10499,"date":"2021-02-04T16:58:00","date_gmt":"2021-02-04T13:58:00","guid":{"rendered":"http:\/\/akdenizolaygazetesi.com\/?p=10499"},"modified":"2021-02-04T16:58:00","modified_gmt":"2021-02-04T13:58:00","slug":"mersinliler-baskan-tarhanin-acisini-paylasti","status":"publish","type":"post","link":"https:\/\/akdenizolaygazetesi.com\/?p=10499","title":{"rendered":"Mersinliler Ba\u015fkan Tarhan\u2019\u0131n ac\u0131s\u0131n\u0131 payla\u015ft\u0131"},"content":{"rendered":"<p>Mezitli Belediye Ba\u015fkan\u0131 Ne\u015fet Tarhan, ge\u00e7ti\u011fimiz g\u00fcnlerde hayat\u0131n\u0131 kaybeden a\u011fabeyi Adana \u0130ller Bankas\u0131 emekli B\u00f6lge M\u00fcd\u00fcr Yard\u0131mc\u0131s\u0131 ve i\u015f insan\u0131 Yahya Necati Tarhan\u2019\u0131n vefat\u0131 nedeniyle taziye kabul etti. Mezitli Belediyesi Emekli Evi\u2019nin yan\u0131nda ger\u00e7ekle\u015fen taziye merasiminde; farkl\u0131 siyasi \u00e7evrelerden, i\u015f d\u00fcnyas\u0131na kadar Mersin ve b\u00f6lge illerden binlerce vatanda\u015f Ba\u015fkan Tarhan\u2019\u0131 yaln\u0131z b\u0131rakmad\u0131. Koronavir\u00fcs \u00f6nemleri kapsam\u0131nda maske ve mesafe kurallar\u0131na uyularak ger\u00e7ekle\u015fen taziye yakla\u015f\u0131k 3 saat s\u00fcrd\u00fc. \u00dcretici kad\u0131nlar  yanlar\u0131nda getirdikleri nergis \u00e7i\u00e7e\u011fini Ba\u015fkan Tarhan\u2019a sunarak ac\u0131lar\u0131n\u0131 payla\u015ft\u0131.<\/p>\n<p>Ailesi ve kendi ad\u0131na te\u015fekk\u00fcr mesaj\u0131 payla\u015fan Ba\u015fkan Tarhan, \u201cCanan TARHAN\u2019\u0131n sevgili e\u015fi, Evrim ve Ufuk \u00d6ZTURGUT\u2019un babalar\u0131, Nisan \u00d6ZTURGUT\u2019un b\u00fcy\u00fckbabas\u0131, CHP Adana merhum Milletvekili Nedim TARHAN, Leman TOSUN ve \u0130merULA\u015eTIR\u2019\u0131n a\u011fabeyleri Adana \u0130ller Bankas\u0131 emekli B\u00f6lge M\u00fcd\u00fcr Yard\u0131mc\u0131s\u0131 ve i\u015f insan\u0131 de\u011ferli a\u011fabeyim Yahya Necati TARHAN\u2019\u0131n  vefat\u0131 dolay\u0131s\u0131yla cenaze t\u00f6renine ve taziyeye gelerek, telefonla arayarak, \u00e7i\u00e7ek ve mesaj g\u00f6ndererek ac\u0131m\u0131z\u0131 payla\u015fan;CHP Genel Ba\u015fkan\u0131 Say\u0131n Kemal KILI\u00c7DARO\u011eLU\u2019na,Mersin Valisi Say\u0131n Ali \u0130hsan SU\u2019ya, CHP Genel Ba\u015fkan Yard\u0131mc\u0131lar\u0131 ve Parti Meclis \u00dcyelerine, CHP Kad\u0131n Kollar\u0131 Genel Ba\u015fkan\u0131 Aylin NAZLIKAYA\u2019ya, CHP Mersin Milletvekilleri Alpay ANTMEN, Cengiz G\u00d6K\u00c7EL ile eski Bakan ve Mersin Milletvekillerine,<br \/>\nAKP Mersin Milletvekili Hac\u0131 \u00d6ZKAN, MHP Mersin Milletvekili Baki \u015e\u0130M\u015eEK ve \u0130Y\u0130 Parti Mersin Milletvekili Behi\u00e7 \u00c7EL\u0130K\u2019e, CHP Adana Milletvekilleri Ayhan BARUT, Burhanettin BULUT, Orhan S\u00dcMER, M\u00fczeyyen \u015eEVK\u0130N ile eski Bakan ve Adana Milletvekillerine, Osmaniye Milletvekili Baha \u00dcNL\u00dc ve di\u011fer milletvekillerine, Mersin Eski Valisi \u00d6zdemir \u00c7AKACAK\u2019a, Mersin CHP, AKP ve \u0130Y\u0130 Parti \u0130l ve \u0130l\u00e7e Ba\u015fkanlar\u0131na ve y\u00f6netimlerine, CHP Adana, Osmaniye, \u015eanl\u0131urfa ve di\u011fer \u0130l Ba\u015fkanlar\u0131 ve y\u00f6netimlerine, Mersin B\u00fcy\u00fck\u015fehir Belediye Ba\u015fkan\u0131 Vahap SE\u00c7ER, Adana B\u00fcy\u00fck\u015fehir Belediye Ba\u015fkan\u0131 Zeydan KARALAR, \u00c7ukurova, Seyhan, Tarsus, Yeni\u015fehir, Akdeniz, Toroslar, Mut, \u00c7aml\u0131yayla ve di\u011fer \u0130l\u00e7e Belediye Ba\u015fkanlar\u0131na ve eski Belediye Ba\u015fkanlar\u0131na, Mersin \u0130l ve \u0130l\u00e7e Emniyet M\u00fcd\u00fcrlerine, Mezitli Kaymakam\u0131 ve Daire M\u00fcd\u00fcrlerine, Mersin B\u00fcy\u00fck\u015fehir Belediyesi eski Ba\u015fkanlar\u0131ndan Macit \u00d6ZCAN ve Burhanettin KOCAMAZ\u2019a, KKTC Mersin Ba\u015fkonsolosuna, Mersin Barosu, MTSO, Mersin Ticaret Borsas\u0131, MES\u0130AD ve di\u011fer STK Ba\u015fkanlar\u0131 ile Sendika Ba\u015fkanlar\u0131na, T\u00fcrkiye Satran\u00e7 Federasyonu Ba\u015fkan\u0131 G\u00fclk\u0131zT\u00dcLAY\u2019a, Mersin ve Adana Gazeteciler Cemiyeti Ba\u015fkanlar\u0131na, CHP ve di\u011fer partiler \u0130l\u00e7e Ba\u015fkanlar\u0131 ve y\u00f6netimlerine, CHP eski \u0130l ve \u0130l\u00e7e Ba\u015fkanlar\u0131na, Mersin B\u00fcy\u00fck\u015fehir, Mezitli ve di\u011fer \u0130l\u00e7e Meclis \u00fcyelerine, Mezitli Muhtarlar\u0131 ile Mezitli Belediye \u00e7al\u0131\u015fanlar\u0131na, esnaf ve hem\u015ferilerimize, Yurdun d\u00f6rt bir yan\u0131ndan taziyelerini ileten t\u00fcm e\u015f dost ve akrabalar\u0131m\u0131za, Ac\u0131badem Adana Hastanesi Ba\u015fhekimi Prof.Dr.B\u00fclent SOYUPAK ile Do\u00e7.Dr.Umut D\u0130\u015eEL ve ekibine te\u015fekk\u00fcr ederiz\u201d dedi.<\/p>\n","protected":false},"excerpt":{"rendered":"<p>Mezitli Belediye Ba\u015fkan\u0131 Ne\u015fet Tarhan, ge\u00e7ti\u011fimiz g\u00fcnlerde hayat\u0131n\u0131 kaybeden a\u011fabeyi Adana \u0130ller Bankas\u0131 emekli B\u00f6lge M\u00fcd\u00fcr Yard\u0131mc\u0131s\u0131 ve i\u015f insan\u0131 Yahya Necati Tarhan\u2019\u0131n vefat\u0131 nedeniyle taziye kabul etti. Mezitli Belediyesi &hellip; <a href=\"https:\/\/akdenizolaygazetesi.com\/?p=10499\" class=\"more-link\">Devam\u0131n\u0131 Oku&#8230;<\/a><\/p>\n","protected":false},"author":2,"featured_media":10500,"comment_status":"open","ping_status":"open","sticky":false,"template":"","format":"standard","meta":[],"categories":[34,1,2,3,5],"tags":[],"_links":{"self":[{"href":"https:\/\/akdenizolaygazetesi.com\/index.php?rest_route=\/wp\/v2\/posts\/10499"}],"collection":[{"href":"https:\/\/akdenizolaygazetesi.com\/index.php?rest_route=\/wp\/v2\/posts"}],"about":[{"href":"https:\/\/akdenizolaygazetesi.com\/index.php?rest_route=\/wp\/v2\/types\/post"}],"author":[{"embeddable":true,"href":"https:\/\/akdenizolaygazetesi.com\/index.php?rest_route=\/wp\/v2\/users\/2"}],"replies":[{"embeddable":true,"href":"https:\/\/akdenizolaygazetesi.com\/index.php?rest_route=%2Fwp%2Fv2%2Fcomments&post=10499"}],"version-history":[{"count":1,"href":"https:\/\/akdenizolaygazetesi.com\/index.php?rest_route=\/wp\/v2\/posts\/10499\/revisions"}],"predecessor-version":[{"id":10501,"href":"https:\/\/akdenizolaygazetesi.com\/index.php?rest_route=\/wp\/v2\/posts\/10499\/revisions\/10501"}],"wp:featuredmedia":[{"embeddable":true,"href":"https:\/\/akdenizolaygazetesi.com\/index.php?rest_route=\/wp\/v2\/media\/10500"}],"wp:attachment":[{"href":"https:\/\/akdenizolaygazetesi.com\/index.php?rest_route=%2Fwp%2Fv2%2Fmedia&parent=10499"}],"wp:term":[{"taxonomy":"category","embeddable":true,"href":"https:\/\/akdenizolaygazetesi.com\/index.php?rest_route=%2Fwp%2Fv2%2Fcategories&post=10499"},{"taxonomy":"post_tag","embeddable":true,"href":"https:\/\/akdenizolaygazetesi.com\/index.php?rest_route=%2Fwp%2Fv2%2Ftags&post=10499"}],"curies":[{"name":"wp","href":"https:\/\/api.w.org\/{rel}","templated":true}]}}