{"id":10503,"date":"2021-02-04T17:06:37","date_gmt":"2021-02-04T14:06:37","guid":{"rendered":"http:\/\/akdenizolaygazetesi.com\/?p=10503"},"modified":"2021-02-04T17:06:37","modified_gmt":"2021-02-04T14:06:37","slug":"mersine-bmc-ana-bayiligi-aciliyor","status":"publish","type":"post","link":"https:\/\/akdenizolaygazetesi.com\/?p=10503","title":{"rendered":"MERS\u0130N\u2019E \u2018BMC\u2019 ANA BAY\u0130L\u0130\u011e\u0130 A\u00c7ILIYOR"},"content":{"rendered":"<p>K\u0131l\u0131\u00e7\u00e7\u0131o\u011flu \u015eirketler Grubu\u2019nun, Mersin BMC Ana bayili\u011fini ald\u0131\u011f\u0131 duyuruldu.<\/p>\n<p>FACEBOOK HESABINDAN KAMUOYU \u0130LE<br \/>\nPAYLA\u015eTI<\/p>\n<p>K\u0131l\u0131\u00e7\u00e7\u0131o\u011flu \u015eirketler Grubu Y\u00f6netim Kurulu Ba\u015fkan\u0131 Sabahattin K\u0131l\u0131\u00e7\u00e7\u0131o\u011flu, facebook hesab\u0131ndan yapt\u0131\u011f\u0131 a\u00e7\u0131klamada \u015fu c\u00fcmleleri kulland\u0131:<br \/>\n\u201cK\u0131l\u0131\u00e7\u00e7\u0131o\u011flu \u015eirketler Grubu olarak Mersin\u2019de BMC ara\u00e7lar\u0131n\u0131n ana bayili\u011fini alm\u0131\u015f bulunmaktay\u0131z. Mersin\u2019imize hay\u0131rl\u0131 u\u011furlu olsun.\u2019\u2019<\/p>\n<p>HANG\u0130 T\u00dcR ARA\u00c7LAR SATILACAK?<\/p>\n<p>A\u00e7\u0131lacak olan bayilikte BMC marka kamyon, t\u0131r, t\u0131r \u00e7ekicileri, k\u0131rk ayak kamyon, 10 teker kamyon, \u00e7ift \u00e7eker damper kamyonlar\u0131 gibi CE s\u0131n\u0131f\u0131 ehliyet gerektiren a\u011f\u0131r vas\u0131ta ara\u00e7lar vatanda\u015f\u0131n be\u011fenisine sunulacak. T\u00fcrkiye\u2019de geni\u015f servis ve yedek par\u00e7a a\u011f\u0131na sahip olan BMC, yerli ve milli bir marka olarak T\u00fcrk Silahl\u0131 Kuvvetleri\u2019ne de askeri ara\u00e7lar \u00fcretiyor. BMC\u2019nin ba\u015fta  Lojistik sekt\u00f6r\u00fc olmak \u00fczere Mersin ekonomisine \u00f6nemli bir katk\u0131larda bulunaca\u011f\u0131 belirtildi.<\/p>\n","protected":false},"excerpt":{"rendered":"<p>K\u0131l\u0131\u00e7\u00e7\u0131o\u011flu \u015eirketler Grubu\u2019nun, Mersin BMC Ana bayili\u011fini ald\u0131\u011f\u0131 duyuruldu. FACEBOOK HESABINDAN KAMUOYU \u0130LE PAYLA\u015eTI K\u0131l\u0131\u00e7\u00e7\u0131o\u011flu \u015eirketler Grubu Y\u00f6netim Kurulu Ba\u015fkan\u0131 Sabahattin K\u0131l\u0131\u00e7\u00e7\u0131o\u011flu, facebook hesab\u0131ndan yapt\u0131\u011f\u0131 a\u00e7\u0131klamada \u015fu c\u00fcmleleri kulland\u0131: \u201cK\u0131l\u0131\u00e7\u00e7\u0131o\u011flu &hellip; <a href=\"https:\/\/akdenizolaygazetesi.com\/?p=10503\" class=\"more-link\">Devam\u0131n\u0131 Oku&#8230;<\/a><\/p>\n","protected":false},"author":2,"featured_media":10504,"comment_status":"open","ping_status":"open","sticky":false,"template":"","format":"standard","meta":[],"categories":[8,34,1,2,3,5],"tags":[],"_links":{"self":[{"href":"https:\/\/akdenizolaygazetesi.com\/index.php?rest_route=\/wp\/v2\/posts\/10503"}],"collection":[{"href":"https:\/\/akdenizolaygazetesi.com\/index.php?rest_route=\/wp\/v2\/posts"}],"about":[{"href":"https:\/\/akdenizolaygazetesi.com\/index.php?rest_route=\/wp\/v2\/types\/post"}],"author":[{"embeddable":true,"href":"https:\/\/akdenizolaygazetesi.com\/index.php?rest_route=\/wp\/v2\/users\/2"}],"replies":[{"embeddable":true,"href":"https:\/\/akdenizolaygazetesi.com\/index.php?rest_route=%2Fwp%2Fv2%2Fcomments&post=10503"}],"version-history":[{"count":1,"href":"https:\/\/akdenizolaygazetesi.com\/index.php?rest_route=\/wp\/v2\/posts\/10503\/revisions"}],"predecessor-version":[{"id":10505,"href":"https:\/\/akdenizolaygazetesi.com\/index.php?rest_route=\/wp\/v2\/posts\/10503\/revisions\/10505"}],"wp:featuredmedia":[{"embeddable":true,"href":"https:\/\/akdenizolaygazetesi.com\/index.php?rest_route=\/wp\/v2\/media\/10504"}],"wp:attachment":[{"href":"https:\/\/akdenizolaygazetesi.com\/index.php?rest_route=%2Fwp%2Fv2%2Fmedia&parent=10503"}],"wp:term":[{"taxonomy":"category","embeddable":true,"href":"https:\/\/akdenizolaygazetesi.com\/index.php?rest_route=%2Fwp%2Fv2%2Fcategories&post=10503"},{"taxonomy":"post_tag","embeddable":true,"href":"https:\/\/akdenizolaygazetesi.com\/index.php?rest_route=%2Fwp%2Fv2%2Ftags&post=10503"}],"curies":[{"name":"wp","href":"https:\/\/api.w.org\/{rel}","templated":true}]}}