{"id":10509,"date":"2021-02-05T12:42:56","date_gmt":"2021-02-05T09:42:56","guid":{"rendered":"http:\/\/akdenizolaygazetesi.com\/?p=10509"},"modified":"2021-02-05T12:42:56","modified_gmt":"2021-02-05T09:42:56","slug":"kariyer-merkezinden-perakende-sektorunun-oncusuyle-isbirligi","status":"publish","type":"post","link":"https:\/\/akdenizolaygazetesi.com\/?p=10509","title":{"rendered":"KAR\u0130YER MERKEZ\u0130\u2019NDEN PERAKENDE SEKT\u00d6R\u00dcN\u00dcN \u00d6NC\u00dcS\u00dcYLE \u0130\u015eB\u0130RL\u0130\u011e\u0130"},"content":{"rendered":"<p>B\u00fcy\u00fck\u015fehir Belediyesi Kariyer Merkezi\u2019nin koordinesinde, Mersin\u2019deki \u00fcniversiteler ve Migros i\u015fbirli\u011finde \u00fcniversite son s\u0131n\u0131f \u00f6\u011frencilerini gelece\u011fe haz\u0131rlamak amac\u0131yla Migros MAYA Staj Program\u0131 hayata ge\u00e7iriliyor. Bu kapsamda, son s\u0131n\u0131fta okuyan \u00fcniversite \u00f6\u011frencileri Migros b\u00fcnyesine al\u0131narak i\u015f ve kariyer f\u0131rsat\u0131 sunuluyor.<\/p>\n<p>B\u00fcy\u00fck\u015fehir Belediye Ba\u015fkan\u0131 Vahap Se\u00e7er\u2019in \u00f6nc\u00fcl\u00fc\u011f\u00fcnde kurulan Kariyer Merkezi, Mersin\u2019de i\u015f arayanlara, \u00f6\u011frencilere ve i\u015fverenlere y\u00f6nelik fark yaratacak etkinliklere imza atmaya devam ediyor. Kariyer Merkezi koordinesinde Mersin, Tarsus, \u00c7a\u011f ve Toros \u00dcniversitesi ile Migros i\u015fbirli\u011finde, \u00fcniversite son s\u0131n\u0131f \u00f6\u011frencilerini gelece\u011fe haz\u0131rlamak amac\u0131yla Migros MAYA Staj Program\u0131 hayata ge\u00e7iriliyor. Staj program\u0131 kapsam\u0131nda, son s\u0131n\u0131fta okuyan \u00fcniversite \u00f6\u011frencileri Migros b\u00fcnyesine al\u0131narak i\u015f ve kariyer f\u0131rsat\u0131 sunuluyor.<\/p>\n<p>\u00d6\u011frenciler y\u00fcz y\u00fcze m\u00fclakat s\u00fcreci ge\u00e7irdi<\/p>\n<p>Kariyer Merkezi M\u00fcd\u00fcr\u00fc Serkan \u00d6zada, kuruldu\u011fu g\u00fcnden beri \u00fcniversitelerle ve \u00f6zel kurulu\u015flarla i\u015fbirli\u011fini her g\u00fcn daha da geli\u015ftirdikleri ifade ederek, T\u00fcrkiye\u2019nin perakende sekt\u00f6r\u00fcndeki en b\u00fcy\u00fck kurulu\u015flar\u0131ndan biri olan Migros\u2019un MAYA Staj Program\u0131\u2019n\u0131n \u00f6\u011frencilerin kariyer hayat\u0131na y\u00f6n verdi\u011fini belirtti.<\/p>\n<p>\u0130\u015fbirli\u011fi kapsam\u0131nda kat\u0131l\u0131m g\u00f6steren \u00f6\u011frenciler \u00f6n elemeden ge\u00e7ti. 9 \u00fcniversite son s\u0131n\u0131f \u00f6\u011frencisi ise y\u00fcz y\u00fcze m\u00fclakat s\u00fcrecine kat\u0131ld\u0131. \u00d6\u011frenciler ger\u00e7ekle\u015ftirilen etkinlikte firmalar\u0131 tan\u0131ma f\u0131rsat\u0131 bulduklar\u0131n\u0131, \u00f6zellikle pandemi s\u00fcrecinde daralan ekonomiyi de d\u00fc\u015f\u00fcn\u00fcnce bu t\u00fcr etkinliklerin b\u00fcy\u00fck f\u0131rsat oldu\u011funu ifade etti.<\/p>\n<p>Migros Do\u011fu Akdeniz \u0130nsan Kaynaklar\u0131 M\u00fcd\u00fcr\u00fc Koray \u00d6zdemir ise Kariyer Merkezi\u2019nin insan kaynaklar\u0131 alan\u0131nda yapm\u0131\u015f oldu\u011fu \u00e7al\u0131\u015fmalar, m\u00fclakat sim\u00fclasyonlar\u0131 ve \u00fcniversitelerle koordinasyonun \u00f6zel sekt\u00f6r firmalar\u0131 i\u00e7in b\u00fcy\u00fck f\u0131rsat sundu\u011funu belirtti. \u00d6zdemir, Migros MAYA Staj Program\u0131\u2019n\u0131n \u00fcniversite son s\u0131n\u0131f \u00f6\u011frencilerini Migros b\u00fcnyesine katarak daha \u00fcniversite hayat\u0131nda \u00f6\u011frencilere i\u015f ve kariyer f\u0131rsat\u0131 sunan bir program oldu\u011funu kaydederek, T\u00fcrkiye\u2019de hayata ge\u00e7irilen projede, Mersin\u2019de sadece B\u00fcy\u00fck\u015fehir Belediyesi ile i\u015fbirli\u011fi yap\u0131ld\u0131\u011f\u0131n\u0131 s\u00f6yledi.<\/p>\n","protected":false},"excerpt":{"rendered":"<p>B\u00fcy\u00fck\u015fehir Belediyesi Kariyer Merkezi\u2019nin koordinesinde, Mersin\u2019deki \u00fcniversiteler ve Migros i\u015fbirli\u011finde \u00fcniversite son s\u0131n\u0131f \u00f6\u011frencilerini gelece\u011fe haz\u0131rlamak amac\u0131yla Migros MAYA Staj Program\u0131 hayata ge\u00e7iriliyor. Bu kapsamda, son s\u0131n\u0131fta okuyan \u00fcniversite \u00f6\u011frencileri &hellip; <a href=\"https:\/\/akdenizolaygazetesi.com\/?p=10509\" class=\"more-link\">Devam\u0131n\u0131 Oku&#8230;<\/a><\/p>\n","protected":false},"author":2,"featured_media":10510,"comment_status":"open","ping_status":"open","sticky":false,"template":"","format":"standard","meta":[],"categories":[8,34,1,2,3,5],"tags":[],"_links":{"self":[{"href":"https:\/\/akdenizolaygazetesi.com\/index.php?rest_route=\/wp\/v2\/posts\/10509"}],"collection":[{"href":"https:\/\/akdenizolaygazetesi.com\/index.php?rest_route=\/wp\/v2\/posts"}],"about":[{"href":"https:\/\/akdenizolaygazetesi.com\/index.php?rest_route=\/wp\/v2\/types\/post"}],"author":[{"embeddable":true,"href":"https:\/\/akdenizolaygazetesi.com\/index.php?rest_route=\/wp\/v2\/users\/2"}],"replies":[{"embeddable":true,"href":"https:\/\/akdenizolaygazetesi.com\/index.php?rest_route=%2Fwp%2Fv2%2Fcomments&post=10509"}],"version-history":[{"count":1,"href":"https:\/\/akdenizolaygazetesi.com\/index.php?rest_route=\/wp\/v2\/posts\/10509\/revisions"}],"predecessor-version":[{"id":10511,"href":"https:\/\/akdenizolaygazetesi.com\/index.php?rest_route=\/wp\/v2\/posts\/10509\/revisions\/10511"}],"wp:featuredmedia":[{"embeddable":true,"href":"https:\/\/akdenizolaygazetesi.com\/index.php?rest_route=\/wp\/v2\/media\/10510"}],"wp:attachment":[{"href":"https:\/\/akdenizolaygazetesi.com\/index.php?rest_route=%2Fwp%2Fv2%2Fmedia&parent=10509"}],"wp:term":[{"taxonomy":"category","embeddable":true,"href":"https:\/\/akdenizolaygazetesi.com\/index.php?rest_route=%2Fwp%2Fv2%2Fcategories&post=10509"},{"taxonomy":"post_tag","embeddable":true,"href":"https:\/\/akdenizolaygazetesi.com\/index.php?rest_route=%2Fwp%2Fv2%2Ftags&post=10509"}],"curies":[{"name":"wp","href":"https:\/\/api.w.org\/{rel}","templated":true}]}}