{"id":1051,"date":"2020-11-04T18:21:38","date_gmt":"2020-11-04T15:21:38","guid":{"rendered":"http:\/\/mersinekonomipolitikagazetesi.com\/?p=1051"},"modified":"2020-11-04T18:21:38","modified_gmt":"2020-11-04T15:21:38","slug":"mersinde-pkk-operasyonu-18-gozalti","status":"publish","type":"post","link":"https:\/\/akdenizolaygazetesi.com\/?p=1051","title":{"rendered":"Mersin&#8217;de PKK operasyonu: 18 g\u00f6zalt\u0131"},"content":{"rendered":"<p>Mersin merkezli 3 ilde ter\u00f6r \u00f6rg\u00fct\u00fc PKK&#8217;ya y\u00f6nelik d\u00fczenlenen operasyonlarda, \u00f6rg\u00fct\u00fcn gen\u00e7lik yap\u0131lanmas\u0131 i\u00e7erisinde faaliyet y\u00fcr\u00fctt\u00fckleri belirlenen 31 ki\u015fiden 18&#8217;i g\u00f6zalt\u0131na al\u0131nd\u0131.<\/p>\n<p>Mersin Cumhuriyet Ba\u015fsavc\u0131l\u0131\u011f\u0131ndan yap\u0131lan a\u00e7\u0131klamaya g\u00f6re, b\u00f6l\u00fcc\u00fc ter\u00f6r \u00f6rg\u00fct\u00fcn\u00fcn k\u0131rsal yap\u0131lanmas\u0131 i\u00e7erisinde silahl\u0131 faaliyet y\u00fcr\u00fctt\u00fckten sonra Mersin&#8217;e d\u00f6nen ve \u00f6rg\u00fct\u00fcn gen\u00e7lik yap\u0131lanmas\u0131 (YDG-H) b\u00fcnyesinde yer ald\u0131klar\u0131 ve sosyal medya hesaplar\u0131 \u00fczerinden ter\u00f6r \u00f6rg\u00fct\u00fcn\u00fcn propagandas\u0131n\u0131 yapt\u0131klar\u0131 belirlenen 31 ki\u015finin yakalanmas\u0131 i\u00e7in \u00e7al\u0131\u015fma ba\u015flat\u0131ld\u0131.<br \/>\nSoru\u015fturma kapsam\u0131nda, Mersin&#8217;de 7 Mart tarihinde el yap\u0131m\u0131 patlay\u0131c\u0131yla ger\u00e7ekle\u015ftirilen sald\u0131r\u0131da parmak izi tespit edilen ve ter\u00f6r \u00f6rg\u00fct\u00fc propagandas\u0131na d\u00f6n\u00fc\u015fen eylemlere kat\u0131larak g\u00f6r\u00fcnt\u00fclenen \u015f\u00fcphelilerin yakalanmas\u0131 i\u00e7in Mersin, Diyarbak\u0131r ve Eski\u015fehir&#8217;de e\u015f zamanl\u0131 d\u00fczenlenen operasyonlarda 18 ki\u015fi g\u00f6zalt\u0131na al\u0131nd\u0131. \u015e\u00fcphelilerin ev ve \u00fcst aramalar\u0131nda, \u00f6rg\u00fctsel oldu\u011fu de\u011ferlendirilen kitap, \u00f6rg\u00fct\u00fc simgeleyen bez par\u00e7as\u0131, 16 adet 9 milimetre \u00e7ap\u0131nda fi\u015fek ve dijital malzemeler ele ge\u00e7irildi.<br \/>\n1 \u015f\u00fcpheli hakk\u0131nda Eski\u015fehir TEM \u015eube M\u00fcd\u00fcrl\u00fc\u011f\u00fcnden bilgi beklendi\u011fi, 12 ki\u015finin ise arand\u0131\u011f\u0131 bildirildi.<\/p>\n","protected":false},"excerpt":{"rendered":"<p>Mersin merkezli 3 ilde ter\u00f6r \u00f6rg\u00fct\u00fc PKK&#8217;ya y\u00f6nelik d\u00fczenlenen operasyonlarda, \u00f6rg\u00fct\u00fcn gen\u00e7lik yap\u0131lanmas\u0131 i\u00e7erisinde faaliyet y\u00fcr\u00fctt\u00fckleri belirlenen 31 ki\u015fiden 18&#8217;i g\u00f6zalt\u0131na al\u0131nd\u0131. Mersin Cumhuriyet Ba\u015fsavc\u0131l\u0131\u011f\u0131ndan yap\u0131lan a\u00e7\u0131klamaya g\u00f6re, b\u00f6l\u00fcc\u00fc ter\u00f6r &hellip; <a href=\"https:\/\/akdenizolaygazetesi.com\/?p=1051\" class=\"more-link\">Devam\u0131n\u0131 Oku&#8230;<\/a><\/p>\n","protected":false},"author":1,"featured_media":0,"comment_status":"open","ping_status":"open","sticky":false,"template":"","format":"standard","meta":[],"categories":[],"tags":[],"_links":{"self":[{"href":"https:\/\/akdenizolaygazetesi.com\/index.php?rest_route=\/wp\/v2\/posts\/1051"}],"collection":[{"href":"https:\/\/akdenizolaygazetesi.com\/index.php?rest_route=\/wp\/v2\/posts"}],"about":[{"href":"https:\/\/akdenizolaygazetesi.com\/index.php?rest_route=\/wp\/v2\/types\/post"}],"author":[{"embeddable":true,"href":"https:\/\/akdenizolaygazetesi.com\/index.php?rest_route=\/wp\/v2\/users\/1"}],"replies":[{"embeddable":true,"href":"https:\/\/akdenizolaygazetesi.com\/index.php?rest_route=%2Fwp%2Fv2%2Fcomments&post=1051"}],"version-history":[{"count":0,"href":"https:\/\/akdenizolaygazetesi.com\/index.php?rest_route=\/wp\/v2\/posts\/1051\/revisions"}],"wp:attachment":[{"href":"https:\/\/akdenizolaygazetesi.com\/index.php?rest_route=%2Fwp%2Fv2%2Fmedia&parent=1051"}],"wp:term":[{"taxonomy":"category","embeddable":true,"href":"https:\/\/akdenizolaygazetesi.com\/index.php?rest_route=%2Fwp%2Fv2%2Fcategories&post=1051"},{"taxonomy":"post_tag","embeddable":true,"href":"https:\/\/akdenizolaygazetesi.com\/index.php?rest_route=%2Fwp%2Fv2%2Ftags&post=1051"}],"curies":[{"name":"wp","href":"https:\/\/api.w.org\/{rel}","templated":true}]}}