{"id":10515,"date":"2021-02-05T12:53:25","date_gmt":"2021-02-05T09:53:25","guid":{"rendered":"http:\/\/akdenizolaygazetesi.com\/?p=10515"},"modified":"2021-02-05T12:53:25","modified_gmt":"2021-02-05T09:53:25","slug":"akdeniz-belediyesi-egitim-akademisinden-ogrencilere-egitim-hizmeti","status":"publish","type":"post","link":"https:\/\/akdenizolaygazetesi.com\/?p=10515","title":{"rendered":"AKDEN\u0130Z BELED\u0130YES\u0130 E\u011e\u0130T\u0130M AKADEM\u0130S\u0130\u2019NDEN \u00d6\u011eRENC\u0130LERE E\u011e\u0130T\u0130M H\u0130ZMET\u0130"},"content":{"rendered":"<p>Akdeniz Belediyesi; \u00f6\u011frencilerin girecekleri s\u0131navlara daha iyi haz\u0131rlanabilmelerine destek vermek,<br \/>\nkendilerini daha iyi geli\u015ftirmelerini ve ba\u015far\u0131lar\u0131n\u0131 artt\u0131rmak amac\u0131yla Mersin\u2019de bir ilke daha imza<br \/>\nat\u0131yor.<\/p>\n<p>Akdeniz Belediyesi K\u00fclt\u00fcr ve Sosyal \u0130\u015fler M\u00fcd\u00fcrl\u00fc\u011f\u00fc taraf\u0131ndan, Y\u00fcksek\u00f6\u011fretim Kurumlar\u0131<br \/>\nS\u0131nav\u0131\u2019NA (YKS) haz\u0131rlanan Akdenizli \u00f6\u011frenciler i\u00e7in \u00fccretsiz e\u011fitim hizmeti sunulacak. E\u011fitimden;<br \/>\nlise mezunu ile lise son s\u0131n\u0131f \u00f6\u011frencileri faydalanabilecek. Mezun \u00f6\u011frencilerin, kimlik, ikametg\u00e2h<br \/>\nve mezuniyet belgeleri ile birlikte, (0324-3366583) numaral\u0131 \u00e7a\u011fr\u0131 merkezine ba\u015fvuru yapmalar\u0131<br \/>\ngerekiyor. Akdeniz Belediyesi E\u011fitim Akademisi\u2019nin \u00e7evrimi\u00e7i e\u011fitim imk\u00e2n\u0131ndan faydalanmak<br \/>\nisteyen lise son s\u0131n\u0131f \u00f6\u011frencileri ise, \u00f6\u011frenim g\u00f6rd\u00fckleri okul m\u00fcd\u00fcrl\u00fckleri \u00fczerinden ba\u015fvuru<br \/>\nyapabilecek.<\/p>\n<p>Son ba\u015fvuru tarihi 10 \u015eubat 2021<\/p>\n<p>YKS\u2019ye haz\u0131rlanan \u00f6\u011frenciler yarar\u0131na, Akdeniz Belediyesi E\u011fitim Akademisi\u2019nin sundu\u011fu e\u011fitim<br \/>\nf\u0131rsat\u0131ndan faydalanmak isteyen \u00f6\u011frenciler i\u00e7in son ba\u015fvuru tarihi, 10 \u015eubat 2021 \u00c7ar\u015famba g\u00fcn\u00fc<br \/>\nsona eriyor. E\u011fitim kurslar\u0131n\u0131 almak veya konu hakk\u0131nda daha ayr\u0131nt\u0131l\u0131 bilgi almak isteyen<br \/>\n\u00f6\u011frenciler, Akdeniz Belediyesi\u2019nin (0324-336 6583) numaras\u0131 \u00fczerinden \u00e7a\u011fr\u0131 merkezini<br \/>\narayabilir.<\/p>\n<p>Ba\u015fkan G\u00fcltak\u2019tan \u00f6\u011frencilere \u00e7a\u011fr\u0131: Bu f\u0131rsat\u0131 kesinlikle ka\u00e7\u0131rmay\u0131n!<\/p>\n<p>Akdeniz Belediye Ba\u015fkan\u0131 M. Mustafa G\u00fcltak; YKS\u2019ye haz\u0131rlanan \u00f6\u011frenciler ve ailelerine yapt\u0131\u011f\u0131<br \/>\n\u00e7a\u011fr\u0131da, K\u00fclt\u00fcr ve Sosyal \u0130\u015fler M\u00fcd\u00fcrl\u00fc\u011f\u00fc taraf\u0131ndan sa\u011flanan f\u0131rsattan faydalanmalar\u0131<br \/>\ntavsiyesinde bulundu. \u201cT\u00fcm d\u00fcnyay\u0131 etkisi alt\u0131na alan Koronavir\u00fcs salg\u0131n\u0131 nedeniyle \u00fclke olarak<br \/>\nbizler de zor g\u00fcnler ya\u015f\u0131yoruz. Tabi Pandemi ile m\u00fccadele s\u00fcrecinden hemen herkes gibi<br \/>\ne\u011fitimcilerimiz ve \u00f6\u011frencilerimiz de olumsuz etkilendi\u201d diyen Ba\u015fkan G\u00fcltak, a\u00e7\u0131klamas\u0131n\u0131 \u015f\u00f6yle<br \/>\ns\u00fcrd\u00fcrd\u00fc;<br \/>\nBizler de gen\u00e7lerimizin e\u011fitimi ve s\u0131navlara haz\u0131rl\u0131klar\u0131nda onlara destek olmak ve ba\u015far\u0131lar\u0131n\u0131<br \/>\nartt\u0131rmak amac\u0131yla, Akdeniz Belediyesi E\u011fitim Akademimiz taraf\u0131ndan, \u00fccretsiz YKS\u2019ye haz\u0131rl\u0131k<br \/>\nimk\u00e2n\u0131 sunaca\u011f\u0131z. S\u0131navlara haz\u0131rlanan Akdenizli gen\u00e7lerimize sa\u011flad\u0131\u011f\u0131m\u0131z bu e\u011fitim sayesinde,<br \/>\nderslerini kolayl\u0131kla takip edebilecek, deneme s\u0131navlar\u0131na da kat\u0131labilecekler. Bu sayede bir<br \/>\nyandan kendilerini geli\u015ftirirken, girecekleri s\u0131navlara da \u00e7ok daha iyi haz\u0131rlanm\u0131\u015f olacaklar\u201d diye<br \/>\nkonu\u015ftu.<\/p>\n","protected":false},"excerpt":{"rendered":"<p>Akdeniz Belediyesi; \u00f6\u011frencilerin girecekleri s\u0131navlara daha iyi haz\u0131rlanabilmelerine destek vermek, kendilerini daha iyi geli\u015ftirmelerini ve ba\u015far\u0131lar\u0131n\u0131 artt\u0131rmak amac\u0131yla Mersin\u2019de bir ilke daha imza at\u0131yor. Akdeniz Belediyesi K\u00fclt\u00fcr ve Sosyal \u0130\u015fler &hellip; <a href=\"https:\/\/akdenizolaygazetesi.com\/?p=10515\" class=\"more-link\">Devam\u0131n\u0131 Oku&#8230;<\/a><\/p>\n","protected":false},"author":2,"featured_media":10517,"comment_status":"open","ping_status":"open","sticky":false,"template":"","format":"standard","meta":[],"categories":[34,1,2,3,5],"tags":[],"_links":{"self":[{"href":"https:\/\/akdenizolaygazetesi.com\/index.php?rest_route=\/wp\/v2\/posts\/10515"}],"collection":[{"href":"https:\/\/akdenizolaygazetesi.com\/index.php?rest_route=\/wp\/v2\/posts"}],"about":[{"href":"https:\/\/akdenizolaygazetesi.com\/index.php?rest_route=\/wp\/v2\/types\/post"}],"author":[{"embeddable":true,"href":"https:\/\/akdenizolaygazetesi.com\/index.php?rest_route=\/wp\/v2\/users\/2"}],"replies":[{"embeddable":true,"href":"https:\/\/akdenizolaygazetesi.com\/index.php?rest_route=%2Fwp%2Fv2%2Fcomments&post=10515"}],"version-history":[{"count":1,"href":"https:\/\/akdenizolaygazetesi.com\/index.php?rest_route=\/wp\/v2\/posts\/10515\/revisions"}],"predecessor-version":[{"id":10518,"href":"https:\/\/akdenizolaygazetesi.com\/index.php?rest_route=\/wp\/v2\/posts\/10515\/revisions\/10518"}],"wp:featuredmedia":[{"embeddable":true,"href":"https:\/\/akdenizolaygazetesi.com\/index.php?rest_route=\/wp\/v2\/media\/10517"}],"wp:attachment":[{"href":"https:\/\/akdenizolaygazetesi.com\/index.php?rest_route=%2Fwp%2Fv2%2Fmedia&parent=10515"}],"wp:term":[{"taxonomy":"category","embeddable":true,"href":"https:\/\/akdenizolaygazetesi.com\/index.php?rest_route=%2Fwp%2Fv2%2Fcategories&post=10515"},{"taxonomy":"post_tag","embeddable":true,"href":"https:\/\/akdenizolaygazetesi.com\/index.php?rest_route=%2Fwp%2Fv2%2Ftags&post=10515"}],"curies":[{"name":"wp","href":"https:\/\/api.w.org\/{rel}","templated":true}]}}