{"id":10519,"date":"2021-02-05T13:49:59","date_gmt":"2021-02-05T10:49:59","guid":{"rendered":"http:\/\/akdenizolaygazetesi.com\/?p=10519"},"modified":"2021-02-05T13:49:59","modified_gmt":"2021-02-05T10:49:59","slug":"akdeniz-belediyesinde-ortalama-isci-ucreti-3-bin-575-tl","status":"publish","type":"post","link":"https:\/\/akdenizolaygazetesi.com\/?p=10519","title":{"rendered":"AKDEN\u0130Z BELED\u0130YES\u0130&#8217;NDE ORTALAMA \u0130\u015e\u00c7\u0130 \u00dcCRET\u0130 3 B\u0130N 575 TL"},"content":{"rendered":"<p>Akdeniz Belediye&#8217;sinin imzalad\u0131\u011f\u0131 toplu i\u015f s\u00f6zle\u015fmesi ile belediye b\u00fcnyesinde \u00e7al\u0131\u015fan i\u015f\u00e7ilerin ortalama \u00fccreti 3 bin 575 TL oldu. Ba\u015fkan G\u00fcltak konuyla ilgili yapt\u0131\u011f\u0131 a\u00e7\u0131klamada, &#8220;Emek\u00e7i karde\u015flerimize hay\u0131rl\u0131 u\u011furlu olsun&#8221; dedi. <\/p>\n<p>Akdeniz Belediye Meclisi, \u015eubat ay\u0131 ikinci birle\u015fim birinci oturumunu, M. Mustafa G\u00fcltak Ba\u015fkanl\u0131\u011f\u0131\u2019nda ger\u00e7ekle\u015ftirdi. Yoklama ile ba\u015flayan toplant\u0131, Sayg\u0131 Duru\u015fu ve \u0130stiklal Mar\u015f\u0131 ile devam etti. Bir \u00f6nceki birle\u015fim tutanak \u00f6zetinin kabul edilmesinden sonra, komisyonlardan gelen raporlar okundu. <\/p>\n<p>Akdeniz\u2019de Umuda Yolculuk Projesi<\/p>\n<p>G\u00fcndemin ilk maddesi olan sosyo-ekonomik durum a\u00e7\u0131s\u0131ndan dezavantajl\u0131 olan onkoloji hasta ve yak\u0131nlar\u0131na y\u00f6nelik; sosyal yard\u0131m ve hizmet, psiko-onkolojik destek, manevi rehberlik ve sosyo-e\u011fitsel faaliyet hizmetlerini i\u00e7eren Akdeniz\u2019de Umuda Yolculuk Projesi kapsam\u0131nda, Mersin \u0130l Sa\u011fl\u0131k M\u00fcd\u00fcrl\u00fc\u011f\u00fc ile protokol imzalama konusunda Ba\u015fkan Mustafa G\u00fcltak\u2019a yetki verilmesi oybirli\u011fiyle kabul edildi.<\/p>\n<p>Karaduvar Bal\u0131k\u00e7\u0131 Bar\u0131na\u011f\u0131<\/p>\n<p>Ula\u015ft\u0131rma ve Altyap\u0131 Bakanl\u0131\u011f\u0131 V. B\u00f6lge M\u00fcd\u00fcrl\u00fc\u011f\u00fcnce haz\u0131rlanan \u201cKaraduvar Bal\u0131k\u00e7\u0131 Bar\u0131na\u011f\u0131 1\/5000 \u00f6l\u00e7ekli Naz\u0131m \u0130mar Plan\u0131 De\u011fi\u015fikli\u011fi ve 1\/1000 \u00f6l\u00e7ekli Uygulama \u0130mar Plan\u0131 De\u011fi\u015fikli\u011fi\u201dne esas kurum g\u00f6r\u00fc\u015f\u00fcn\u00fcn haz\u0131rlanmas\u0131n\u0131 i\u00e7eren \u0130mar, \u00c7evre, Plan ve B\u00fct\u00e7e ile G\u0131da, Tar\u0131m ve Hayvanc\u0131l\u0131k Komisyon Raporlar\u0131n\u0131n g\u00f6r\u00fc\u015f\u00fclmesi oybirli\u011fi ile kabul edildi.<br \/>\nMecliste 08\/01\/2021 tarihli ve 9 say\u0131l\u0131 meclis karar\u0131 ile ihdas edilen, Sosyal Yard\u0131m \u0130\u015fleri M\u00fcd\u00fcrl\u00fc\u011f\u00fcn\u00fcn faaliyetlerini y\u00fcr\u00fctebilmesi maksad\u0131yla haz\u0131rlanan G\u00f6rev ve \u00c7al\u0131\u015fma Y\u00f6netmeli\u011fi\u2019ni i\u00e7eren Plan ve B\u00fct\u00e7e, Kad\u0131n-Erkek E\u015fitli\u011fi ile Ekonomi ve Kalk\u0131nma Komisyon Raporlar\u0131n\u0131n g\u00f6r\u00fc\u015f\u00fclmesi de oybirli\u011fi ile kabul edildi. <\/p>\n<p>&#8220;Emek\u00e7i karde\u015flerimize hay\u0131rl\u0131 u\u011furlu olsun&#8221;<\/p>\n<p>Oylanan maddelerin ard\u0131ndan konu\u015fan Ba\u015fkan G\u00fcltak; Akdeniz Belediyesi\u2019nde en d\u00fc\u015f\u00fck i\u015f\u00e7i maa\u015f\u0131n\u0131n 3 bin 380 TL\u2019ye y\u00fckseltildi\u011fini duyurdu. Buna g\u00f6re t\u00fcm i\u015f\u00e7ilerin ortalama alaca\u011f\u0131 maa\u015f 3 bin 575 TL olurken, yevmiyeler de 123 liraya y\u00fckseltildi. Ge\u00e7en y\u0131l\u0131n Haziran ay\u0131 maa\u015f\u0131 ile bu y\u0131l\u0131n Ocak ay\u0131 maa\u015f\u0131 aras\u0131nda y\u00fczde 41\u2019lik art\u0131\u015f oldu\u011funu dile getiren Ba\u015fkan G\u00fcltak; &#8220;Emek\u00e7i karde\u015flerimizin eme\u011fini unutmamam\u0131z gerekiyordu. Onlar bundan \u00e7ok daha iyilerine lay\u0131klar. Hay\u0131rl\u0131 u\u011furlu olsun&#8221; diye konu\u015ftu. Akdeniz Belediye Meclisi&#8217;nin bir sonraki toplant\u0131s\u0131, 1 Mart 2021 Pazartesi g\u00fcn\u00fc saat 10:00&#8217;da konferans salonunda yap\u0131lacak<\/p>\n","protected":false},"excerpt":{"rendered":"<p>Akdeniz Belediye&#8217;sinin imzalad\u0131\u011f\u0131 toplu i\u015f s\u00f6zle\u015fmesi ile belediye b\u00fcnyesinde \u00e7al\u0131\u015fan i\u015f\u00e7ilerin ortalama \u00fccreti 3 bin 575 TL oldu. Ba\u015fkan G\u00fcltak konuyla ilgili yapt\u0131\u011f\u0131 a\u00e7\u0131klamada, &#8220;Emek\u00e7i karde\u015flerimize hay\u0131rl\u0131 u\u011furlu olsun&#8221; dedi. &hellip; <a href=\"https:\/\/akdenizolaygazetesi.com\/?p=10519\" class=\"more-link\">Devam\u0131n\u0131 Oku&#8230;<\/a><\/p>\n","protected":false},"author":2,"featured_media":10523,"comment_status":"open","ping_status":"open","sticky":false,"template":"","format":"standard","meta":[],"categories":[8,34,1,2,3,5,6],"tags":[],"_links":{"self":[{"href":"https:\/\/akdenizolaygazetesi.com\/index.php?rest_route=\/wp\/v2\/posts\/10519"}],"collection":[{"href":"https:\/\/akdenizolaygazetesi.com\/index.php?rest_route=\/wp\/v2\/posts"}],"about":[{"href":"https:\/\/akdenizolaygazetesi.com\/index.php?rest_route=\/wp\/v2\/types\/post"}],"author":[{"embeddable":true,"href":"https:\/\/akdenizolaygazetesi.com\/index.php?rest_route=\/wp\/v2\/users\/2"}],"replies":[{"embeddable":true,"href":"https:\/\/akdenizolaygazetesi.com\/index.php?rest_route=%2Fwp%2Fv2%2Fcomments&post=10519"}],"version-history":[{"count":1,"href":"https:\/\/akdenizolaygazetesi.com\/index.php?rest_route=\/wp\/v2\/posts\/10519\/revisions"}],"predecessor-version":[{"id":10524,"href":"https:\/\/akdenizolaygazetesi.com\/index.php?rest_route=\/wp\/v2\/posts\/10519\/revisions\/10524"}],"wp:featuredmedia":[{"embeddable":true,"href":"https:\/\/akdenizolaygazetesi.com\/index.php?rest_route=\/wp\/v2\/media\/10523"}],"wp:attachment":[{"href":"https:\/\/akdenizolaygazetesi.com\/index.php?rest_route=%2Fwp%2Fv2%2Fmedia&parent=10519"}],"wp:term":[{"taxonomy":"category","embeddable":true,"href":"https:\/\/akdenizolaygazetesi.com\/index.php?rest_route=%2Fwp%2Fv2%2Fcategories&post=10519"},{"taxonomy":"post_tag","embeddable":true,"href":"https:\/\/akdenizolaygazetesi.com\/index.php?rest_route=%2Fwp%2Fv2%2Ftags&post=10519"}],"curies":[{"name":"wp","href":"https:\/\/api.w.org\/{rel}","templated":true}]}}